{"id":566908,"date":"2022-12-10T16:41:31","date_gmt":"2022-12-10T15:41:31","guid":{"rendered":"https:\/\/www.hashtag.al\/?p=566908"},"modified":"2022-12-10T16:41:31","modified_gmt":"2022-12-10T15:41:31","slug":"punonjesit-e-shendetesise-nga-disa-vende-evropiane-proteste-ne-bruksel","status":"publish","type":"post","link":"https:\/\/www.hashtag.al\/index.php\/2022\/12\/10\/punonjesit-e-shendetesise-nga-disa-vende-evropiane-proteste-ne-bruksel\/","title":{"rendered":"Punonj\u00ebsit e sh\u00ebndet\u00ebsis\u00eb nga disa vende evropiane protest\u00eb n\u00eb Bruksel","gt_translate_keys":[{"key":"rendered","format":"text"}]},"content":{"rendered":"<p><span style=\"color: #000000;\"><img loading=\"lazy\" decoding=\"async\" class=\"aligncenter size-full wp-image-566909\" src=\"https:\/\/www.hashtag.al\/wp-content\/uploads\/2022\/12\/proteste.jpg\" alt=\"\" width=\"864\" height=\"486\" srcset=\"https:\/\/www.hashtag.al\/wp-content\/uploads\/2022\/12\/proteste.jpg 864w, https:\/\/www.hashtag.al\/wp-content\/uploads\/2022\/12\/proteste-300x169.jpg 300w, https:\/\/www.hashtag.al\/wp-content\/uploads\/2022\/12\/proteste-768x432.jpg 768w\" sizes=\"auto, (max-width: 864px) 100vw, 864px\" \/><\/span><\/p>\n<p><span style=\"color: #000000;\">Punonj\u00ebsit sh\u00ebndet\u00ebsor\u00eb nga Spanja, Franca, Rumania, Holanda e Gjermania jan\u00eb mbledhur n\u00eb nj\u00eb demonstrat\u00eb duke k\u00ebrkuar p\u00ebrmir\u00ebsimin e kushteve t\u00eb pun\u00ebs. <\/span><\/p>\n<p><span style=\"color: #000000;\">Ata u mblodh\u00ebn n\u00eb kryeqytetin belg Bruksel, q\u00eb sh\u00ebrben nj\u00ebkoh\u00ebsisht si qend\u00ebr e institucioneve t\u00eb BE-s\u00eb. <\/span><\/p>\n<p><span style=\"color: #000000;\">Marshimi, i organizuar nga Federata Evropiane e Sindikatave t\u00eb Sh\u00ebrbimit Publik (EPSU), u nis nga stacioni i metros\u00eb Madou deri n\u00eb rrethrrotullimin Schuman gjat\u00eb takimit t\u00eb ministrave t\u00eb Sh\u00ebndet\u00ebsis\u00eb t\u00eb BE-s\u00eb.<\/span><\/p>\n<p><span style=\"color: #000000;\">P\u00ebrfaq\u00ebsuesit e sindikatave nga Spanja, Franca, Rumania, Gjermania dhe Holanda u mblodh\u00ebn p\u00ebr t\u00eb k\u00ebrkuar kushte m\u00eb t\u00eb mira pune.<\/span><\/p>\n<p><span style=\"color: #000000;\">Ata protestuan kund\u00ebr pagave t\u00eb ul\u00ebta, munges\u00ebs s\u00eb fondeve e kushteve t\u00eb pasigurta t\u00eb pun\u00ebs.<\/span><\/p>\n<p><span style=\"color: #000000;\"><em>&#8220;Ne po k\u00ebrkojm\u00eb q\u00eb ministrat e Sh\u00ebndet\u00ebsis\u00eb t\u00eb vendosin shqet\u00ebsimet tona n\u00eb axhend\u00ebn e tyre.. Ata nuk duket se e kuptojn\u00eb nevoj\u00ebn urgjente p\u00ebr t\u00eb trajtuar munges\u00ebn e stafit n\u00eb t\u00eb gjith\u00eb Evrop\u00ebn dhe rrezikun q\u00eb sistemet e kujdesit sh\u00ebndet\u00ebsor jan\u00eb n\u00eb prag t\u00eb kolapsit.&#8221;<\/em> &#8211; tha EPSU n\u00eb nje deklarate.<\/span><\/p>\n","protected":false,"gt_translate_keys":[{"key":"rendered","format":"html"}]},"excerpt":{"rendered":"<p>Punonj\u00ebsit sh\u00ebndet\u00ebsor\u00eb nga Spanja, Franca, Rumania, Holanda e Gjermania jan\u00eb mbledhur n\u00eb nj\u00eb demonstrat\u00eb duke k\u00ebrkuar p\u00ebrmir\u00ebsimin e kushteve t\u00eb pun\u00ebs. Ata u mblodh\u00ebn n\u00eb kryeqytetin belg Bruksel, q\u00eb sh\u00ebrben nj\u00ebkoh\u00ebsisht si qend\u00ebr e institucioneve t\u00eb BE-s\u00eb. Marshimi, i organizuar nga Federata Evropiane e Sindikatave t\u00eb Sh\u00ebrbimit Publik (EPSU), u nis nga stacioni i metros\u00eb [&hellip;]<\/p>\n","protected":false,"gt_translate_keys":[{"key":"rendered","format":"html"}]},"author":51,"featured_media":566909,"comment_status":"closed","ping_status":"closed","sticky":false,"template":"","format":"standard","meta":{"footnotes":""},"categories":[53],"tags":[],"class_list":["post-566908","post","type-post","status-publish","format-standard","has-post-thumbnail","hentry","category-fast-foodi"],"gt_translate_keys":[{"key":"link","format":"url"}],"_links":{"self":[{"href":"https:\/\/www.hashtag.al\/index.php\/wp-json\/wp\/v2\/posts\/566908","targetHints":{"allow":["GET"]}}],"collection":[{"href":"https:\/\/www.hashtag.al\/index.php\/wp-json\/wp\/v2\/posts"}],"about":[{"href":"https:\/\/www.hashtag.al\/index.php\/wp-json\/wp\/v2\/types\/post"}],"author":[{"embeddable":true,"href":"https:\/\/www.hashtag.al\/index.php\/wp-json\/wp\/v2\/users\/51"}],"replies":[{"embeddable":true,"href":"https:\/\/www.hashtag.al\/index.php\/wp-json\/wp\/v2\/comments?post=566908"}],"version-history":[{"count":0,"href":"https:\/\/www.hashtag.al\/index.php\/wp-json\/wp\/v2\/posts\/566908\/revisions"}],"wp:featuredmedia":[{"embeddable":true,"href":"https:\/\/www.hashtag.al\/index.php\/wp-json\/wp\/v2\/media\/566909"}],"wp:attachment":[{"href":"https:\/\/www.hashtag.al\/index.php\/wp-json\/wp\/v2\/media?parent=566908"}],"wp:term":[{"taxonomy":"category","embeddable":true,"href":"https:\/\/www.hashtag.al\/index.php\/wp-json\/wp\/v2\/categories?post=566908"},{"taxonomy":"post_tag","embeddable":true,"href":"https:\/\/www.hashtag.al\/index.php\/wp-json\/wp\/v2\/tags?post=566908"}],"curies":[{"name":"wp","href":"https:\/\/api.w.org\/{rel}","templated":true}]}}