{"id":566906,"date":"2022-12-10T16:36:11","date_gmt":"2022-12-10T15:36:11","guid":{"rendered":"https:\/\/www.hashtag.al\/?p=566906"},"modified":"2022-12-10T16:36:11","modified_gmt":"2022-12-10T15:36:11","slug":"osmani-njofton-shtyrjen-e-zgjedhjeve-ne-veri-do-mbahen-ne-prill-2023","status":"publish","type":"post","link":"https:\/\/www.hashtag.al\/index.php\/2022\/12\/10\/osmani-njofton-shtyrjen-e-zgjedhjeve-ne-veri-do-mbahen-ne-prill-2023\/","title":{"rendered":"Osmani njofton shtyrjen e zgjedhjeve n\u00eb veri: Do mbahen n\u00eb prill 2023","gt_translate_keys":[{"key":"rendered","format":"text"}]},"content":{"rendered":"<p><span style=\"color: #000000;\"><img loading=\"lazy\" decoding=\"async\" class=\"aligncenter size-full wp-image-526977\" src=\"https:\/\/www.hashtag.al\/wp-content\/uploads\/2022\/05\/Vjosa-Osmani-600x360-1.jpg\" alt=\"\" width=\"600\" height=\"360\" srcset=\"https:\/\/www.hashtag.al\/wp-content\/uploads\/2022\/05\/Vjosa-Osmani-600x360-1.jpg 600w, https:\/\/www.hashtag.al\/wp-content\/uploads\/2022\/05\/Vjosa-Osmani-600x360-1-300x180.jpg 300w\" sizes=\"auto, (max-width: 600px) 100vw, 600px\" \/><\/span><\/p>\n<p><span style=\"color: #000000;\">Kosova ka vendosur shtyrjen e zgjedhjeve n\u00eb veri t\u00eb vendit.<\/span><\/p>\n<p><span style=\"color: #000000;\"> Presidentja e vendit Vjosa Osmani theksoi se zgjedhjet do mbahen n\u00eb muajin prill 2023 nd\u00ebrsa shtoi se data e sakt\u00eb do b\u00ebhet publike nes\u00ebr.<\/span><\/p>\n<p><span style=\"color: #000000;\"><em>\u201cDiskutuam rreth dat\u00ebs m\u00eb t\u00eb p\u00ebrshtatshme dhe koh\u00ebs s\u00eb p\u00ebrshtatshme dhe n\u00eb fund me konsensus t\u00eb plot\u00eb, pas propozimit tim erdh\u00ebm n\u00eb konkluzion q\u00eb t\u00eb shtyhen p\u00ebr muajin prill t\u00eb vitit 2023, kurse data e sakt\u00eb e muajit prill, sonte ose m\u00eb largu nes\u00ebr n\u00eb m\u00ebngjes do t\u2019i tregohet publikut.\u201d<\/em> &#8211; tha Osmani.<\/span><\/p>\n<p><span style=\"color: #000000;\">Shtyrja e zgjedhjeve vjen pas k\u00ebrkes\u00ebs s\u00eb b\u00ebr\u00eb nga nj\u00eb zyrtar i lart\u00eb amerikan, i cili deklaroi dje se duke pasur parasysh tensionet n\u00eb veri t\u00eb vendit, zgjedhjet duhen shtyr\u00eb. Dit\u00ebn e sotme serb\u00ebt e Kosov\u00ebs jan\u00eb mbledhur n\u00eb Rudar e Leposavi\u00e7 duke bllokuar rrug\u00ebt. Ata protestojn\u00eb kund\u00ebr arrestimit t\u00eb ish-policit t\u00eb Kosov\u00ebs, Dejan Panti\u00e7, i cili dyshohet se ka lidhje me shp\u00ebrthime n\u00eb veri t\u00eb Kosov\u00ebs para dy dit\u00ebsh.<\/span><\/p>\n","protected":false,"gt_translate_keys":[{"key":"rendered","format":"html"}]},"excerpt":{"rendered":"<p>Kosova ka vendosur shtyrjen e zgjedhjeve n\u00eb veri t\u00eb vendit. Presidentja e vendit Vjosa Osmani theksoi se zgjedhjet do mbahen n\u00eb muajin prill 2023 nd\u00ebrsa shtoi se data e sakt\u00eb do b\u00ebhet publike nes\u00ebr. \u201cDiskutuam rreth dat\u00ebs m\u00eb t\u00eb p\u00ebrshtatshme dhe koh\u00ebs s\u00eb p\u00ebrshtatshme dhe n\u00eb fund me konsensus t\u00eb plot\u00eb, pas propozimit tim erdh\u00ebm [&hellip;]<\/p>\n","protected":false,"gt_translate_keys":[{"key":"rendered","format":"html"}]},"author":51,"featured_media":526977,"comment_status":"closed","ping_status":"closed","sticky":false,"template":"","format":"standard","meta":{"footnotes":""},"categories":[149],"tags":[],"class_list":["post-566906","post","type-post","status-publish","format-standard","has-post-thumbnail","hentry","category-kosoverajon"],"gt_translate_keys":[{"key":"link","format":"url"}],"_links":{"self":[{"href":"https:\/\/www.hashtag.al\/index.php\/wp-json\/wp\/v2\/posts\/566906","targetHints":{"allow":["GET"]}}],"collection":[{"href":"https:\/\/www.hashtag.al\/index.php\/wp-json\/wp\/v2\/posts"}],"about":[{"href":"https:\/\/www.hashtag.al\/index.php\/wp-json\/wp\/v2\/types\/post"}],"author":[{"embeddable":true,"href":"https:\/\/www.hashtag.al\/index.php\/wp-json\/wp\/v2\/users\/51"}],"replies":[{"embeddable":true,"href":"https:\/\/www.hashtag.al\/index.php\/wp-json\/wp\/v2\/comments?post=566906"}],"version-history":[{"count":0,"href":"https:\/\/www.hashtag.al\/index.php\/wp-json\/wp\/v2\/posts\/566906\/revisions"}],"wp:featuredmedia":[{"embeddable":true,"href":"https:\/\/www.hashtag.al\/index.php\/wp-json\/wp\/v2\/media\/526977"}],"wp:attachment":[{"href":"https:\/\/www.hashtag.al\/index.php\/wp-json\/wp\/v2\/media?parent=566906"}],"wp:term":[{"taxonomy":"category","embeddable":true,"href":"https:\/\/www.hashtag.al\/index.php\/wp-json\/wp\/v2\/categories?post=566906"},{"taxonomy":"post_tag","embeddable":true,"href":"https:\/\/www.hashtag.al\/index.php\/wp-json\/wp\/v2\/tags?post=566906"}],"curies":[{"name":"wp","href":"https:\/\/api.w.org\/{rel}","templated":true}]}}