{"id":566845,"date":"2022-12-10T12:32:11","date_gmt":"2022-12-10T11:32:11","guid":{"rendered":"https:\/\/www.hashtag.al\/?p=566845"},"modified":"2022-12-10T12:36:20","modified_gmt":"2022-12-10T11:36:20","slug":"aktivistit-rus-i-kerkohet-nga-vendi-i-tij-te-refuzoje-cmimin-nobel-per-paqe","status":"publish","type":"post","link":"https:\/\/www.hashtag.al\/index.php\/2022\/12\/10\/aktivistit-rus-i-kerkohet-nga-vendi-i-tij-te-refuzoje-cmimin-nobel-per-paqe\/","title":{"rendered":"Aktivistit rus i k\u00ebrkohet nga vendi i tij t\u00eb refuzoj\u00eb \u00e7mimin \u201cNobel p\u00ebr Paqe\u201d","gt_translate_keys":[{"key":"rendered","format":"text"}]},"content":{"rendered":"<p><span style=\"color: #000000;\"><a href=\"https:\/\/www.hashtag.al\/wp-content\/uploads\/2022\/12\/Yan-Rachinsky.png\"><img loading=\"lazy\" decoding=\"async\" class=\"aligncenter size-full wp-image-566846\" src=\"https:\/\/www.hashtag.al\/wp-content\/uploads\/2022\/12\/Yan-Rachinsky.png\" alt=\"\" width=\"2480\" height=\"1650\" srcset=\"https:\/\/www.hashtag.al\/wp-content\/uploads\/2022\/12\/Yan-Rachinsky.png 2480w, https:\/\/www.hashtag.al\/wp-content\/uploads\/2022\/12\/Yan-Rachinsky-300x200.png 300w, https:\/\/www.hashtag.al\/wp-content\/uploads\/2022\/12\/Yan-Rachinsky-1024x681.png 1024w, https:\/\/www.hashtag.al\/wp-content\/uploads\/2022\/12\/Yan-Rachinsky-768x511.png 768w, https:\/\/www.hashtag.al\/wp-content\/uploads\/2022\/12\/Yan-Rachinsky-1536x1022.png 1536w, https:\/\/www.hashtag.al\/wp-content\/uploads\/2022\/12\/Yan-Rachinsky-2048x1363.png 2048w\" sizes=\"auto, (max-width: 2480px) 100vw, 2480px\" \/><\/a><\/span><\/p>\n<p><span style=\"color: #000000;\">Aktivist rus i t\u00eb drejtave t\u00eb njeriut Yan Rachinsky ka th\u00ebn\u00eb p\u00ebr <span style=\"color: #0000ff;\"><a style=\"color: #0000ff;\" href=\"https:\/\/www.bbc.com\/news\/av\/world-europe-63927607\">BBC <\/a><\/span>se ai ishte urdh\u00ebruar t\u00eb refuzonte \u00e7mimin Nobel p\u00ebr Paqe nga autoritetet ruse.<\/span><\/p>\n<p><span style=\"color: #000000;\">Rachinsky \u00ebsht\u00eb nga organizata ruse Memorial, nj\u00eb nga tre fitueset e \u00e7mimit t\u00eb k\u00ebtij viti, s\u00eb bashku me organizat\u00ebn ukrainase t\u00eb t\u00eb drejtave t\u00eb njeriut Qendra p\u00ebr Lirit\u00eb Civile si dhe aktivisti Ales Bialiatski, i cili \u00ebsht\u00eb n\u00eb burg n\u00eb Bjellorusi.<\/span><\/p>\n<p><span style=\"color: #000000;\">Si\u00e7 shkruan <span style=\"color: #0000ff;\"><a style=\"color: #0000ff;\" href=\"https:\/\/www.bbc.com\/news\/av\/world-europe-63927607\">BBC<\/a><\/span>, Rachinsky zgjodhi t\u00eb pranoj\u00eb \u00e7mimin dhe n\u00eb nj\u00eb intervist\u00eb u shpreh p\u00ebr k\u00ebt\u00eb: <em>\u201dNe u k\u00ebshilluam nga autoritetet tona t\u00eb refuzojm\u00eb \u00e7mimin sepse ata i konsiderojn\u00eb t\u00eb pap\u00ebrshtatsh\u00ebm bashk\u00eb-laureat\u00ebt. Natyrisht ne nuk e mor\u00ebm n\u00eb konsiderat\u00eb k\u00ebt\u00eb k\u00ebshill\u00eb. Po, ka z\u00ebra t\u00eb till\u00eb dhe mund t\u2019i kuptojm\u00eb disa prej tyre. Sepse lufta q\u00eb po ndodh \u00ebsht\u00eb monstruoze dhe ka prekur gjith\u00eb popullsin\u00eb e Ukrain\u00ebs. Por mendoj se vendimi i Komitetit t\u00eb Nobelit \u00ebsht\u00eb i sakt\u00eb sepse tregon se shoq\u00ebria civile nuk ndahet nga kufijt\u00eb komb\u00ebtar\u00eb, sepse \u00ebsht\u00eb nj\u00eb trup i vet\u00ebm q\u00eb punon p\u00ebr t\u00eb zgjidhur probleme t\u00eb p\u00ebrbashk\u00ebta\u201d.<\/em><\/span><\/p>\n<p><span style=\"color: #000000;\">M\u00eb tej gjat\u00eb k\u00ebsaj interviste, ai shprehet se &#8220;<em>N\u00eb Rusin\u00eb e sotme, siguria personale e askujt nuk \u00ebsht\u00eb e garantuar&#8221;<\/em>. Kjo sipas p\u00ebr shkak t\u00eb distanc\u00ebs s\u00eb thell\u00eb mes Rusis\u00eb dhe vendeve t\u00eb civilizuara.<\/span><\/p>\n<p><span style=\"color: #000000;\">P\u00ebr m\u00eb shum\u00eb se 30 vjet, Memorial punoi p\u00ebr t\u00eb zbuluar fatet e viktimave t\u00eb represionit politik sovjetik. Ai ekspozoi gjithashtu abuzimet e t\u00eb drejtave t\u00eb njeriut n\u00eb Rusin\u00eb e sotme, p\u00ebrpara se t\u00eb detyrohej t\u00eb mbyllej.<\/span><\/p>\n<p><iframe loading=\"lazy\" src=\"https:\/\/www.bbc.com\/news\/av-embeds\/63927607\" width=\"400\" height=\"500\" frameborder=\"0\"><\/iframe><\/p>\n","protected":false,"gt_translate_keys":[{"key":"rendered","format":"html"}]},"excerpt":{"rendered":"<p>Aktivist rus i t\u00eb drejtave t\u00eb njeriut Yan Rachinsky ka th\u00ebn\u00eb p\u00ebr BBC se ai ishte urdh\u00ebruar t\u00eb refuzonte \u00e7mimin Nobel p\u00ebr Paqe nga autoritetet ruse. Rachinsky \u00ebsht\u00eb nga organizata ruse Memorial, nj\u00eb nga tre fitueset e \u00e7mimit t\u00eb k\u00ebtij viti, s\u00eb bashku me organizat\u00ebn ukrainase t\u00eb t\u00eb drejtave t\u00eb njeriut Qendra p\u00ebr Lirit\u00eb Civile [&hellip;]<\/p>\n","protected":false,"gt_translate_keys":[{"key":"rendered","format":"html"}]},"author":30,"featured_media":566846,"comment_status":"closed","ping_status":"closed","sticky":false,"template":"","format":"standard","meta":{"footnotes":""},"categories":[6,13],"tags":[],"class_list":["post-566845","post","type-post","status-publish","format-standard","has-post-thumbnail","hentry","category-nderkombetare","category-te-fundit"],"gt_translate_keys":[{"key":"link","format":"url"}],"_links":{"self":[{"href":"https:\/\/www.hashtag.al\/index.php\/wp-json\/wp\/v2\/posts\/566845","targetHints":{"allow":["GET"]}}],"collection":[{"href":"https:\/\/www.hashtag.al\/index.php\/wp-json\/wp\/v2\/posts"}],"about":[{"href":"https:\/\/www.hashtag.al\/index.php\/wp-json\/wp\/v2\/types\/post"}],"author":[{"embeddable":true,"href":"https:\/\/www.hashtag.al\/index.php\/wp-json\/wp\/v2\/users\/30"}],"replies":[{"embeddable":true,"href":"https:\/\/www.hashtag.al\/index.php\/wp-json\/wp\/v2\/comments?post=566845"}],"version-history":[{"count":0,"href":"https:\/\/www.hashtag.al\/index.php\/wp-json\/wp\/v2\/posts\/566845\/revisions"}],"wp:featuredmedia":[{"embeddable":true,"href":"https:\/\/www.hashtag.al\/index.php\/wp-json\/wp\/v2\/media\/566846"}],"wp:attachment":[{"href":"https:\/\/www.hashtag.al\/index.php\/wp-json\/wp\/v2\/media?parent=566845"}],"wp:term":[{"taxonomy":"category","embeddable":true,"href":"https:\/\/www.hashtag.al\/index.php\/wp-json\/wp\/v2\/categories?post=566845"},{"taxonomy":"post_tag","embeddable":true,"href":"https:\/\/www.hashtag.al\/index.php\/wp-json\/wp\/v2\/tags?post=566845"}],"curies":[{"name":"wp","href":"https:\/\/api.w.org\/{rel}","templated":true}]}}