{"id":566751,"date":"2022-12-09T21:17:13","date_gmt":"2022-12-09T20:17:13","guid":{"rendered":"https:\/\/www.hashtag.al\/?p=566751"},"modified":"2022-12-09T21:17:13","modified_gmt":"2022-12-09T20:17:13","slug":"emigrantet-e-paligjshem-u-mbajten-ne-kafaze-hekuri-nga-shteti-i-be-se-media","status":"publish","type":"post","link":"https:\/\/www.hashtag.al\/index.php\/2022\/12\/09\/emigrantet-e-paligjshem-u-mbajten-ne-kafaze-hekuri-nga-shteti-i-be-se-media\/","title":{"rendered":"Emigrant\u00ebt e paligjsh\u00ebm u mbajt\u00ebn n\u00eb kafaze hekuri nga shteti i BE-s\u00eb &#8211; Media","gt_translate_keys":[{"key":"rendered","format":"text"}]},"content":{"rendered":"<p><span style=\"color: #000000;\"><img loading=\"lazy\" decoding=\"async\" class=\"aligncenter size-full wp-image-566752\" src=\"https:\/\/www.hashtag.al\/wp-content\/uploads\/2022\/12\/emigrante.png\" alt=\"\" width=\"768\" height=\"384\" srcset=\"https:\/\/www.hashtag.al\/wp-content\/uploads\/2022\/12\/emigrante.png 768w, https:\/\/www.hashtag.al\/wp-content\/uploads\/2022\/12\/emigrante-300x150.png 300w\" sizes=\"auto, (max-width: 768px) 100vw, 768px\" \/><\/span><\/p>\n<p><span style=\"color: #000000;\">Rojet kufitare bullgare kan\u00eb mbajtur emigrant\u00eb t\u00eb kapur n\u00eb kufi n\u00eb struktura t\u00eb ngjashme me kafazin, raportuan t\u00eb enjten disa media evropiane.<\/span><\/p>\n<p><span style=\"color: #000000;\"> Pamjet e qarkulluara nga gazetar\u00ebt sugjerojn\u00eb se zyrtar\u00ebt e sh\u00ebrbimit kufitar t\u00eb BE-s\u00eb, i njohur gjithashtu si Frontex me baz\u00eb n\u00eb Varshav\u00eb, ishin n\u00eb dijeni t\u00eb gjendjes, por nuk nd\u00ebrhyn\u00eb.<\/span><\/p>\n<p><span style=\"color: #000000;\">Lajmi u dha nga media francize Le Monde, s\u00eb bashku me Lighthouse Reports, Monitor, Der Spiegel dhe disa media t\u00eb tjera. Gazetar\u00ebt arrit\u00ebn t\u00eb filmonin emigrant\u00ebt q\u00eb mbaheshin n\u00eb nj\u00eb kafaz t\u00eb improvizuar t\u00eb p\u00ebrb\u00ebr\u00eb nga shufra hekuri n\u00eb pes\u00eb raste midis 15 tetorit dhe 25 n\u00ebntorit.<\/span><\/p>\n<p><span style=\"color: #000000;\"> Burgu i improvizuar ndodhet n\u00eb qytetin juglindor bullgar t\u00eb Sredets, af\u00ebr kufirit t\u00eb vendit me Turqin\u00eb. n\u00eb mjediset e nj\u00eb kompleksi policor lokal. N\u00eb \u00e7do rast, rreth nj\u00eb duzin\u00eb njer\u00ebz mbaheshin n\u00eb kafaz, i cili ishte i mbushur me mbeturina t\u00eb ndryshme, tregojn\u00eb pamjet.<\/span><\/p>\n<p><span style=\"color: #000000;\">Agjent\u00ebt e Frontex duket se kan\u00eb ditur p\u00ebr kushtet e emigrant\u00ebve, pasi nj\u00eb makin\u00eb me shenjat e agjencis\u00eb u pa n\u00eb vendngjarje. Sipas nj\u00eb dokumenti t\u00eb brendsh\u00ebm t\u00eb Frontex t\u00eb siguruar nga gazetar\u00ebt, dhjet\u00eb nga agjent\u00ebt e tij jan\u00eb vendosur p\u00ebrgjithmon\u00eb n\u00eb Sredets q\u00eb nga fundi i marsit 2022.<\/span><\/p>\n<p><span style=\"color: #000000;\"> Le Monde tha se kontaktoi agjencin\u00eb, e cila k\u00ebmb\u00ebnguli se veprimtaria e e saj ishte e kufizuara n\u00eb operacionet e mbikqyrjes kufitare dhe nuk dha holl\u00ebsi p\u00ebr pranin\u00eb e saj n\u00eb Sredets.<\/span><\/p>\n<p><span style=\"color: #000000;\">Gazetar\u00ebt gjithashtu arrit\u00ebn t\u00eb intervistonin kat\u00ebr shtetas sirian\u00eb dhe afgan\u00eb n\u00eb Turqi ve\u00e7 e ve\u00e7, me t\u00eb gjith\u00eb ata q\u00eb pretendonin se ishin ndaluar p\u00ebr or\u00eb t\u00eb t\u00ebra dhe u ishin n\u00ebnshtruar abuzimeve t\u00eb ndryshme.<\/span><\/p>\n<p><span style=\"color: #000000;\"><img loading=\"lazy\" decoding=\"async\" class=\"aligncenter size-full wp-image-566753\" src=\"https:\/\/www.hashtag.al\/wp-content\/uploads\/2022\/12\/ezgif.com-gif-maker-11.jpg\" alt=\"\" width=\"819\" height=\"460\" srcset=\"https:\/\/www.hashtag.al\/wp-content\/uploads\/2022\/12\/ezgif.com-gif-maker-11.jpg 819w, https:\/\/www.hashtag.al\/wp-content\/uploads\/2022\/12\/ezgif.com-gif-maker-11-300x168.jpg 300w, https:\/\/www.hashtag.al\/wp-content\/uploads\/2022\/12\/ezgif.com-gif-maker-11-768x431.jpg 768w\" sizes=\"auto, (max-width: 819px) 100vw, 819px\" \/><\/span><\/p>\n<p><span style=\"color: #000000;\">Frontex tashm\u00eb i ka pranuar akuzat dhe ka premtuar se do t&#8217;i hetoj\u00eb ato.<\/span><\/p>\n<p><span style=\"color: #000000;\"><em>\u201cFrontex trajton seriozisht \u00e7do raport mbi shkeljet e pretenduara t\u00eb t\u00eb drejtave themelore.\u201d<\/em> &#8211; tha agjencia p\u00ebr AFP.<\/span><\/p>\n<p><span style=\"color: #000000;\"><em>\u201cInformacioni q\u00eb keni ndar\u00eb me ne i \u00ebsht\u00eb p\u00ebrcjell\u00eb Zyr\u00ebs p\u00ebr t\u00eb Drejtat Themelore t\u00eb Frontex, e cila do t\u00eb shqyrtoj\u00eb akuzat.\u201d<\/em><\/span><\/p>\n<p><span style=\"color: #000000;\">Agjencia e OKB-s\u00eb p\u00ebr refugjat\u00ebt UNHCR i tha AFP-s\u00eb se nuk ishte n\u00eb dijeni t\u00eb raportit t\u00eb medias, por ishte ende \u2018thell\u00ebsisht e shqet\u00ebsuar p\u00ebr k\u00ebto pretendime\u2019, duke u b\u00ebr\u00eb thirrje \u2018shteteve t\u00eb interesuara t\u00eb hetojn\u00eb t\u00eb gjitha pretendimet p\u00ebr shkelje dhe abuzim\u2019.<\/span><\/p>\n<p><span style=\"color: #000000;\"><em>\u201cUNHCR \u00ebsht\u00eb e gatshme t\u00eb ofroj\u00eb mb\u00ebshtetje p\u00ebr shtetet dhe Komisionin Evropian n\u00eb krijimin e mekanizmave t\u00eb pavarur mbik\u00ebqyr\u00ebs p\u00ebr hetimin e incidenteve t\u00eb tilla.\u201d<\/em> &#8211; shtoi mbik\u00ebqyr\u00ebsi i OKB-s\u00eb.<\/span><\/p>\n<p><span style=\"color: #000000;\">Frontex ka raportuar nj\u00eb rritje t\u00eb hyrjeve t\u00eb parregullta n\u00eb BE k\u00ebt\u00eb vit, duke regjistruar rreth 281,000 ardhje q\u00eb nga tetori. Shifra p\u00ebrfaq\u00ebsonte nj\u00eb rritje prej 77% krahasuar me t\u00eb nj\u00ebjt\u00ebn periudh\u00eb t\u00eb vitit t\u00eb kaluar. <\/span><\/p>\n<p><span style=\"color: #000000;\">Gati gjysma e emigrant\u00ebve t\u00eb paligjsh\u00ebm hyn\u00eb n\u00eb BE p\u00ebrmes t\u00eb ashtuquajtur\u00ebs rrug\u00eb t\u00eb Ballkanit Per\u00ebndimor, me numrin e t\u00eb ardhurve tani n\u00eb nivelin m\u00eb t\u00eb lart\u00eb q\u00eb nga kriza e refugjat\u00ebve t\u00eb vitit 2015.<\/span><\/p>\n","protected":false,"gt_translate_keys":[{"key":"rendered","format":"html"}]},"excerpt":{"rendered":"<p>Rojet kufitare bullgare kan\u00eb mbajtur emigrant\u00eb t\u00eb kapur n\u00eb kufi n\u00eb struktura t\u00eb ngjashme me kafazin, raportuan t\u00eb enjten disa media evropiane. Pamjet e qarkulluara nga gazetar\u00ebt sugjerojn\u00eb se zyrtar\u00ebt e sh\u00ebrbimit kufitar t\u00eb BE-s\u00eb, i njohur gjithashtu si Frontex me baz\u00eb n\u00eb Varshav\u00eb, ishin n\u00eb dijeni t\u00eb gjendjes, por nuk nd\u00ebrhyn\u00eb. Lajmi u dha [&hellip;]<\/p>\n","protected":false,"gt_translate_keys":[{"key":"rendered","format":"html"}]},"author":51,"featured_media":566752,"comment_status":"closed","ping_status":"closed","sticky":false,"template":"","format":"standard","meta":{"footnotes":""},"categories":[53],"tags":[],"class_list":["post-566751","post","type-post","status-publish","format-standard","has-post-thumbnail","hentry","category-fast-foodi"],"gt_translate_keys":[{"key":"link","format":"url"}],"_links":{"self":[{"href":"https:\/\/www.hashtag.al\/index.php\/wp-json\/wp\/v2\/posts\/566751","targetHints":{"allow":["GET"]}}],"collection":[{"href":"https:\/\/www.hashtag.al\/index.php\/wp-json\/wp\/v2\/posts"}],"about":[{"href":"https:\/\/www.hashtag.al\/index.php\/wp-json\/wp\/v2\/types\/post"}],"author":[{"embeddable":true,"href":"https:\/\/www.hashtag.al\/index.php\/wp-json\/wp\/v2\/users\/51"}],"replies":[{"embeddable":true,"href":"https:\/\/www.hashtag.al\/index.php\/wp-json\/wp\/v2\/comments?post=566751"}],"version-history":[{"count":0,"href":"https:\/\/www.hashtag.al\/index.php\/wp-json\/wp\/v2\/posts\/566751\/revisions"}],"wp:featuredmedia":[{"embeddable":true,"href":"https:\/\/www.hashtag.al\/index.php\/wp-json\/wp\/v2\/media\/566752"}],"wp:attachment":[{"href":"https:\/\/www.hashtag.al\/index.php\/wp-json\/wp\/v2\/media?parent=566751"}],"wp:term":[{"taxonomy":"category","embeddable":true,"href":"https:\/\/www.hashtag.al\/index.php\/wp-json\/wp\/v2\/categories?post=566751"},{"taxonomy":"post_tag","embeddable":true,"href":"https:\/\/www.hashtag.al\/index.php\/wp-json\/wp\/v2\/tags?post=566751"}],"curies":[{"name":"wp","href":"https:\/\/api.w.org\/{rel}","templated":true}]}}