{"id":566228,"date":"2022-12-07T14:24:20","date_gmt":"2022-12-07T13:24:20","guid":{"rendered":"https:\/\/www.hashtag.al\/?p=566228"},"modified":"2022-12-07T14:31:42","modified_gmt":"2022-12-07T13:31:42","slug":"shqiperia-lajm-kryesor-ne-mediet-nderkombetare-cfare-shkruajne-per-samitin-e-be-se-dhe-sulmin-ndaj-berishes","status":"publish","type":"post","link":"https:\/\/www.hashtag.al\/index.php\/2022\/12\/07\/shqiperia-lajm-kryesor-ne-mediet-nderkombetare-cfare-shkruajne-per-samitin-e-be-se-dhe-sulmin-ndaj-berishes\/","title":{"rendered":"Shqip\u00ebria lajm kryesor n\u00eb mediet nd\u00ebrkomb\u00ebtare, \u00e7far\u00eb shkruajn\u00eb p\u00ebr Samitin e BE-s\u00eb dhe sulmin ndaj Berish\u00ebs","gt_translate_keys":[{"key":"rendered","format":"text"}]},"content":{"rendered":"<p><span style=\"color: #000000;\"><a href=\"https:\/\/www.hashtag.al\/wp-content\/uploads\/2022\/12\/Smaiti.jpg\"><img loading=\"lazy\" decoding=\"async\" class=\"aligncenter size-full wp-image-566231\" src=\"https:\/\/www.hashtag.al\/wp-content\/uploads\/2022\/12\/Smaiti.jpg\" alt=\"\" width=\"960\" height=\"430\" srcset=\"https:\/\/www.hashtag.al\/wp-content\/uploads\/2022\/12\/Smaiti.jpg 960w, https:\/\/www.hashtag.al\/wp-content\/uploads\/2022\/12\/Smaiti-300x134.jpg 300w, https:\/\/www.hashtag.al\/wp-content\/uploads\/2022\/12\/Smaiti-768x344.jpg 768w\" sizes=\"auto, (max-width: 960px) 100vw, 960px\" \/><\/a><\/span><\/p>\n<p><span style=\"color: #000000;\">Mediet nd\u00ebrkomb\u00ebtare i kan\u00eb kushtuar v\u00ebmendje ngjarjeve t\u00eb djeshme n\u00eb Tiran\u00eb, si organizimit t\u00eb Samitit BE-Ballkani Per\u00ebndimor, si dhe sulmit ndaj ish-kryeministri Sali Berisha.<\/span><\/p>\n<p><span style=\"color: #000000;\">Madje, dy nga gazetat m\u00eb t\u00eb r\u00ebnd\u00ebsishme politike t\u00eb Gjermanis\u00eb &#8220;Frankfurter Allgemeine Zeitung&#8221; dhe &#8220;S\u00fcddeutsche Zeitung&#8221;, sot kan\u00eb dal\u00eb me ballina t\u00eb nj\u00ebjta.<\/span><\/p>\n<p><span style=\"color: #000000;\">E fjala valle i bashkon n\u00eb titujt e tyre: <em>&#8220;Duhet vall\u00ebzuar&#8221; dhe &#8220;Valle n\u00eb Tiran\u00eb&#8221;.<\/em><\/span><\/p>\n<p><span style=\"color: #000000;\"><a href=\"https:\/\/www.hashtag.al\/wp-content\/uploads\/2022\/12\/318855068_10229360244331461_7288632458729655700_n.jpg\"><img loading=\"lazy\" decoding=\"async\" class=\"aligncenter size-full wp-image-566230\" src=\"https:\/\/www.hashtag.al\/wp-content\/uploads\/2022\/12\/318855068_10229360244331461_7288632458729655700_n.jpg\" alt=\"\" width=\"2048\" height=\"1495\" srcset=\"https:\/\/www.hashtag.al\/wp-content\/uploads\/2022\/12\/318855068_10229360244331461_7288632458729655700_n.jpg 2048w, https:\/\/www.hashtag.al\/wp-content\/uploads\/2022\/12\/318855068_10229360244331461_7288632458729655700_n-300x219.jpg 300w, https:\/\/www.hashtag.al\/wp-content\/uploads\/2022\/12\/318855068_10229360244331461_7288632458729655700_n-1024x748.jpg 1024w, https:\/\/www.hashtag.al\/wp-content\/uploads\/2022\/12\/318855068_10229360244331461_7288632458729655700_n-768x561.jpg 768w, https:\/\/www.hashtag.al\/wp-content\/uploads\/2022\/12\/318855068_10229360244331461_7288632458729655700_n-1536x1121.jpg 1536w\" sizes=\"auto, (max-width: 2048px) 100vw, 2048px\" \/><\/a><a href=\"https:\/\/www.hashtag.al\/wp-content\/uploads\/2022\/12\/318841431_10229360244891475_5106605799481439722_n.jpg\"><img loading=\"lazy\" decoding=\"async\" class=\"aligncenter size-full wp-image-566229\" src=\"https:\/\/www.hashtag.al\/wp-content\/uploads\/2022\/12\/318841431_10229360244891475_5106605799481439722_n.jpg\" alt=\"\" width=\"2048\" height=\"1536\" srcset=\"https:\/\/www.hashtag.al\/wp-content\/uploads\/2022\/12\/318841431_10229360244891475_5106605799481439722_n.jpg 2048w, https:\/\/www.hashtag.al\/wp-content\/uploads\/2022\/12\/318841431_10229360244891475_5106605799481439722_n-300x225.jpg 300w, https:\/\/www.hashtag.al\/wp-content\/uploads\/2022\/12\/318841431_10229360244891475_5106605799481439722_n-1024x768.jpg 1024w, https:\/\/www.hashtag.al\/wp-content\/uploads\/2022\/12\/318841431_10229360244891475_5106605799481439722_n-768x576.jpg 768w, https:\/\/www.hashtag.al\/wp-content\/uploads\/2022\/12\/318841431_10229360244891475_5106605799481439722_n-1536x1152.jpg 1536w\" sizes=\"auto, (max-width: 2048px) 100vw, 2048px\" \/><\/a><\/span><\/p>\n<p><span style=\"color: #000000;\">Titujt kryesor\u00eb n\u00eb mediet e huaja i b\u00ebn\u00eb jehon\u00eb faktit q\u00eb blloku po tenton q\u00eb p\u00ebrmes investimeve t\u00eb krijoj\u00eb nj\u00eb mburoj\u00eb ndaj ndikimeve t\u00eb huaja n\u00eb rajon, kryesisht nga Rusia dhe Kina.<\/span><\/p>\n<p><span style=\"color: #000000;\">Agjencia e lajmeve <span style=\"color: #0000ff;\"><a style=\"color: #0000ff;\" href=\"https:\/\/www.reuters.com\/world\/europe\/eu-western-balkans-leaders-discuss-integration-migration-2022-12-06\/\">Reuters<\/a><\/span>, shkruan se presidenti serb Aleksand\u00ebr Vu\u00e7i\u00e7, \u00ebsht\u00eb kritikuar nga BE p\u00ebr raportet e tij t\u00eb af\u00ebrta me Mosk\u00ebn. Kjo pasi BE-ja k\u00ebrkon t\u00eb siguroj\u00eb Ballkanin Per\u00ebndimor mes frik\u00ebs s\u00eb ndikimit t\u00eb Rusis\u00eb.<\/span><\/p>\n<p><span style=\"color: #000000;\">\u201d<span style=\"color: #0000ff;\"><a style=\"color: #0000ff;\" href=\"https:\/\/apnews.com\/article\/europe-business-albania-tirana-serbia-f14d6d7168ab5a3f28ef2c626bbf9197\">Associated Press<\/a><\/span>\u201d nga ana tjet\u00ebr fokusohet tek p\u00ebrshpejtimi i procesit t\u00eb pranimit t\u00eb t\u00eb gjasht\u00eb vendeve t\u00eb Ballkanit Per\u00ebndimor n\u00eb BE.<\/span><\/p>\n<p><span style=\"color: #000000;\">N\u00eb artikull thuhet se Brukseli pret q\u00eb partner\u00ebt nga rajoni t\u00eb nj\u00ebsojn\u00eb plot\u00ebsisht politikat e jashtme me ato t\u00eb Unionit.<\/span><\/p>\n<p><span style=\"color: #000000;\"><a href=\"https:\/\/www.hashtag.al\/wp-content\/uploads\/2022\/12\/tirana-foto-696x464-1.jpg\"><img loading=\"lazy\" decoding=\"async\" class=\"aligncenter size-full wp-image-566232\" src=\"https:\/\/www.hashtag.al\/wp-content\/uploads\/2022\/12\/tirana-foto-696x464-1.jpg\" alt=\"\" width=\"696\" height=\"464\" srcset=\"https:\/\/www.hashtag.al\/wp-content\/uploads\/2022\/12\/tirana-foto-696x464-1.jpg 696w, https:\/\/www.hashtag.al\/wp-content\/uploads\/2022\/12\/tirana-foto-696x464-1-300x200.jpg 300w\" sizes=\"auto, (max-width: 696px) 100vw, 696px\" \/><\/a><\/span><\/p>\n<p><span style=\"color: #000000;\">Vallet e k\u00ebrcimet e p\u00ebrgatitura, parada e lider\u00ebve t\u00eb BE-s\u00eb dhe momente t\u00eb tjera nga organizimi gjithashtu kan\u00eb t\u00ebrhequr v\u00ebmendje.<\/span><\/p>\n<p><span style=\"color: #000000;\"><em>\u201cIshte nj\u00eb galeri e pazakont\u00eb e t\u00eb m\u00ebdhenjve evropian\u00eb t\u00eb cil\u00ebn lider\u00ebt e Bashkimit Evropian i kaluan pran\u00eb me limuzinat e tyre t\u00eb mart\u00ebn n\u00eb m\u00ebngjes. Portrete t\u00eb Kontit Koudenhove-Kalergi dhe Jean Monnet, t\u00eb cil\u00ebt jan\u00eb nd\u00ebr baballar\u00ebt themelues t\u00eb Unionit, u var\u00ebn p\u00ebrgjat\u00eb bulevardit t\u00eb gjer\u00eb q\u00eb kalon nga veriu n\u00eb jug p\u00ebrmes kryeqytetit shqiptar t\u00eb Tiran\u00ebs.\u201d<\/em>&#8211; shkruan Gjermanis\u00eb &#8220;<span style=\"color: #0000ff;\"><a style=\"color: #0000ff;\" href=\"https:\/\/www.faz.net\/aktuell\/politik\/ausland\/warum-die-eu-jetzt-ihr-interesse-am-westbalkan-zeigt-18514912.html\">Frankfurter Allgemeine Zeitung<\/a><\/span>&#8220;.<\/span><\/p>\n<p><span style=\"color: #000000;\">Samiti n\u00eb kryeqytetin shqiptar \u00ebsht\u00eb i pari q\u00eb mbahet n\u00eb nj\u00eb vend t\u00eb rajonit dhe si i till\u00eb dhe v\u00ebmendja ishte e madhe.<\/span><\/p>\n<p><strong><span style=\"color: #000000;\">Protesta e opozit\u00ebs dhe sulmi ndaj Berish\u00ebs<\/span><\/strong><\/p>\n<p><span style=\"color: #000000;\">Por nga ana tjet\u00ebr ishte sulmi ndaj ish-kryeministrit Sali Berisha q\u00eb u duk se \u201cnxiu\u201d pjes\u00ebn tjet\u00ebr t\u00eb raportimeve.<\/span><\/p>\n<p><span style=\"color: #000000;\">Agjensia e lajmeve me qend\u00ebr n\u00eb Bruksel \u201c<span style=\"color: #0000ff;\"><a style=\"color: #0000ff;\" href=\"https:\/\/www.euractiv.com\/section\/enlargement\/news\/anti-government-protests-held-during-eu-western-balkan-summit-in-tirana\/\">Euroactiv<\/a><\/span>\u201d shkuan se nd\u00ebrsa lider\u00ebt e BE-s\u00eb dhe rajonal\u00eb u takuan n\u00ebn flamujt e Shqip\u00ebris\u00eb dhe Bashkimit Evropian n\u00eb nj\u00ebr\u00ebn skaj t\u00eb bulevardit t\u00eb kryeqytetit, \u201cn\u00eb an\u00ebn tjet\u00ebr mij\u00ebra shqiptar\u00eb t\u00eb zem\u00ebruar u mblodh\u00ebn n\u00eb proteste, duke brohoritur \u2018Rama, ik\u2019.\u201d<\/span><\/p>\n<p><span style=\"color: #000000;\">Agjencia amerikane e lajmeve <span style=\"color: #0000ff;\"><a style=\"color: #0000ff;\" href=\"https:\/\/apnews.com\/article\/europe-albania-tirana-european-union-edi-rama-3b54c6005222f7107adac4af9324f9a3\">AP<\/a> <\/span>shkruan se<em> \u201cLideri i Partis\u00eb Demokratike t\u00eb qendr\u00ebs s\u00eb djatht\u00eb t\u00eb opozit\u00ebs shqiptare u sulmua gjat\u00eb nj\u00eb proteste antiqeveritare t\u00eb mbajtur pran\u00eb vendndodhjes se samitit t\u00eb lider\u00ebve t\u00eb Bashkimit Evropian dhe homolog\u00ebve t\u00eb tyre nga Ballkani Per\u00ebndimor n\u00eb kryeqytetin shqiptar.\u201d<\/em><\/span><\/p>\n<p><span style=\"color: #000000;\">Opozita po protestonte p\u00ebr korrupsionin e pretenduar t\u00eb kryeministrit Edi Rama, t\u00eb cilin <em>\u201ce faj\u00ebsojn\u00eb edhe p\u00ebr kriz\u00ebn dhe\u00a0rritjen e kostove s\u00eb jetes\u00ebs n\u00eb vend si dhe eksodin e t\u00eb rinjve shqiptar\u00eb q\u00eb po largohen nga Shqip\u00ebria p\u00ebr nj\u00eb jet\u00eb m\u00eb t\u00eb mir\u00eb n\u00eb vendet e Evrop\u00ebs Per\u00ebndimore\u201d.<\/em><\/span><\/p>\n<p><span style=\"color: #000000;\"><a href=\"https:\/\/www.hashtag.al\/wp-content\/uploads\/2022\/12\/ap22340476328414.jpg\"><img loading=\"lazy\" decoding=\"async\" class=\"aligncenter size-full wp-image-566234\" src=\"https:\/\/www.hashtag.al\/wp-content\/uploads\/2022\/12\/ap22340476328414.jpg\" alt=\"\" width=\"620\" height=\"414\" srcset=\"https:\/\/www.hashtag.al\/wp-content\/uploads\/2022\/12\/ap22340476328414.jpg 620w, https:\/\/www.hashtag.al\/wp-content\/uploads\/2022\/12\/ap22340476328414-300x200.jpg 300w\" sizes=\"auto, (max-width: 620px) 100vw, 620px\" \/><\/a><\/span><\/p>\n<p><span style=\"color: #000000;\">Agjencia italiane e lajmeve\u00a0<span style=\"color: #0000ff;\"><a style=\"color: #0000ff;\" href=\"https:\/\/www.ansa.it\/sito\/notizie\/mondo\/2022\/12\/06\/albania-aggredito-leader-opposizione-berisha_f01dbd67-6a71-44af-96b1-247b253b7147.html\">ANSA<\/a> <\/span>gjithashtu ka shkruar p\u00ebr incidentin. Media italiane shkruan se kryetari aktual i Partis\u00eb Demokratike u sulmua teksa po shkonte n\u00eb nj\u00eb demonstrat\u00eb t\u00eb organizuar kund\u00ebr qeveris\u00eb nga kryeministri Edi Rama, n\u00eb dit\u00ebn kur u mbajt samiti BE-Ballkani Per\u00ebndimor.<\/span><\/p>\n<p><span style=\"color: #000000;\">Ansa shkruan se<em> \u201cBerisha pasi u rr\u00ebzua n\u00eb tok\u00eb, u ngrit\u00a0brenda pak disa minutash duke vijuar rrug\u00ebtimin drejt vendit t\u00eb protest\u00ebs, pavar\u00ebsisht hund\u00ebs dhe faqeve t\u00eb gjakosura.\u201d<\/em><\/span><\/p>\n","protected":false,"gt_translate_keys":[{"key":"rendered","format":"html"}]},"excerpt":{"rendered":"<p>Mediet nd\u00ebrkomb\u00ebtare i kan\u00eb kushtuar v\u00ebmendje ngjarjeve t\u00eb djeshme n\u00eb Tiran\u00eb, si organizimit t\u00eb Samitit BE-Ballkani Per\u00ebndimor, si dhe sulmit ndaj ish-kryeministri Sali Berisha. Madje, dy nga gazetat m\u00eb t\u00eb r\u00ebnd\u00ebsishme politike t\u00eb Gjermanis\u00eb &#8220;Frankfurter Allgemeine Zeitung&#8221; dhe &#8220;S\u00fcddeutsche Zeitung&#8221;, sot kan\u00eb dal\u00eb me ballina t\u00eb nj\u00ebjta. E fjala valle i bashkon n\u00eb titujt e [&hellip;]<\/p>\n","protected":false,"gt_translate_keys":[{"key":"rendered","format":"html"}]},"author":30,"featured_media":566233,"comment_status":"closed","ping_status":"closed","sticky":false,"template":"","format":"standard","meta":{"footnotes":""},"categories":[22,6,13],"tags":[],"class_list":["post-566228","post","type-post","status-publish","format-standard","has-post-thumbnail","hentry","category-ballina","category-nderkombetare","category-te-fundit"],"gt_translate_keys":[{"key":"link","format":"url"}],"_links":{"self":[{"href":"https:\/\/www.hashtag.al\/index.php\/wp-json\/wp\/v2\/posts\/566228","targetHints":{"allow":["GET"]}}],"collection":[{"href":"https:\/\/www.hashtag.al\/index.php\/wp-json\/wp\/v2\/posts"}],"about":[{"href":"https:\/\/www.hashtag.al\/index.php\/wp-json\/wp\/v2\/types\/post"}],"author":[{"embeddable":true,"href":"https:\/\/www.hashtag.al\/index.php\/wp-json\/wp\/v2\/users\/30"}],"replies":[{"embeddable":true,"href":"https:\/\/www.hashtag.al\/index.php\/wp-json\/wp\/v2\/comments?post=566228"}],"version-history":[{"count":0,"href":"https:\/\/www.hashtag.al\/index.php\/wp-json\/wp\/v2\/posts\/566228\/revisions"}],"wp:featuredmedia":[{"embeddable":true,"href":"https:\/\/www.hashtag.al\/index.php\/wp-json\/wp\/v2\/media\/566233"}],"wp:attachment":[{"href":"https:\/\/www.hashtag.al\/index.php\/wp-json\/wp\/v2\/media?parent=566228"}],"wp:term":[{"taxonomy":"category","embeddable":true,"href":"https:\/\/www.hashtag.al\/index.php\/wp-json\/wp\/v2\/categories?post=566228"},{"taxonomy":"post_tag","embeddable":true,"href":"https:\/\/www.hashtag.al\/index.php\/wp-json\/wp\/v2\/tags?post=566228"}],"curies":[{"name":"wp","href":"https:\/\/api.w.org\/{rel}","templated":true}]}}