{"id":566090,"date":"2022-12-06T18:42:46","date_gmt":"2022-12-06T17:42:46","guid":{"rendered":"https:\/\/www.hashtag.al\/?p=566090"},"modified":"2022-12-06T18:42:46","modified_gmt":"2022-12-06T17:42:46","slug":"sulmi-ndaj-berishes-petrit-vasili-dokumenti-mjekesor-i-sulmuesit-eshte-i-sajuar-ai-eshte-pajisur-me-patente","status":"publish","type":"post","link":"https:\/\/www.hashtag.al\/index.php\/2022\/12\/06\/sulmi-ndaj-berishes-petrit-vasili-dokumenti-mjekesor-i-sulmuesit-eshte-i-sajuar-ai-eshte-pajisur-me-patente\/","title":{"rendered":"Sulmi ndaj Berish\u00ebs\/ Petrit Vasili: Dokumenti mjek\u00ebsor i sulmuesit \u00ebsht\u00eb i sajuar, ai \u00ebsht\u00eb pajisur me patent\u00eb","gt_translate_keys":[{"key":"rendered","format":"text"}]},"content":{"rendered":"<p><span style=\"color: #000000;\"><a href=\"https:\/\/www.hashtag.al\/wp-content\/uploads\/2022\/12\/vasili.jpg\"><img loading=\"lazy\" decoding=\"async\" class=\"aligncenter size-full wp-image-566091\" src=\"https:\/\/www.hashtag.al\/wp-content\/uploads\/2022\/12\/vasili.jpg\" alt=\"\" width=\"821\" height=\"408\" srcset=\"https:\/\/www.hashtag.al\/wp-content\/uploads\/2022\/12\/vasili.jpg 821w, https:\/\/www.hashtag.al\/wp-content\/uploads\/2022\/12\/vasili-300x149.jpg 300w, https:\/\/www.hashtag.al\/wp-content\/uploads\/2022\/12\/vasili-768x382.jpg 768w\" sizes=\"auto, (max-width: 821px) 100vw, 821px\" \/><\/a><\/span><\/p>\n<p><span style=\"color: #000000;\">N\u00ebnkryetari i Partis\u00eb s\u00eb Liris\u00eb, Petrit Vasili ka folur n\u00eb lidhje me sulmin ndaj kreut t\u00eb PD-s\u00eb Sali Berisha, n\u00eb protest\u00ebn e sotme teksa.<\/span><\/p>\n<p><span style=\"color: #000000;\">Vasili thot\u00eb se sulmuesi kishte nj\u00eb dokument mjek\u00ebsor t\u00eb sajuar dhe pa vler\u00eb. Sipas tij fakti q\u00eb i<em> \u201cv\u00eb vul\u00ebn\u201d<\/em> \u00ebsht\u00eb se ky individ \u00ebsht\u00eb pajisur me patent\u00eb p\u00ebr t\u00eb drejtuar mjetin, ku i \u00ebsht\u00eb v\u00ebrtetuar gjendja sh\u00ebndet\u00ebsore mendore. N\u00ebse personi do kishte probleme t\u00eb tilla nuk do kishte fare patent\u00eb.<\/span><\/p>\n<p><em><span style=\"color: #000000;\">\u00a0\u201cUn\u00eb desha t\u00eb them vet\u00ebm 2-3 gj\u00ebra ky\u00e7e me t\u00eb cilat shteti I Edi Ram\u00ebs \u00ebsht\u00eb demaskuar dhe Policia e Edi Ram\u00ebs \u00ebsht\u00eb vet\u00ebasgj\u00ebsuar.<\/span><\/em><\/p>\n<p><em><span style=\"color: #000000;\">P\u00ebrdorimi i nj\u00eb dokumenti mjek\u00ebsor i sajuar me zero vler\u00eb ligjore, t\u00eb sajuar, t\u00eb manipuluar, me fjal\u00ebn v\u00ebrtetim mjek\u00ebsor, pra as raport mjek\u00ebsor nuk \u00ebsht\u00eb. I l\u00ebshuar gjoja p\u00ebr t\u2019u p\u00ebrdorur ku t\u00eb duash, duke arritur deri atje sa t\u00eb thon\u00eb q\u00eb diagnoza \u00ebsht\u00eb e pacaktuar, praktikisht kan\u00eb vet\u00ebasgj\u00ebsuar dhe demaskuar veten.<\/span><\/em><\/p>\n<p><em><span style=\"color: #000000;\">Ajo q\u00eb i v\u00eb vul\u00ebn \u00ebsht\u00eb q\u00eb ky individ, ky kriminel \u00ebsht\u00eb pajisur koh\u00eb m\u00eb par\u00eb me nj\u00eb patent\u00eb p\u00ebr t\u00eb drejtuar makin\u00ebn, ku \u00ebsht\u00eb v\u00ebrtetuar gjendja e tij sh\u00ebndet\u00ebsore nga vet\u00eb institucionet shtet\u00ebrore, q\u00eb kan\u00eb detyrimin p\u00ebr ta pajisur me dokumentet ku v\u00ebrtetohet se gjendja sh\u00ebndet\u00ebsore e tij \u00ebsht\u00eb e p\u00ebrshtatshme p\u00ebr t\u00eb drejtuar makin\u00ebn. Dhe Policia e Shtetit nuk u referohet dokumenteve t\u00eb shtetit q\u00eb e nxjerrin sakt\u00ebsisht aft\u00ebsin\u00eb p\u00ebr t\u00eb cil\u00ebn i \u00ebsht\u00eb dh\u00ebn\u00eb dhe patenta, por i referohet nj\u00eb dokumenti t\u00eb sajuar t\u00eb nj\u00eb krinike private e cila shprehet p\u00ebr diagnoza paraprake dhe e fundit p\u00ebr dokumente mjek\u00ebsore q\u00eb mund t\u00eb p\u00ebrdoren ku t\u00eb duash si faturat e energjis\u00eb. Organet e hetimit duhet t\u00eb hetojn\u00eb t\u00eb gjith\u00eb ata q\u00eb kan\u00eb marr\u00eb pjes\u00eb n\u00eb inskenimin e k\u00ebtyre alibive p\u00ebr k\u00ebt\u00eb akt shum\u00eb t\u00eb r\u00ebnd\u00eb kriminal.\u201d- <\/span><\/em><span style=\"color: #000000;\">tha Vasili.<\/span><\/p>\n","protected":false,"gt_translate_keys":[{"key":"rendered","format":"html"}]},"excerpt":{"rendered":"<p>N\u00ebnkryetari i Partis\u00eb s\u00eb Liris\u00eb, Petrit Vasili ka folur n\u00eb lidhje me sulmin ndaj kreut t\u00eb PD-s\u00eb Sali Berisha, n\u00eb protest\u00ebn e sotme teksa. Vasili thot\u00eb se sulmuesi kishte nj\u00eb dokument mjek\u00ebsor t\u00eb sajuar dhe pa vler\u00eb. Sipas tij fakti q\u00eb i \u201cv\u00eb vul\u00ebn\u201d \u00ebsht\u00eb se ky individ \u00ebsht\u00eb pajisur me patent\u00eb p\u00ebr t\u00eb drejtuar [&hellip;]<\/p>\n","protected":false,"gt_translate_keys":[{"key":"rendered","format":"html"}]},"author":30,"featured_media":566091,"comment_status":"closed","ping_status":"closed","sticky":false,"template":"","format":"standard","meta":{"footnotes":""},"categories":[65,13],"tags":[],"class_list":["post-566090","post","type-post","status-publish","format-standard","has-post-thumbnail","hentry","category-lajme","category-te-fundit"],"gt_translate_keys":[{"key":"link","format":"url"}],"_links":{"self":[{"href":"https:\/\/www.hashtag.al\/index.php\/wp-json\/wp\/v2\/posts\/566090","targetHints":{"allow":["GET"]}}],"collection":[{"href":"https:\/\/www.hashtag.al\/index.php\/wp-json\/wp\/v2\/posts"}],"about":[{"href":"https:\/\/www.hashtag.al\/index.php\/wp-json\/wp\/v2\/types\/post"}],"author":[{"embeddable":true,"href":"https:\/\/www.hashtag.al\/index.php\/wp-json\/wp\/v2\/users\/30"}],"replies":[{"embeddable":true,"href":"https:\/\/www.hashtag.al\/index.php\/wp-json\/wp\/v2\/comments?post=566090"}],"version-history":[{"count":0,"href":"https:\/\/www.hashtag.al\/index.php\/wp-json\/wp\/v2\/posts\/566090\/revisions"}],"wp:featuredmedia":[{"embeddable":true,"href":"https:\/\/www.hashtag.al\/index.php\/wp-json\/wp\/v2\/media\/566091"}],"wp:attachment":[{"href":"https:\/\/www.hashtag.al\/index.php\/wp-json\/wp\/v2\/media?parent=566090"}],"wp:term":[{"taxonomy":"category","embeddable":true,"href":"https:\/\/www.hashtag.al\/index.php\/wp-json\/wp\/v2\/categories?post=566090"},{"taxonomy":"post_tag","embeddable":true,"href":"https:\/\/www.hashtag.al\/index.php\/wp-json\/wp\/v2\/tags?post=566090"}],"curies":[{"name":"wp","href":"https:\/\/api.w.org\/{rel}","templated":true}]}}