{"id":566048,"date":"2022-12-06T16:32:45","date_gmt":"2022-12-06T15:32:45","guid":{"rendered":"https:\/\/www.hashtag.al\/?p=566048"},"modified":"2022-12-06T16:32:45","modified_gmt":"2022-12-06T15:32:45","slug":"pse-protesta-nuk-u-mbajt-para-kryeministrise-berisha-nuk-donim-tja-jepnim-rames-kete-fitore","status":"publish","type":"post","link":"https:\/\/www.hashtag.al\/index.php\/2022\/12\/06\/pse-protesta-nuk-u-mbajt-para-kryeministrise-berisha-nuk-donim-tja-jepnim-rames-kete-fitore\/","title":{"rendered":"Pse protesta nuk u mbajt para Kryeministris\u00eb? Berisha: Nuk donim t&#8217;ja jepnim Ram\u00ebs k\u00ebt\u00eb fitore","gt_translate_keys":[{"key":"rendered","format":"text"}]},"content":{"rendered":"<p><span style=\"color: #000000;\"><a href=\"https:\/\/www.hashtag.al\/wp-content\/uploads\/2022\/12\/WhatsApp-Image-2022-12-06-at-3.14.12-PM.jpeg\"><img loading=\"lazy\" decoding=\"async\" class=\"aligncenter size-full wp-image-566049\" src=\"https:\/\/www.hashtag.al\/wp-content\/uploads\/2022\/12\/WhatsApp-Image-2022-12-06-at-3.14.12-PM.jpeg\" alt=\"\" width=\"1600\" height=\"1066\" srcset=\"https:\/\/www.hashtag.al\/wp-content\/uploads\/2022\/12\/WhatsApp-Image-2022-12-06-at-3.14.12-PM.jpeg 1600w, https:\/\/www.hashtag.al\/wp-content\/uploads\/2022\/12\/WhatsApp-Image-2022-12-06-at-3.14.12-PM-300x200.jpeg 300w, https:\/\/www.hashtag.al\/wp-content\/uploads\/2022\/12\/WhatsApp-Image-2022-12-06-at-3.14.12-PM-1024x682.jpeg 1024w, https:\/\/www.hashtag.al\/wp-content\/uploads\/2022\/12\/WhatsApp-Image-2022-12-06-at-3.14.12-PM-768x512.jpeg 768w, https:\/\/www.hashtag.al\/wp-content\/uploads\/2022\/12\/WhatsApp-Image-2022-12-06-at-3.14.12-PM-1536x1023.jpeg 1536w\" sizes=\"auto, (max-width: 1600px) 100vw, 1600px\" \/><\/a><\/span><\/p>\n<p><span style=\"color: #000000;\">Kryetari i Partis\u00eb Demokratike, Sali Berisha, thot\u00eb se protesta e dit\u00ebs s\u00eb sotme ia ka arritur q\u00ebllimit t\u00eb saj.<\/span><\/p>\n<p><span style=\"color: #000000;\">N\u00eb nj\u00eb konferenc\u00eb p\u00ebr mediet pas protest\u00ebs, Berisha tha arsyet se p\u00ebrse protesta nuk u mbajt p\u00ebrpara Kryeministris\u00eb sikurse ishte paralajm\u00ebruar prej tij. Duke iu p\u00ebrgjigjur gazetar\u00ebve, Berisha tha se nuk donte t\u00eb krijonte pasiguri n\u00eb prani t\u00eb lider\u00ebve europian\u00eb.<\/span><\/p>\n<p><em><span style=\"color: #000000;\">\u201cE gjith\u00eb Europa pa nj\u00eb protest\u00eb p\u00ebr probleme politike. Natyrisht Edi Rama do t\u00eb marr\u00eb p\u00ebrgjigje, t\u00eb jesh e sigurt\u00eb p\u00ebr k\u00ebt\u00eb. K\u00ebtu t\u00eb mos kemi iluzion. Do ta merrni vesh. Un\u00eb nuk b\u00ebj si ai, nuk mbaj sekrete. K\u00ebt\u00eb her\u00eb nd\u00ebrtes\u00ebn e Kryeministris\u00eb nuk e bllokuam p\u00ebr dy arsye. Ai mund t\u00eb organizonte ndonj\u00eb pritje aty dhe ne nuk donim q\u00eb aty, n\u00eb prani t\u00eb lider\u00ebve t\u00eb tjer\u00eb, t\u00eb krijonim pasiguri. Nuk donim t\u2019i jepnim Ram\u00ebs nj\u00eb fitore t\u00eb till\u00eb.<\/span><\/em><\/p>\n<p><span style=\"color: #000000;\"><em>N\u00eb \u00e7do Samit ka nj\u00eb zon\u00eb sigurie shum\u00eb m\u00eb t\u00eb ngusht\u00eb nga ajo q\u00eb caktoi ky. N\u00eb at\u00eb zon\u00eb askush nuk mund t\u00eb shkel\u00eb, kudo dhe n\u00eb \u00e7do rast. Ky futi kryeministrin\u00eb n\u00eb at\u00eb zon\u00eb, n\u00eb nj\u00eb akt frikacak. Ky nuk shkonte dot n\u00ebp\u00ebr tunele, sepse kishte miqt\u00eb k\u00ebtu, ne deklaruam ta b\u00ebnim n\u00eb bulevard protest\u00ebn dhe menduam se ky duhet t\u00eb ishte q\u00ebndrimi yn\u00eb. Qytetar\u00ebt jan\u00eb t\u00eb gatsh\u00ebm kurdoher\u00eb, jam un\u00eb ai q\u00eb i frenon.\u201d<\/em>&#8211; \u00ebsht\u00eb shprehur Berisha.<\/span><\/p>\n<p><span style=\"color: #000000;\">Ai u pyet edhe p\u00ebr reagimin e Ambasad\u00ebs s\u00eb SHBA-ve dhe kryeministrit Edi Rama p\u00ebr incidentin ku u q\u00ebllua n\u00eb protest\u00eb nga nj\u00eb qytetar.<\/span><\/p>\n<p><em><span style=\"color: #000000;\">\u00a0\u201cEdi Rama \u00ebsht\u00eb organizatori i k\u00ebtyre sulmeve, do t\u00eb q\u00ebndroj\u00eb duar jasht\u00eb, nd\u00ebrkoh\u00eb q\u00eb \u00ebsht\u00eb 100% organizatori i tij.<\/span><\/em><\/p>\n<p><span style=\"color: #000000;\"><em>Koment mund t\u00eb b\u00ebj k\u00ebt\u00eb, q\u00eb n\u00eb betej\u00ebn kund\u00ebr opozit\u00ebs kam ato fjal\u00eb q\u00eb thash\u00eb aty n\u00eb miting. Dhe do t\u2019i them edhe m\u00eb fuqish\u00ebm, sepse q\u00ebndrimet, p\u00ebrdorimi i korrupsionit t\u00eb Edi Ram\u00ebs dhe Sorosit, p\u00ebr t\u00eb ndihmuar Ram\u00ebn duke g\u00eblltit\u00eb opozit\u00ebn \u00ebsht\u00eb nj\u00eb akt jasht\u00ebzakonisht i r\u00ebnd\u00eb dhe n\u00eb k\u00ebt\u00eb kontekst ky \u00ebsht\u00eb q\u00ebndrimi yn\u00eb i pal\u00ebkundur.\u201d<\/em>&#8211; tha Berisha.<\/span><\/p>\n","protected":false,"gt_translate_keys":[{"key":"rendered","format":"html"}]},"excerpt":{"rendered":"<p>Kryetari i Partis\u00eb Demokratike, Sali Berisha, thot\u00eb se protesta e dit\u00ebs s\u00eb sotme ia ka arritur q\u00ebllimit t\u00eb saj. N\u00eb nj\u00eb konferenc\u00eb p\u00ebr mediet pas protest\u00ebs, Berisha tha arsyet se p\u00ebrse protesta nuk u mbajt p\u00ebrpara Kryeministris\u00eb sikurse ishte paralajm\u00ebruar prej tij. Duke iu p\u00ebrgjigjur gazetar\u00ebve, Berisha tha se nuk donte t\u00eb krijonte pasiguri n\u00eb [&hellip;]<\/p>\n","protected":false,"gt_translate_keys":[{"key":"rendered","format":"html"}]},"author":30,"featured_media":566049,"comment_status":"closed","ping_status":"closed","sticky":false,"template":"","format":"standard","meta":{"footnotes":""},"categories":[65,13],"tags":[],"class_list":["post-566048","post","type-post","status-publish","format-standard","has-post-thumbnail","hentry","category-lajme","category-te-fundit"],"gt_translate_keys":[{"key":"link","format":"url"}],"_links":{"self":[{"href":"https:\/\/www.hashtag.al\/index.php\/wp-json\/wp\/v2\/posts\/566048","targetHints":{"allow":["GET"]}}],"collection":[{"href":"https:\/\/www.hashtag.al\/index.php\/wp-json\/wp\/v2\/posts"}],"about":[{"href":"https:\/\/www.hashtag.al\/index.php\/wp-json\/wp\/v2\/types\/post"}],"author":[{"embeddable":true,"href":"https:\/\/www.hashtag.al\/index.php\/wp-json\/wp\/v2\/users\/30"}],"replies":[{"embeddable":true,"href":"https:\/\/www.hashtag.al\/index.php\/wp-json\/wp\/v2\/comments?post=566048"}],"version-history":[{"count":0,"href":"https:\/\/www.hashtag.al\/index.php\/wp-json\/wp\/v2\/posts\/566048\/revisions"}],"wp:featuredmedia":[{"embeddable":true,"href":"https:\/\/www.hashtag.al\/index.php\/wp-json\/wp\/v2\/media\/566049"}],"wp:attachment":[{"href":"https:\/\/www.hashtag.al\/index.php\/wp-json\/wp\/v2\/media?parent=566048"}],"wp:term":[{"taxonomy":"category","embeddable":true,"href":"https:\/\/www.hashtag.al\/index.php\/wp-json\/wp\/v2\/categories?post=566048"},{"taxonomy":"post_tag","embeddable":true,"href":"https:\/\/www.hashtag.al\/index.php\/wp-json\/wp\/v2\/tags?post=566048"}],"curies":[{"name":"wp","href":"https:\/\/api.w.org\/{rel}","templated":true}]}}