{"id":566038,"date":"2022-12-06T16:00:22","date_gmt":"2022-12-06T15:00:22","guid":{"rendered":"https:\/\/www.hashtag.al\/?p=566038"},"modified":"2022-12-06T16:00:22","modified_gmt":"2022-12-06T15:00:22","slug":"partia-e-lirise-akuza-kryeministrit-goditja-e-berishes-akt-kriminal-e-burracak-skenari-ogurzi-i-rames-do-marre-pergjigjen-e-duhur","status":"publish","type":"post","link":"https:\/\/www.hashtag.al\/index.php\/2022\/12\/06\/partia-e-lirise-akuza-kryeministrit-goditja-e-berishes-akt-kriminal-e-burracak-skenari-ogurzi-i-rames-do-marre-pergjigjen-e-duhur\/","title":{"rendered":"Partia e Liris\u00eb akuza kryeministrit: Goditja e Berish\u00ebs akt kriminal e burracak, skenari ogurzi i Ram\u00ebs do marr\u00eb p\u00ebrgjigjen e duhur","gt_translate_keys":[{"key":"rendered","format":"text"}]},"content":{"rendered":"<p><span style=\"color: #000000;\"><img loading=\"lazy\" decoding=\"async\" class=\"aligncenter size-full wp-image-558673\" src=\"https:\/\/www.hashtag.al\/wp-content\/uploads\/2022\/11\/BLUSHI.jpg\" alt=\"\" width=\"974\" height=\"557\" srcset=\"https:\/\/www.hashtag.al\/wp-content\/uploads\/2022\/11\/BLUSHI.jpg 974w, https:\/\/www.hashtag.al\/wp-content\/uploads\/2022\/11\/BLUSHI-300x172.jpg 300w, https:\/\/www.hashtag.al\/wp-content\/uploads\/2022\/11\/BLUSHI-768x439.jpg 768w\" sizes=\"auto, (max-width: 974px) 100vw, 974px\" \/><\/span><\/p>\n<p><span style=\"color: #000000;\">Partia e Liris\u00eb ka d\u00ebnuar me forc\u00eb dhun\u00ebn ndaj kreut t\u00eb PD-s\u00eb Berisha, i cili u godit me grusht gjat\u00eb protest\u00ebs s\u00eb sotme. <\/span><\/p>\n<p><span style=\"color: #000000;\">N\u00eb nj\u00eb reagim Sekretari i P\u00ebrgjithsh\u00ebm Tedi Blushi tha se akti kriminal e burracak \u00ebsht\u00eb vep\u00ebr direkte e Edi Ram\u00ebs. Ai shtoi se akte t\u00eb tilla q\u00eb nuk trembin ask\u00ebnd do marrin p\u00ebrgjigjen e merituar nga shqiptar\u00ebt.<\/span><\/p>\n<p><span style=\"color: #000000;\"><em>\u201cAkti kriminal dhe burracak i sulmit fizik ndaj kryetarit t\u00eb Partis\u00eb Demokratike, Prof.Dr.Sali Berisha \u00ebsht\u00eb vep\u00ebr direkte e Edi Ram\u00ebs, i cili mban p\u00ebrgjegj\u00ebsi personale p\u00ebr dhun\u00ebn e ushtruar ndaj opozit\u00ebs. T\u00eb till\u00eb skenar\u00eb ogurzinj t\u00eb Edi Ram\u00ebs dhe k\u00ebtij regjimi kriminal, q\u00eb i d\u00ebnojm\u00eb me forc\u00eb por q\u00eb nuk trembin ask\u00ebnd, do t\u00eb marrin gjithmon\u00eb p\u00ebrgjigjen e merituar nga shqiptar\u00ebt patriot\u00eb!\u201d<\/em> &#8211; tha Blushi.<\/span><\/p>\n","protected":false,"gt_translate_keys":[{"key":"rendered","format":"html"}]},"excerpt":{"rendered":"<p>Partia e Liris\u00eb ka d\u00ebnuar me forc\u00eb dhun\u00ebn ndaj kreut t\u00eb PD-s\u00eb Berisha, i cili u godit me grusht gjat\u00eb protest\u00ebs s\u00eb sotme. N\u00eb nj\u00eb reagim Sekretari i P\u00ebrgjithsh\u00ebm Tedi Blushi tha se akti kriminal e burracak \u00ebsht\u00eb vep\u00ebr direkte e Edi Ram\u00ebs. Ai shtoi se akte t\u00eb tilla q\u00eb nuk trembin ask\u00ebnd do marrin [&hellip;]<\/p>\n","protected":false,"gt_translate_keys":[{"key":"rendered","format":"html"}]},"author":51,"featured_media":558673,"comment_status":"closed","ping_status":"closed","sticky":false,"template":"","format":"standard","meta":{"footnotes":""},"categories":[65,13],"tags":[],"class_list":["post-566038","post","type-post","status-publish","format-standard","has-post-thumbnail","hentry","category-lajme","category-te-fundit"],"gt_translate_keys":[{"key":"link","format":"url"}],"_links":{"self":[{"href":"https:\/\/www.hashtag.al\/index.php\/wp-json\/wp\/v2\/posts\/566038","targetHints":{"allow":["GET"]}}],"collection":[{"href":"https:\/\/www.hashtag.al\/index.php\/wp-json\/wp\/v2\/posts"}],"about":[{"href":"https:\/\/www.hashtag.al\/index.php\/wp-json\/wp\/v2\/types\/post"}],"author":[{"embeddable":true,"href":"https:\/\/www.hashtag.al\/index.php\/wp-json\/wp\/v2\/users\/51"}],"replies":[{"embeddable":true,"href":"https:\/\/www.hashtag.al\/index.php\/wp-json\/wp\/v2\/comments?post=566038"}],"version-history":[{"count":0,"href":"https:\/\/www.hashtag.al\/index.php\/wp-json\/wp\/v2\/posts\/566038\/revisions"}],"wp:featuredmedia":[{"embeddable":true,"href":"https:\/\/www.hashtag.al\/index.php\/wp-json\/wp\/v2\/media\/558673"}],"wp:attachment":[{"href":"https:\/\/www.hashtag.al\/index.php\/wp-json\/wp\/v2\/media?parent=566038"}],"wp:term":[{"taxonomy":"category","embeddable":true,"href":"https:\/\/www.hashtag.al\/index.php\/wp-json\/wp\/v2\/categories?post=566038"},{"taxonomy":"post_tag","embeddable":true,"href":"https:\/\/www.hashtag.al\/index.php\/wp-json\/wp\/v2\/tags?post=566038"}],"curies":[{"name":"wp","href":"https:\/\/api.w.org\/{rel}","templated":true}]}}