{"id":565983,"date":"2022-12-06T13:47:02","date_gmt":"2022-12-06T12:47:02","guid":{"rendered":"https:\/\/www.hashtag.al\/?p=565983"},"modified":"2022-12-06T13:50:17","modified_gmt":"2022-12-06T12:50:17","slug":"https-www-hashtag-al-wp-admin-post-phppost565983actionedit","status":"publish","type":"post","link":"https:\/\/www.hashtag.al\/index.php\/2022\/12\/06\/https-www-hashtag-al-wp-admin-post-phppost565983actionedit\/","title":{"rendered":"Berisha para qytetar\u00ebve: Pa vot\u00eb t\u00eb lir\u00eb s\u2019ka demokraci, ai q\u00eb na p\u00ebrfaq\u00ebson n\u00eb samitin e BE-s\u00eb kreu i nj\u00eb narkoshteti","gt_translate_keys":[{"key":"rendered","format":"text"}]},"content":{"rendered":"<p><span style=\"color: #000000;\"><img loading=\"lazy\" decoding=\"async\" class=\"aligncenter size-full wp-image-565984\" src=\"https:\/\/www.hashtag.al\/wp-content\/uploads\/2022\/12\/1670329964_Screenshot1.jpg\" alt=\"\" width=\"780\" height=\"440\" srcset=\"https:\/\/www.hashtag.al\/wp-content\/uploads\/2022\/12\/1670329964_Screenshot1.jpg 780w, https:\/\/www.hashtag.al\/wp-content\/uploads\/2022\/12\/1670329964_Screenshot1-300x169.jpg 300w, https:\/\/www.hashtag.al\/wp-content\/uploads\/2022\/12\/1670329964_Screenshot1-768x433.jpg 768w\" sizes=\"auto, (max-width: 780px) 100vw, 780px\" \/>Kreu i PD-s\u00eb Berisha tha para qytetar\u00ebve mn\u00eb protest\u00ebn e opozit\u00ebs se askush nuk do e mposht\u00eb popullin opozitar.<\/span><\/p>\n<p><span style=\"color: #000000;\"> Ai p\u00ebrsh\u00ebndeti lider\u00ebt evropian\u00eb q\u00eb marrin pjes\u00eb n\u00eb samitin BE-Ballkani Per\u00ebndimor n\u00eb Tiran\u00eb. <\/span><\/p>\n<p><span style=\"color: #000000;\">Berisha theksoi se personi q\u00eb p\u00ebrfaq\u00ebson Shqip\u00ebrin\u00eb n\u00eb k\u00ebt\u00eb samit \u00ebsht\u00eb drejtuesi i nj\u00eb narkoshteti, q\u00eb bashk\u00ebpunon me kriminel\u00ebe trafikant\u00eb droge, q\u00eb ka vjedhur vota, dhunuar qytetar\u00ebt, grabitur pasurit\u00eb e tyre e p\u00ebrz\u00ebn\u00eb t\u00eb rinjt\u00eb. <\/span><\/p>\n<p><span style=\"color: #000000;\">Po k\u00ebshtu Berisha tha se Edi Rama kontrollon sot t\u00eb gjitha pushtetet duke pasur m\u00eb shum\u00eb pushtet se ish-lideri komunist Ramiz Alia.<\/span><\/p>\n<p><span style=\"color: #000000;\"><em>\u201cN\u00eb k\u00ebt\u00eb shesh, n\u00eb Shqip\u00ebrin\u00eb dhe kudo q\u00eb jeni p\u00ebrsh\u00ebndetjet m\u00eb v\u00ebllaz\u00ebrore, mir\u00ebnjohjen m\u00eb t\u00eb pakufijshme. S\u00eb pari, n\u00eb em\u00ebr tuaj m\u00eb lejobni t;ju uroj me zem\u00ebr mir\u00ebseardhjne n\u00eb Tiran\u00eb shtegtar\u00ebve europian\u00eb. P\u00ebr ne \u00ebsht\u00eb nj\u00eb rast shum\u00eb i vecant\u00eb t\u2019i shprehim atyre mir\u00ebnjohjen m\u00eb t\u00eb pakufishme p\u00ebr solidaritetin ndaj Shqip\u00ebris\u00eb. Ky samit \u00ebsht\u00eb mb\u00ebshtetje e madhe p\u00ebr t\u00eb gjith\u00eb shqiptar\u00ebt. Ky samit \u00ebsht\u00eb mb\u00ebshtetje n\u00eb ve\u00e7anta p\u00ebr PD, forc\u00ebn politike q\u00eb \u00ebsht\u00eb n\u00eb betej\u00eb p\u00ebr vlerat europiane me moton \u201cE duam Shqip\u00ebrin\u00eb si e gjith\u00eb Europa Ne jemi fatkeq se sot p\u00ebrfaq\u00ebsohemi n\u00eb k\u00ebt\u00eb Samit me njeriun q\u00eb duhet t\u00eb ishte sot para drejt\u00ebsis\u00eb dhe jo aty i ulur me ju. Ne ndihemi fatkeq sepse pushteti i atij q\u00eb na p\u00ebrfaq\u00ebson q\u00ebndron mbi krimin elektoral, q\u00ebndron mbi drog\u00ebn dhe korrupsionin.\u201d<\/em> &#8211; tha Berisha.<\/span><\/p>\n","protected":false,"gt_translate_keys":[{"key":"rendered","format":"html"}]},"excerpt":{"rendered":"<p>Kreu i PD-s\u00eb Berisha tha para qytetar\u00ebve mn\u00eb protest\u00ebn e opozit\u00ebs se askush nuk do e mposht\u00eb popullin opozitar. Ai p\u00ebrsh\u00ebndeti lider\u00ebt evropian\u00eb q\u00eb marrin pjes\u00eb n\u00eb samitin BE-Ballkani Per\u00ebndimor n\u00eb Tiran\u00eb. Berisha theksoi se personi q\u00eb p\u00ebrfaq\u00ebson Shqip\u00ebrin\u00eb n\u00eb k\u00ebt\u00eb samit \u00ebsht\u00eb drejtuesi i nj\u00eb narkoshteti, q\u00eb bashk\u00ebpunon me kriminel\u00ebe trafikant\u00eb droge, q\u00eb ka [&hellip;]<\/p>\n","protected":false,"gt_translate_keys":[{"key":"rendered","format":"html"}]},"author":51,"featured_media":565984,"comment_status":"closed","ping_status":"closed","sticky":false,"template":"","format":"standard","meta":{"footnotes":""},"categories":[65,13],"tags":[],"class_list":["post-565983","post","type-post","status-publish","format-standard","has-post-thumbnail","hentry","category-lajme","category-te-fundit"],"gt_translate_keys":[{"key":"link","format":"url"}],"_links":{"self":[{"href":"https:\/\/www.hashtag.al\/index.php\/wp-json\/wp\/v2\/posts\/565983","targetHints":{"allow":["GET"]}}],"collection":[{"href":"https:\/\/www.hashtag.al\/index.php\/wp-json\/wp\/v2\/posts"}],"about":[{"href":"https:\/\/www.hashtag.al\/index.php\/wp-json\/wp\/v2\/types\/post"}],"author":[{"embeddable":true,"href":"https:\/\/www.hashtag.al\/index.php\/wp-json\/wp\/v2\/users\/51"}],"replies":[{"embeddable":true,"href":"https:\/\/www.hashtag.al\/index.php\/wp-json\/wp\/v2\/comments?post=565983"}],"version-history":[{"count":0,"href":"https:\/\/www.hashtag.al\/index.php\/wp-json\/wp\/v2\/posts\/565983\/revisions"}],"wp:featuredmedia":[{"embeddable":true,"href":"https:\/\/www.hashtag.al\/index.php\/wp-json\/wp\/v2\/media\/565984"}],"wp:attachment":[{"href":"https:\/\/www.hashtag.al\/index.php\/wp-json\/wp\/v2\/media?parent=565983"}],"wp:term":[{"taxonomy":"category","embeddable":true,"href":"https:\/\/www.hashtag.al\/index.php\/wp-json\/wp\/v2\/categories?post=565983"},{"taxonomy":"post_tag","embeddable":true,"href":"https:\/\/www.hashtag.al\/index.php\/wp-json\/wp\/v2\/tags?post=565983"}],"curies":[{"name":"wp","href":"https:\/\/api.w.org\/{rel}","templated":true}]}}