{"id":565631,"date":"2022-12-05T09:09:36","date_gmt":"2022-12-05T08:09:36","guid":{"rendered":"https:\/\/www.hashtag.al\/?p=565631"},"modified":"2022-12-05T10:09:07","modified_gmt":"2022-12-05T09:09:07","slug":"pd-email-informues-evropianeve-e-ben-fakt-te-kryer-lidhjen-e-balles-me-avokatin-e-vrare-ravik-gurra","status":"publish","type":"post","link":"https:\/\/www.hashtag.al\/index.php\/2022\/12\/05\/pd-email-informues-evropianeve-e-ben-fakt-te-kryer-lidhjen-e-balles-me-avokatin-e-vrare-ravik-gurra\/","title":{"rendered":"Sulmi i PD ndaj Taulant Ball\u00ebs, zbulohet edhe emaili i zyr\u00ebs s\u00eb Berish\u00ebs","gt_translate_keys":[{"key":"rendered","format":"text"}]},"content":{"rendered":"<p><span style=\"color: #000000;\"><img loading=\"lazy\" decoding=\"async\" class=\"aligncenter size-full wp-image-565632\" src=\"https:\/\/www.hashtag.al\/wp-content\/uploads\/2022\/12\/capja-balla-gurra-2048x1004-1.jpg\" alt=\"\" width=\"2048\" height=\"1004\" srcset=\"https:\/\/www.hashtag.al\/wp-content\/uploads\/2022\/12\/capja-balla-gurra-2048x1004-1.jpg 2048w, https:\/\/www.hashtag.al\/wp-content\/uploads\/2022\/12\/capja-balla-gurra-2048x1004-1-300x147.jpg 300w, https:\/\/www.hashtag.al\/wp-content\/uploads\/2022\/12\/capja-balla-gurra-2048x1004-1-1024x502.jpg 1024w, https:\/\/www.hashtag.al\/wp-content\/uploads\/2022\/12\/capja-balla-gurra-2048x1004-1-768x377.jpg 768w, https:\/\/www.hashtag.al\/wp-content\/uploads\/2022\/12\/capja-balla-gurra-2048x1004-1-1536x753.jpg 1536w\" sizes=\"auto, (max-width: 2048px) 100vw, 2048px\" \/><\/span><\/p>\n<p><span style=\"color: #000000;\">N\u00eb nj\u00eb <span style=\"color: #0000ff;\"><a style=\"color: #0000ff;\" href=\"https:\/\/mailchi.mp\/9649d15dc4fd\/socialist-mp-chair-linked-to-murder-and-orgainized-crime?e=e47d6d0b75\">email<\/a> <\/span>informues periodik q\u00eb u \u00e7on partive e organizatave partnere n\u00eb Evrop\u00eb, Partia Demokratike duket se e ka b\u00ebr\u00eb fakt t\u00eb kryer lidhjen mes kreut t\u00eb grupit parlamentar Taulant Balla me vrasjen e avokatit Ravik Gurra, ngjarje e ndodhur m\u00eb 22 mars 2019. <\/span><\/p>\n<p><span style=\"color: #000000;\">Megjithat\u00eb ky pretendim \u00ebsht\u00eb i pav\u00ebrtetuar. <\/span><\/p>\n<p><span style=\"color: #000000;\">Ajo q\u00eb \u00ebsht\u00eb zbuluar deri tani jan\u00eb zhdukjet e interceptimeve p\u00ebr masakr\u00ebn e Elbasanit t\u00eb 3 shkurtit 2016 ku u vran\u00eb 3 persona e u plagos\u00ebn 8 t\u00eb tjer\u00eb. <\/span><\/p>\n<p><span style=\"color: #000000;\">P\u00ebrgjimet ndaj Ball\u00ebs ishin b\u00ebr\u00eb nj\u00eb dit\u00eb pas masakr\u00ebs, m\u00eb 4 shkurt, megjithat\u00eb dy dit\u00eb m\u00eb pas prokuror\u00ebt e cil\u00ebsuan lapsus vendimin duke i k\u00ebrkuar gjykat\u00ebs anulimin e tij.<\/span><\/p>\n<p><span style=\"color: #000000;\"> Akuzat ndaj deputetit socialist jan\u00eb b\u00ebr\u00eb nga avokati i Ardian \u00c7apjas n\u00eb gjyqin ndaj k\u00ebtij t\u00eb fundit e implikimi i Ball\u00ebs dyshohet se \u00ebsht\u00eb b\u00ebr\u00eb si strategji p\u00ebr t\u2019u mbrojtur n\u00eb gjykat\u00eb.<\/span><\/p>\n<p><img loading=\"lazy\" decoding=\"async\" class=\"aligncenter size-full wp-image-565634\" src=\"https:\/\/www.hashtag.al\/wp-content\/uploads\/2022\/12\/pdballa.png\" alt=\"\" width=\"902\" height=\"813\" srcset=\"https:\/\/www.hashtag.al\/wp-content\/uploads\/2022\/12\/pdballa.png 902w, https:\/\/www.hashtag.al\/wp-content\/uploads\/2022\/12\/pdballa-300x270.png 300w, https:\/\/www.hashtag.al\/wp-content\/uploads\/2022\/12\/pdballa-768x692.png 768w\" sizes=\"auto, (max-width: 902px) 100vw, 902px\" \/><\/p>\n","protected":false,"gt_translate_keys":[{"key":"rendered","format":"html"}]},"excerpt":{"rendered":"<p>N\u00eb nj\u00eb email informues periodik q\u00eb u \u00e7on partive e organizatave partnere n\u00eb Evrop\u00eb, Partia Demokratike duket se e ka b\u00ebr\u00eb fakt t\u00eb kryer lidhjen mes kreut t\u00eb grupit parlamentar Taulant Balla me vrasjen e avokatit Ravik Gurra, ngjarje e ndodhur m\u00eb 22 mars 2019. Megjithat\u00eb ky pretendim \u00ebsht\u00eb i pav\u00ebrtetuar. Ajo q\u00eb \u00ebsht\u00eb zbuluar [&hellip;]<\/p>\n","protected":false,"gt_translate_keys":[{"key":"rendered","format":"html"}]},"author":51,"featured_media":565632,"comment_status":"closed","ping_status":"closed","sticky":false,"template":"","format":"standard","meta":{"footnotes":""},"categories":[65,13],"tags":[],"class_list":["post-565631","post","type-post","status-publish","format-standard","has-post-thumbnail","hentry","category-lajme","category-te-fundit"],"gt_translate_keys":[{"key":"link","format":"url"}],"_links":{"self":[{"href":"https:\/\/www.hashtag.al\/index.php\/wp-json\/wp\/v2\/posts\/565631","targetHints":{"allow":["GET"]}}],"collection":[{"href":"https:\/\/www.hashtag.al\/index.php\/wp-json\/wp\/v2\/posts"}],"about":[{"href":"https:\/\/www.hashtag.al\/index.php\/wp-json\/wp\/v2\/types\/post"}],"author":[{"embeddable":true,"href":"https:\/\/www.hashtag.al\/index.php\/wp-json\/wp\/v2\/users\/51"}],"replies":[{"embeddable":true,"href":"https:\/\/www.hashtag.al\/index.php\/wp-json\/wp\/v2\/comments?post=565631"}],"version-history":[{"count":0,"href":"https:\/\/www.hashtag.al\/index.php\/wp-json\/wp\/v2\/posts\/565631\/revisions"}],"wp:featuredmedia":[{"embeddable":true,"href":"https:\/\/www.hashtag.al\/index.php\/wp-json\/wp\/v2\/media\/565632"}],"wp:attachment":[{"href":"https:\/\/www.hashtag.al\/index.php\/wp-json\/wp\/v2\/media?parent=565631"}],"wp:term":[{"taxonomy":"category","embeddable":true,"href":"https:\/\/www.hashtag.al\/index.php\/wp-json\/wp\/v2\/categories?post=565631"},{"taxonomy":"post_tag","embeddable":true,"href":"https:\/\/www.hashtag.al\/index.php\/wp-json\/wp\/v2\/tags?post=565631"}],"curies":[{"name":"wp","href":"https:\/\/api.w.org\/{rel}","templated":true}]}}