{"id":565508,"date":"2022-12-04T16:30:43","date_gmt":"2022-12-04T15:30:43","guid":{"rendered":"https:\/\/www.hashtag.al\/?p=565508"},"modified":"2022-12-04T16:31:22","modified_gmt":"2022-12-04T15:31:22","slug":"kryetarja-e-kokoe-s-ne-primare-deri-ne-1300-kane-votuar-mbi-30-mije-anetare-dhe-simpatizante","status":"publish","type":"post","link":"https:\/\/www.hashtag.al\/index.php\/2022\/12\/04\/kryetarja-e-kokoe-s-ne-primare-deri-ne-1300-kane-votuar-mbi-30-mije-anetare-dhe-simpatizante\/","title":{"rendered":"Kryetarja e KOKOE-s: N\u00eb Primare deri n\u00eb 13:00 kan\u00eb votuar mbi 30 mij\u00eb an\u00ebtar\u00eb dhe simpatizant\u00eb","gt_translate_keys":[{"key":"rendered","format":"text"}]},"content":{"rendered":"<p><span style=\"color: #000000;\"><strong><a href=\"https:\/\/www.hashtag.al\/wp-content\/uploads\/2022\/12\/vokshi.jpg\"><img loading=\"lazy\" decoding=\"async\" class=\"aligncenter size-full wp-image-565505\" src=\"https:\/\/www.hashtag.al\/wp-content\/uploads\/2022\/12\/vokshi.jpg\" alt=\"\" width=\"1024\" height=\"682\" srcset=\"https:\/\/www.hashtag.al\/wp-content\/uploads\/2022\/12\/vokshi.jpg 1024w, https:\/\/www.hashtag.al\/wp-content\/uploads\/2022\/12\/vokshi-300x200.jpg 300w, https:\/\/www.hashtag.al\/wp-content\/uploads\/2022\/12\/vokshi-768x512.jpg 768w\" sizes=\"auto, (max-width: 1024px) 100vw, 1024px\" \/><\/a><\/strong><\/span><\/p>\n<p><span style=\"color: #000000;\">Kryetarja e Komisionit t\u00eb Organizimit dhe Kontrollit t\u00eb Operacioneve Elektorale pran\u00eb Partis\u00eb Demokratike (KOKOE), Albana Vokshi ka deklaruar se ka pasur nj\u00eb pjes\u00ebmarrje shum\u00eb t\u00eb lart\u00eb n\u00eb Primaret e sotme. B\u00ebhet fjal\u00eb p\u00ebr nj\u00eb num\u00ebr total mbi 30 mij\u00eb an\u00ebtar\u00eb dhe simpatizant\u00eb q\u00eb kan\u00eb hedhur vot\u00ebn e tyre.<\/span><\/p>\n<p><span style=\"color: #000000;\">Ajo zbuloi edhe numrin e atyre q\u00eb kan\u00eb votuar deri n\u00eb or\u00ebn 13:00 n\u00eb \u00e7do qark.<\/span><\/p>\n<p><em><span style=\"color: #000000;\">\u201cNga informacionet q\u00eb kan\u00eb ardhur nga komisionet p\u00ebr organizimet dhe kontrollin e operacioneve elektorale, deri rreth or\u00ebs 13:00 kan\u00eb votuar n\u00eb total mbi 30 mij\u00eb an\u00ebtar\u00eb dhe votues, pra an\u00ebtar\u00eb dhe simpatizant\u00eb t\u00eb PD-s\u00eb. Jan\u00eb organizuar votimet n\u00eb pothuajse n\u00eb t\u00eb gjitha deg\u00ebt e PD-s\u00eb, p\u00ebr kandidat\u00ebt e Primareve votohet n\u00eb 57 bashki.<\/span><\/em><\/p>\n<p><em><span style=\"color: #000000;\">Un\u00eb do t\u2019ju lexoj sipas qarqeve sesa \u00ebsht\u00eb raportuar numri i votuesve deri rreth or\u00ebs 13:00.<\/span><\/em><\/p>\n<p><em><span style=\"color: #000000;\">N\u00eb qarkun Shkod\u00ebr 1595 votues.<\/span><\/em><\/p>\n<p><em><span style=\"color: #000000;\">N\u00eb qarkun Lezh\u00eb 3020 votues.<\/span><\/em><\/p>\n<p><em><span style=\"color: #000000;\">N\u00eb qarkun Kuk\u00ebs 2855 votues.<\/span><\/em><\/p>\n<p><em><span style=\"color: #000000;\">N\u00eb qarkun Dib\u00ebr 2200 votues.<\/span><\/em><\/p>\n<p><em><span style=\"color: #000000;\">N\u00eb qarkun Durr\u00ebs 1970 votues.<\/span><\/em><\/p>\n<p><em><span style=\"color: #000000;\">N\u00eb qarkun e Tiran\u00ebs 7300 votues.<\/span><\/em><\/p>\n<p><em><span style=\"color: #000000;\">N\u00eb qarkun Elbasan 2149 votues.<\/span><\/em><\/p>\n<p><em><span style=\"color: #000000;\">N\u00eb qarkun Kor\u00e7\u00eb 2620 votues.<\/span><\/em><\/p>\n<p><em><span style=\"color: #000000;\">N\u00eb qarkun Berat 975 votues.<\/span><\/em><\/p>\n<p><em><span style=\"color: #000000;\">N\u00eb qarkun Fier 2555 votues.<\/span><\/em><\/p>\n<p><em><span style=\"color: #000000;\">N\u00eb qarkun Vlor\u00eb 1872 votues.<\/span><\/em><\/p>\n<p><em><span style=\"color: #000000;\">N\u00eb qarkun Gjirokast\u00ebr 1063 votues.<\/span><\/em><\/p>\n<p><em><span style=\"color: #000000;\">Pra, sikurse e p\u00ebrm\u00ebenda edhe m\u00eb sip\u00ebr \u00ebsht\u00eb nj\u00eb pjes\u00ebmarrje shum\u00eb e k\u00ebnaqshme. Ka fluks, vazhdon ende fluksi n\u00eb shum\u00eb qendra votimi. Sipas raportimeve q\u00eb kemi, shpeshher\u00eb nuk mund q\u00eb t\u00eb marrim dhe informacionin, sepse komisioner\u00ebt dhe strukturat e Partis\u00eb Demokratike jan\u00eb angazhuar p\u00ebr t\u00eb ndihmuar votuesit, p\u00ebr t\u2019i orientuar p\u00ebr t\u00eb votuar.<\/span><\/em><\/p>\n<p><span style=\"color: #000000;\"><em>Pra, \u00ebsht\u00eb d\u00ebshir\u00eb dhe vullnet i qytetar\u00ebve shqiptar\u00eb p\u00ebr t\u00eb shprehur me vot\u00ebn e tyre se k\u00eb duan ata q\u00eb ta ken\u00eb p\u00ebr p\u00ebrfaq\u00ebsues p\u00ebr zgjedhjet e vitit 2023. Procesi po vazhdon me ritme shum\u00eb t\u00eb larta. Si komision jemi munduar q\u00eb t\u00eb akomodojm\u00eb \u00e7do problematik\u00eb, apo \u00e7do shqet\u00ebsim q\u00eb ka ardhur si nga deg\u00ebt e PD ashtu edhe nga kandidat\u00eb t\u00eb caktuar.\u201d<\/em>&#8211; tha Vokshi.<\/span><\/p>\n<p><span style=\"color: #000000;\">Kryetarja e KOKOE-s nd\u00ebrkoh\u00eb iu p\u00ebrgjigj edhe pyetjeve t\u00eb gazetar\u00ebve.<\/span><\/p>\n<p><em><span style=\"color: #000000;\"><strong>P\u00ebrgjigjet p\u00ebr pyetjet e gazetar\u00ebve:<\/strong><\/span><\/em><\/p>\n<p><strong><span style=\"color: #000000;\">Sa \u00ebsht\u00eb numri total i an\u00ebtar\u00ebve dhe simpatizant\u00ebve t\u00eb PD q\u00eb kan\u00eb t\u00eb drejt\u00ebn e vot\u00ebs sot?<\/span><\/strong><\/p>\n<p><span style=\"color: #000000;\"><strong>Vokshi<\/strong>:\u00a0Do t\u2019ju japim nj\u00eb raportim pak m\u00eb von\u00eb. Nj\u00eb raportim t\u00eb p\u00ebrgjithsh\u00ebm n\u00eb total, si p\u00ebr numrin e an\u00ebtar\u00ebve dhe t\u00eb simpatizant\u00ebve q\u00eb \u00ebsht\u00eb i rregjistruar dhe t\u00eb atyre q\u00eb kan\u00eb votuar. Por n\u00ebse e b\u00ebjm\u00eb nj\u00eb krahasim me numrin e votuesve t\u00eb sot\u00ebm deri n\u00eb or\u00ebn 1. Atyre q\u00eb kan\u00eb votuar n\u00eb t\u00eb gjitha zgjedhjet vitet e fundit, qoft\u00eb p\u00ebr referenduam, apo qoft\u00eb p\u00ebr kryetarin e PD, apo qoft\u00eb edhe p\u00ebr kryetar\u00ebt e deg\u00ebve.<\/span><\/p>\n<p><span style=\"color: #000000;\">Numri i votuesve deri n\u00eb or\u00ebn nj\u00eb \u00ebsht\u00eb shum\u00eb m\u00eb i lart\u00eb se n\u00eb t\u00eb gjitha zgjedhjet e tjera. Tregohet interesi shum\u00eb i lart\u00eb i t\u00eb gjith\u00eb qytetar\u00ebve.<\/span><\/p>\n<p><span style=\"color: #000000;\">Thirrja ime n\u00eb k\u00ebto or\u00eb t\u00eb mbetura, deri n\u00eb or\u00ebn 6 ose 7, ose deri sa t\u00eb vazhdohet t\u00eb votohet nga an\u00ebtar\u00ebt, apo nga demokrat\u00ebt e fundit. P\u00ebr \u00e7do qytetar q\u00eb \u00ebsht\u00eb i rregjistruar si an\u00ebtar apo si simpatizant i PD t\u00eb \u00e7do dege t\u00eb shkoj\u00eb p\u00ebr t\u00eb votuar sipas qendrave t\u00eb votimit n\u00eb m\u00ebyr\u00eb q\u00eb t\u00eb shprehet vullneti i tyre n\u00eb procesin m\u00eb demokratik q\u00eb ka patur ndonj\u00ebher\u00eb nj\u00eb parti politike n\u00eb Shqip\u00ebri. P\u00ebr her\u00eb t\u00eb par\u00eb n\u00eb nj\u00eb parti politike, vullneti primar i ka kaluar an\u00ebtar\u00ebsis\u00eb dhe vullnetit t\u00eb tyre.<\/span><\/p>\n<p><strong><span style=\"color: #000000;\">P\u00ebrderisa ju i referoheni zgjedhjeve t\u00eb shkuara nuk kemi t\u00eb dh\u00ebna p\u00ebr list\u00ebn e an\u00ebtar\u00ebve?<\/span><\/strong><\/p>\n<p><span style=\"color: #000000;\"><strong>Vokshi<\/strong>:\u00a0\u00cbsht\u00eb shum\u00eb demokratik, sepse ne po ju themi q\u00eb \u00e7do qytetar, \u00e7do an\u00ebtar, \u00e7do simpatizant, deri m\u00eb tani e ka shprehur. Mbi 30.000 votues, pavar\u00ebsisht se \u00ebsht\u00eb nj\u00eb process. B\u00ebni durim dhe do ua japim list\u00ebn n\u00eb p\u00ebrfundim. N\u00eb fund do t\u2019ua japim t\u00eb gjitha. Por kini parasysh, \u00ebsht\u00eb me mij\u00ebra e mij\u00ebra m\u00eb shum\u00eb deri n\u00eb or\u00ebn 1, sesa kan\u00eb votuar n\u00eb 22 maj. Kjo do t\u00eb thot\u00eb q\u00eb \u00ebsht\u00eb procesi m\u00eb demokratik, qytetar\u00ebt besojn\u00eb n\u00eb k\u00ebt\u00eb process, prandaj edhe numri i qytetar\u00ebve t\u00eb regjistruar si simpatizant\u00eb \u00ebsht\u00eb iI lart\u00eb, do t\u2019ua japim n\u00eb fund edhe shifrat, dhe tregohet edhe me numrin dhe p\u00ebrqindjen e votuesve.<\/span><\/p>\n<p><strong><span style=\"color: #000000;\">Sa i takon list\u00ebs s\u00eb an\u00ebtar\u00ebsive, gjithmon\u00eb ka patur probleme, sepse ju i jeni referuar \u00e7\u00ebshtjes s\u00eb referendumit, \u00e7\u00ebshtjes s\u00eb z.Berisha si kryetar partie. Sa i takon \u00e7\u00ebshtjes s\u00eb simpatizant\u00ebve, proces q\u00eb ka nisur n\u00eb 18 tetor dhe ka p\u00ebrfunduar 5 dit\u00eb p\u00ebrpara mbajtjes s\u00eb k\u00ebtyre zgjedhjeve. A kemi ne nj\u00eb num\u00ebr sesa simpatizant\u00eb jan\u00eb rregjistruar n\u00eb k\u00ebt\u00eb proces q\u00eb marrin pjes\u00eb n\u00eb 57 bashki?<\/span><\/strong><\/p>\n<p><span style=\"color: #000000;\"><strong>Vokshi<\/strong>:\u00a0Do t\u2019ua japim n\u00eb p\u00ebrfundim sipas t\u00eb gjitha deg\u00ebve. Nuk e kam k\u00ebtu me vete, por do t\u2019ua japim s\u00eb bashku me numrin e votuesve n\u00eb fund t\u00eb dit\u00ebs, padyshim q\u00eb do ua japim.<\/span><\/p>\n<p><strong><span style=\"color: #000000;\">Nj\u00eb pyetje p\u00ebr sa i takon dor\u00ebheqjeve nga kandidimi. Shemsi Pren\u00e7i a \u00ebsht\u00eb t\u00ebrhequr nga gara?<\/span><\/strong><\/p>\n<p><span style=\"color: #000000;\"><strong>Vokshi<\/strong>: Ishte nj\u00eb lajm q\u00eb un\u00eb e m\u00ebsova nga media. Ka patur nj\u00eb reagim n\u00eb rrjetet sociale. Si komision ndiejm\u00eb keqardhje p\u00ebr k\u00ebt\u00eb dor\u00ebheqje, edhe p\u00ebr faktin se deri m\u00eb sot nga z.Pren\u00e7i nuk ka ardhur as edhe nj\u00eb shqet\u00ebsim, nuk ka ardhur as edhe nj\u00eb problematik\u00eb. Kemi pasur disa sheqt\u00ebsime, apo problematika, nga struktura. \u00c7do problematik\u00eb q\u00eb ka ardhur n\u00eb komisionin ton\u00eb \u00ebsht\u00eb trajtuar n\u00eb koh\u00eb reale dhe ka marr\u00eb zgjidhje, ndaj edhe votimi po vazhdon n\u00eb m\u00ebnyr\u00eb normale. Ka patur disa problematika t\u00eb vogla, sepse n\u00eb k\u00ebto p\u00ebrmasa, sigurisht asnj\u00ebher\u00eb nuk mund t\u00eb thuash se pro\u00e7esi \u00ebsht\u00eb perfekt. Sidomos n\u00eb k\u00ebto p\u00ebrmasa n\u00eb k\u00ebt\u00eb m\u00ebnyr\u00eb, duke futur me dhjet\u00ebra e mij\u00ebra simpatizant\u00eb, sigurisht q\u00eb nuk \u00ebsht\u00eb e leht\u00eb, nuk mud t\u00eb jet\u00eb perfekt, por \u00ebsht\u00eb procesi m\u00eb demokratik dhe p\u00ebr k\u00ebt\u00eb t\u00eb jeni t\u00eb sigurt\u00eb.<\/span><\/p>\n<p><span style=\"color: #000000;\">P\u00ebr sa i p\u00ebrket z.Pren\u00e7i deri m\u00eb sot, t\u00eb pakt\u00ebn kur e kemi takuar ka qen\u00eb i k\u00ebnaqur nga procesi. Nuk ka ngritur asnj\u00eb shqet\u00ebsim, kemi patur disa problematika me listat nga Kamza dhe Paskuqani, dua t\u2019ju informoj q\u00eb ka qen\u00eb numri rekord i simpatizant\u00ebve t\u00eb rregjistruar.<\/span><\/p>\n<p><span style=\"color: #000000;\">N\u00eb Kam\u00ebz sot, nga tri qendra votimi q\u00eb ka patur zgjedhjet e kaluara, ka 12 qendra votimi dhe puna p\u00ebr t\u2019i ndar\u00eb edhe simpatizant\u00ebt edhe an\u00ebtar\u00ebt. Lista e an\u00ebtar\u00ebve \u00ebsht\u00eb nj\u00eb list\u00eb e madhe sepse jan\u00eb p\u00ebrfshir\u00eb t\u00eb gjith\u00eb an\u00ebtar\u00ebt nd\u00ebr vit\u00eb t\u00eb PD, duke u munduar t\u00eb mos ekskludojm\u00eb as edhe nj\u00eb an\u00ebtar t\u00eb an\u00ebtar\u00ebsuar n\u00eb PD deri m\u00eb sot. Gara ka emocionet e veta, por do t\u00eb kishim dashur q\u00eb edhe pjesa emocionale t\u00eb ishte p\u00ebrballur nga t\u00eb gjith\u00eb kandidat\u00ebt dhe t\u00eb kishin pritur deri n\u00eb fund t\u00eb gar\u00ebs, sepse pse jo q\u00eb edhe po t\u00eb kishin patur qoft\u00eb edhe nj\u00eb shqet\u00ebsim, t\u00eb kishin ardhur dhe t\u00eb kishin referuar. Sigurisht q\u00eb rregjistrimi i simpatizant\u00ebve \u00ebsht\u00eb b\u00ebr\u00eb sipas nj\u00eb procedure t\u00eb p\u00ebrcaktuara shum\u00eb qart\u00eb n\u00eb vendimet e kryesis\u00eb s\u00eb PD dhe n\u00eb udh\u00ebzimet e komisionit p\u00ebr organizmin dhe kontrollin e operacioneve elektorale. Ka patur nj\u00eb process verifikimi nga dega. T\u00eb gjith\u00eb q\u00eb jan\u00eb verifikuar nga dega nuk jan\u00eb socialist, jan\u00eb demokrat\u00eb t\u00eb PD nd\u00ebr vite<\/span><\/p>\n<p><span style=\"color: #000000;\">Kjo \u00ebsht\u00eb ajo q\u00eb un\u00eb mund t\u2019ju them tani, edhe nj\u00ebher\u00eb i b\u00ebj thirrje \u00e7do an\u00ebtari dhe \u00e7do simpatizanti t\u00eb shfryt\u00ebzoj\u00eb edhe k\u00ebto or\u00eb q\u00eb ka mbetur p\u00ebr t\u00eb shprehur vullnetin e tyre me vot\u00eb p\u00ebr t\u00eb p\u00ebrfaq\u00ebsuesin e tyre n\u00eb zgjedhjet lokale t\u00eb 2023.<\/span><\/p>\n","protected":false,"gt_translate_keys":[{"key":"rendered","format":"html"}]},"excerpt":{"rendered":"<p>Kryetarja e Komisionit t\u00eb Organizimit dhe Kontrollit t\u00eb Operacioneve Elektorale pran\u00eb Partis\u00eb Demokratike (KOKOE), Albana Vokshi ka deklaruar se ka pasur nj\u00eb pjes\u00ebmarrje shum\u00eb t\u00eb lart\u00eb n\u00eb Primaret e sotme. B\u00ebhet fjal\u00eb p\u00ebr nj\u00eb num\u00ebr total mbi 30 mij\u00eb an\u00ebtar\u00eb dhe simpatizant\u00eb q\u00eb kan\u00eb hedhur vot\u00ebn e tyre. Ajo zbuloi edhe numrin e atyre q\u00eb [&hellip;]<\/p>\n","protected":false,"gt_translate_keys":[{"key":"rendered","format":"html"}]},"author":30,"featured_media":565505,"comment_status":"closed","ping_status":"closed","sticky":false,"template":"","format":"standard","meta":{"footnotes":""},"categories":[65,13],"tags":[],"class_list":["post-565508","post","type-post","status-publish","format-standard","has-post-thumbnail","hentry","category-lajme","category-te-fundit"],"gt_translate_keys":[{"key":"link","format":"url"}],"_links":{"self":[{"href":"https:\/\/www.hashtag.al\/index.php\/wp-json\/wp\/v2\/posts\/565508","targetHints":{"allow":["GET"]}}],"collection":[{"href":"https:\/\/www.hashtag.al\/index.php\/wp-json\/wp\/v2\/posts"}],"about":[{"href":"https:\/\/www.hashtag.al\/index.php\/wp-json\/wp\/v2\/types\/post"}],"author":[{"embeddable":true,"href":"https:\/\/www.hashtag.al\/index.php\/wp-json\/wp\/v2\/users\/30"}],"replies":[{"embeddable":true,"href":"https:\/\/www.hashtag.al\/index.php\/wp-json\/wp\/v2\/comments?post=565508"}],"version-history":[{"count":0,"href":"https:\/\/www.hashtag.al\/index.php\/wp-json\/wp\/v2\/posts\/565508\/revisions"}],"wp:featuredmedia":[{"embeddable":true,"href":"https:\/\/www.hashtag.al\/index.php\/wp-json\/wp\/v2\/media\/565505"}],"wp:attachment":[{"href":"https:\/\/www.hashtag.al\/index.php\/wp-json\/wp\/v2\/media?parent=565508"}],"wp:term":[{"taxonomy":"category","embeddable":true,"href":"https:\/\/www.hashtag.al\/index.php\/wp-json\/wp\/v2\/categories?post=565508"},{"taxonomy":"post_tag","embeddable":true,"href":"https:\/\/www.hashtag.al\/index.php\/wp-json\/wp\/v2\/tags?post=565508"}],"curies":[{"name":"wp","href":"https:\/\/api.w.org\/{rel}","templated":true}]}}