{"id":565222,"date":"2022-12-02T19:54:13","date_gmt":"2022-12-02T18:54:13","guid":{"rendered":"https:\/\/www.hashtag.al\/?p=565222"},"modified":"2022-12-02T19:54:13","modified_gmt":"2022-12-02T18:54:13","slug":"ministria-gjermane-e-financave-refuzon-kerkesen-urgjente-te-mbrojtjes-per-fonde-media","status":"publish","type":"post","link":"https:\/\/www.hashtag.al\/index.php\/2022\/12\/02\/ministria-gjermane-e-financave-refuzon-kerkesen-urgjente-te-mbrojtjes-per-fonde-media\/","title":{"rendered":"Ministria gjermane e Financave refuzon k\u00ebrkes\u00ebn \u2018urgjente\u2019 t\u00eb mbrojtjes p\u00ebr fonde &#8211; Media","gt_translate_keys":[{"key":"rendered","format":"text"}]},"content":{"rendered":"<p><span style=\"color: #000000;\"><img loading=\"lazy\" decoding=\"async\" class=\"aligncenter size-full wp-image-565223\" src=\"https:\/\/www.hashtag.al\/wp-content\/uploads\/2022\/12\/bundesehr.jpg\" alt=\"\" width=\"768\" height=\"432\" srcset=\"https:\/\/www.hashtag.al\/wp-content\/uploads\/2022\/12\/bundesehr.jpg 768w, https:\/\/www.hashtag.al\/wp-content\/uploads\/2022\/12\/bundesehr-300x169.jpg 300w\" sizes=\"auto, (max-width: 768px) 100vw, 768px\" \/><\/span><\/p>\n<p><span style=\"color: #000000;\">Ministria e Financave e Gjermanis\u00eb thuhet se ka hedhur posht\u00eb nj\u00eb thirrje urgjente nga ministrja e Mbrojtjes Christine Lambrecht p\u00ebr m\u00eb shum\u00eb para p\u00ebr t\u00eb z\u00ebvend\u00ebsuar munges\u00ebn e madhe t\u00eb municioneve n\u00eb ushtrin\u00eb e vendit.<\/span><\/p>\n<p><span style=\"color: #000000;\">N\u00eb nj\u00eb let\u00ebr t\u00eb par\u00eb nga Agjencia Gjermane e Shtypit (DPA), Sekretari i Shtetit i Financave Steffen Saebisch tha se duket se ka nj\u00eb \u2018perceptim t\u00eb ndrysh\u00ebm\u2019 p\u00ebr shkakun e kriz\u00ebs s\u00eb municioneve midis prodhuesve t\u00eb municioneve.<\/span><\/p>\n<p><span style=\"color: #000000;\">P\u00ebrgjigja e Ministris\u00eb s\u00eb Financave vjen pasi Lambrecht i SPD-s\u00eb thuhet se i kishte shkruar partnerit t\u00eb saj t\u00eb koalicionit, ministrit t\u00eb Financave Christian Lindner t\u00eb FDP-s\u00eb, duke k\u00ebrkuar m\u00eb shum\u00eb fonde.<\/span><\/p>\n<p><span style=\"color: #000000;\">Nd\u00ebrsa Lambrecht faj\u00ebsoi munges\u00ebn e fondeve p\u00ebr munges\u00ebn e municioneve dhe k\u00ebrkoi m\u00eb shum\u00eb para \u2018menj\u00ebher\u00eb n\u00eb nj\u00eb sasi t\u00eb konsiderueshme\u2019, Saebisch tha se p\u00ebrfaq\u00ebsuesit e industris\u00eb besonin se disponueshm\u00ebria e ngadalt\u00eb e pajisjeve dhe municioneve &#8216;nuk ishte p\u00ebr shkak t\u00eb munges\u00ebs s\u00eb fondeve buxhetore&#8217; por proceseve t\u00eb porositjes \u2018t\u00eb nd\u00ebrlikuara, ndonj\u00ebher\u00eb jo transparente dhe jo t\u00eb q\u00ebndrueshme\u2019 t\u00eb ministris\u00eb.<\/span><\/p>\n<p><span style=\"color: #000000;\">Megjithat\u00eb, Ministria e Financave u zotua t\u00eb mb\u00ebshtes\u00eb Ministrin\u00eb e Mbrojtjes n\u00eb \u2018p\u00ebrmir\u00ebsimin e proceseve t\u00eb planifikimit\u2019.<\/span><\/p>\n<p><span style=\"color: #000000;\">S\u00eb pari, Saebisch rekomandoi q\u00eb Lambrecht t\u00eb hynte n\u00eb bisedime me industrin\u00eb e arm\u00ebve dhe t\u00eb kishte nj\u00eb \u2018shk\u00ebmbim \u00a0konkret informacioni\u2019 me prodhuesit, si dhe \u2018mbik\u00ebqyrje t\u00eb v\u00ebrtet\u00eb e t\u00eb vazhdueshme\u2019 t\u00eb k\u00ebrkesave p\u00ebr financim.<\/span><\/p>\n<p><span style=\"color: #000000;\">Muajin e kaluar, komisionerja e Bundestagut p\u00ebr Forcat e Armatosura, Eva Hoegl, paralajm\u00ebroi se ushtria e vendit po p\u00ebrballej me mungesa t\u00eb m\u00ebdha municioni dhe tha rimbushja e rezervave do kushtonte 20 miliard\u00eb euro.<\/span><\/p>\n","protected":false,"gt_translate_keys":[{"key":"rendered","format":"html"}]},"excerpt":{"rendered":"<p>Ministria e Financave e Gjermanis\u00eb thuhet se ka hedhur posht\u00eb nj\u00eb thirrje urgjente nga ministrja e Mbrojtjes Christine Lambrecht p\u00ebr m\u00eb shum\u00eb para p\u00ebr t\u00eb z\u00ebvend\u00ebsuar munges\u00ebn e madhe t\u00eb municioneve n\u00eb ushtrin\u00eb e vendit. N\u00eb nj\u00eb let\u00ebr t\u00eb par\u00eb nga Agjencia Gjermane e Shtypit (DPA), Sekretari i Shtetit i Financave Steffen Saebisch tha se [&hellip;]<\/p>\n","protected":false,"gt_translate_keys":[{"key":"rendered","format":"html"}]},"author":51,"featured_media":565223,"comment_status":"closed","ping_status":"closed","sticky":false,"template":"","format":"standard","meta":{"footnotes":""},"categories":[53],"tags":[],"class_list":["post-565222","post","type-post","status-publish","format-standard","has-post-thumbnail","hentry","category-fast-foodi"],"gt_translate_keys":[{"key":"link","format":"url"}],"_links":{"self":[{"href":"https:\/\/www.hashtag.al\/index.php\/wp-json\/wp\/v2\/posts\/565222","targetHints":{"allow":["GET"]}}],"collection":[{"href":"https:\/\/www.hashtag.al\/index.php\/wp-json\/wp\/v2\/posts"}],"about":[{"href":"https:\/\/www.hashtag.al\/index.php\/wp-json\/wp\/v2\/types\/post"}],"author":[{"embeddable":true,"href":"https:\/\/www.hashtag.al\/index.php\/wp-json\/wp\/v2\/users\/51"}],"replies":[{"embeddable":true,"href":"https:\/\/www.hashtag.al\/index.php\/wp-json\/wp\/v2\/comments?post=565222"}],"version-history":[{"count":0,"href":"https:\/\/www.hashtag.al\/index.php\/wp-json\/wp\/v2\/posts\/565222\/revisions"}],"wp:featuredmedia":[{"embeddable":true,"href":"https:\/\/www.hashtag.al\/index.php\/wp-json\/wp\/v2\/media\/565223"}],"wp:attachment":[{"href":"https:\/\/www.hashtag.al\/index.php\/wp-json\/wp\/v2\/media?parent=565222"}],"wp:term":[{"taxonomy":"category","embeddable":true,"href":"https:\/\/www.hashtag.al\/index.php\/wp-json\/wp\/v2\/categories?post=565222"},{"taxonomy":"post_tag","embeddable":true,"href":"https:\/\/www.hashtag.al\/index.php\/wp-json\/wp\/v2\/tags?post=565222"}],"curies":[{"name":"wp","href":"https:\/\/api.w.org\/{rel}","templated":true}]}}