{"id":564792,"date":"2022-11-30T18:26:57","date_gmt":"2022-11-30T17:26:57","guid":{"rendered":"https:\/\/www.hashtag.al\/?p=564792"},"modified":"2022-11-30T18:26:57","modified_gmt":"2022-11-30T17:26:57","slug":"moldavia-nuk-synon-anetaresimin-ne-nato","status":"publish","type":"post","link":"https:\/\/www.hashtag.al\/index.php\/2022\/11\/30\/moldavia-nuk-synon-anetaresimin-ne-nato\/","title":{"rendered":"Moldavia nuk synon an\u00ebtar\u00ebsimin n\u00eb NATO","gt_translate_keys":[{"key":"rendered","format":"text"}]},"content":{"rendered":"<p><span style=\"color: #000000;\"><a style=\"color: #000000;\" href=\"https:\/\/www.hashtag.al\/wp-content\/uploads\/2022\/11\/nato-sumit.png\"><img loading=\"lazy\" decoding=\"async\" class=\"aligncenter size-full wp-image-564793\" src=\"https:\/\/www.hashtag.al\/wp-content\/uploads\/2022\/11\/nato-sumit.png\" alt=\"\" width=\"1527\" height=\"813\" srcset=\"https:\/\/www.hashtag.al\/wp-content\/uploads\/2022\/11\/nato-sumit.png 1527w, https:\/\/www.hashtag.al\/wp-content\/uploads\/2022\/11\/nato-sumit-300x160.png 300w, https:\/\/www.hashtag.al\/wp-content\/uploads\/2022\/11\/nato-sumit-1024x545.png 1024w, https:\/\/www.hashtag.al\/wp-content\/uploads\/2022\/11\/nato-sumit-768x409.png 768w\" sizes=\"auto, (max-width: 1527px) 100vw, 1527px\" \/><\/a><\/span><\/p>\n<p><span style=\"color: #000000;\">Moldavia nuk po synon an\u00ebtar\u00ebsimin n\u00eb NATO, tha ministri i Jasht\u00ebm Nicu Popescu, duke shtuar se neutraliteti i shtetit t\u00eb tij \u00ebsht\u00eb pjes\u00eb e Kushtetut\u00ebs s\u00eb vendit.<\/span><\/p>\n<p><span style=\"color: #000000;\">Por, Popescu, q\u00eb foli me gazetar\u00ebt n\u00eb margjinat e samitit t\u00eb ministrave t\u00eb Jasht\u00ebm t\u00eb NATO-s n\u00eb Bukuresht m\u00eb 30 n\u00ebntor, tha se neutraliteti i Moldavis\u00eb nuk n\u00ebnkupton vet\u00ebizolim, \u00e7militarizim ose indiferenc\u00eb ndaj \u00e7\u00ebshtjeve bot\u00ebrore.<\/span><\/p>\n<p><span style=\"color: #000000;\">Ministrat e NATO-s gjat\u00eb takimit dyditor u zotuan se do t\u2019i ofrojn\u00eb \u201cmb\u00ebshtetje m\u00eb t\u00eb fort\u00eb\u201d Moldavis\u00eb, Gjeorgjis\u00eb dhe Bosnj\u00eb e Hercegovin\u00ebs, shtete k\u00ebto q\u00eb sipas sekretarit t\u00eb P\u00ebrgjithsh\u00ebm t\u00eb aleanc\u00ebs, Jens Stoltenberg, \u201cpo p\u00ebrballen me presion nga Rusia\u201d pas nisjes s\u00eb pushtimit rus t\u00eb Ukrain\u00ebs.<\/span><\/p>\n<p><span style=\"color: #000000;\">Moldavia, nj\u00eb prej shteteve m\u00eb t\u00eb varfra t\u00eb Evrop\u00ebs, ka pranuar qindra mij\u00ebra refugjat\u00eb pas nisjes s\u00eb pushtimit t\u00eb Ukrain\u00ebs dhe po ashtu \u00ebsht\u00eb prekur nga reduktimet e energjis\u00eb p\u00ebr shkak t\u00eb sulmeve t\u00eb Mosk\u00ebs ndaj infrastruktur\u00ebs s\u00eb energjis\u00eb ukrainase.<\/span><\/p>\n<p><span style=\"color: #000000;\">Popescu tha se hap\u00ebsira ajrore e Moldavis\u00eb \u00ebsht\u00eb shkelur nga raketat ruse q\u00eb kan\u00eb pasur p\u00ebr cak Ukrain\u00ebn dhe se raketat ruse madje kan\u00eb r\u00ebn\u00eb n\u00eb territorin moldav.<\/span><\/p>\n<p><span style=\"color: #000000;\">\u201cNe jetojm\u00eb n\u00eb nj\u00eb rajon t\u00eb v\u00ebshtir\u00eb, t\u00eb prekur nga agresioni brutal i Rusis\u00eb kund\u00ebr Ukrain\u00ebs, nj\u00eb fakt q\u00eb ka pasoja dramatike p\u00ebr shtetin ton\u00eb\u201d, tha Popescu.<\/span><\/p>\n<p><span style=\"color: #000000;\">Moldavia, q\u00eb kufizohet me Ukrain\u00ebn dhe me an\u00ebtaren e NATO-s, Rumanin\u00eb, jav\u00ebn e kaluar paralajm\u00ebroi qytetar\u00ebt q\u00eb t\u00eb b\u00ebhen gati p\u00ebr nj\u00eb dim\u00ebr t\u00eb ashp\u00ebr, pasi tha se po p\u00ebrballet me \u201ckriz\u00eb akute\u201d t\u00eb energjis\u00eb, kriz\u00eb q\u00eb rrezikon t\u00eb rris\u00eb pak\u00ebnaq\u00ebsin\u00eb qytetare.<\/span><\/p>\n<p><span style=\"color: #000000;\">N\u00eb fund t\u00eb takimit t\u00eb ministrave t\u00eb NATO-s, Stoltenberg n\u00eb konferenc\u00ebn p\u00ebr media tha se aleanca do t\u00eb rris\u00eb mb\u00ebshtetjen p\u00ebr k\u00ebto tri shtete, pa ofruar detaje t\u00eb tjera.<\/span><\/p>\n<p><span style=\"color: #000000;\">\u201cM\u00ebsimi q\u00eb kemi nxjerr nga Ukraina \u00ebsht\u00eb se ne duhet t\u2019i mb\u00ebshtesim k\u00ebto shtete tani\u201d, tha Stoltenberg.<\/span><\/p>\n<p><span style=\"color: #000000;\">\u201cK\u00ebto shtete preken nga ndikimi rus n\u00eb shum\u00eb m\u00ebnyra, por \u00ebsht\u00eb m\u00eb mir\u00eb q\u00eb k\u00ebto shtete t\u00eb mb\u00ebshteten tani sesa m\u00eb von\u00eb t\u00eb shohim zhvillime q\u00eb absolutisht shkojn\u00eb n\u00eb drejtim t\u00eb gabuar, ashtu si\u00e7 pam\u00eb me pushtimin e Ukrain\u00ebs m\u00eb her\u00ebt gjat\u00eb k\u00ebtij viti\u201d, shtoi ai.<\/span><\/p>\n<p><span style=\"color: #000000;\">Frika se konflikti n\u00eb Ukrain\u00eb mund t\u00eb p\u00ebrhapet ka vazhduar t\u00eb mbret\u00ebroj\u00eb q\u00eb nga nisja e pushtimit rus, pasi ka shqet\u00ebsime se Moska mund t\u00eb tentoj\u00eb t\u00eb krijoj\u00eb nj\u00eb korridor tok\u00ebsor p\u00ebrmes Ukrain\u00ebs jugore p\u00ebr n\u00eb rajonin e shk\u00ebputur t\u00eb Transnjest\u00ebrit n\u00eb Moldavi.<\/span><\/p>\n<p><span style=\"color: #000000;\">N\u00eb k\u00ebt\u00eb rajon t\u00eb shk\u00ebputur, Rusia ka vendosur af\u00ebr 1.500 ushtar\u00eb t\u00eb cil\u00ebt thuhet se ruajn\u00eb n\u00eb depo t\u00eb madhe t\u00eb arm\u00ebve q\u00eb ishte nd\u00ebrtuar n\u00eb koh\u00ebn sovjetike.<\/span><\/p>\n<p><span style=\"color: #000000;\">P\u00ebrve\u00e7 k\u00ebtyre trupave pran\u00eb k\u00ebsaj depoje, Rusia po ashtu ka edhe 400-500 ushtar\u00eb t\u00eb tjer\u00eb n\u00eb rajon, q\u00eb thuhet se jan\u00eb trupa paqeruajt\u00ebse. K\u00ebto trupa jan\u00eb n\u00eb k\u00ebt\u00eb rajon q\u00eb nga p\u00ebrfundimi i luft\u00ebs m\u00eb 1992 mes Moldavis\u00eb dhe Transnjest\u00ebrit. Konflikti p\u00ebrfundoi pas nj\u00eb arm\u00ebpushimi, t\u00eb cilin e mbik\u00ebqyrin trupat ruse.<\/span><\/p>\n<p>&nbsp;<\/p>\n","protected":false,"gt_translate_keys":[{"key":"rendered","format":"html"}]},"excerpt":{"rendered":"<p>Moldavia nuk po synon an\u00ebtar\u00ebsimin n\u00eb NATO, tha ministri i Jasht\u00ebm Nicu Popescu, duke shtuar se neutraliteti i shtetit t\u00eb tij \u00ebsht\u00eb pjes\u00eb e Kushtetut\u00ebs s\u00eb vendit. Por, Popescu, q\u00eb foli me gazetar\u00ebt n\u00eb margjinat e samitit t\u00eb ministrave t\u00eb Jasht\u00ebm t\u00eb NATO-s n\u00eb Bukuresht m\u00eb 30 n\u00ebntor, tha se neutraliteti i Moldavis\u00eb nuk n\u00ebnkupton [&hellip;]<\/p>\n","protected":false,"gt_translate_keys":[{"key":"rendered","format":"html"}]},"author":32,"featured_media":564793,"comment_status":"closed","ping_status":"closed","sticky":false,"template":"","format":"standard","meta":{"footnotes":""},"categories":[6,13],"tags":[],"class_list":["post-564792","post","type-post","status-publish","format-standard","has-post-thumbnail","hentry","category-nderkombetare","category-te-fundit"],"gt_translate_keys":[{"key":"link","format":"url"}],"_links":{"self":[{"href":"https:\/\/www.hashtag.al\/index.php\/wp-json\/wp\/v2\/posts\/564792","targetHints":{"allow":["GET"]}}],"collection":[{"href":"https:\/\/www.hashtag.al\/index.php\/wp-json\/wp\/v2\/posts"}],"about":[{"href":"https:\/\/www.hashtag.al\/index.php\/wp-json\/wp\/v2\/types\/post"}],"author":[{"embeddable":true,"href":"https:\/\/www.hashtag.al\/index.php\/wp-json\/wp\/v2\/users\/32"}],"replies":[{"embeddable":true,"href":"https:\/\/www.hashtag.al\/index.php\/wp-json\/wp\/v2\/comments?post=564792"}],"version-history":[{"count":0,"href":"https:\/\/www.hashtag.al\/index.php\/wp-json\/wp\/v2\/posts\/564792\/revisions"}],"wp:featuredmedia":[{"embeddable":true,"href":"https:\/\/www.hashtag.al\/index.php\/wp-json\/wp\/v2\/media\/564793"}],"wp:attachment":[{"href":"https:\/\/www.hashtag.al\/index.php\/wp-json\/wp\/v2\/media?parent=564792"}],"wp:term":[{"taxonomy":"category","embeddable":true,"href":"https:\/\/www.hashtag.al\/index.php\/wp-json\/wp\/v2\/categories?post=564792"},{"taxonomy":"post_tag","embeddable":true,"href":"https:\/\/www.hashtag.al\/index.php\/wp-json\/wp\/v2\/tags?post=564792"}],"curies":[{"name":"wp","href":"https:\/\/api.w.org\/{rel}","templated":true}]}}