{"id":564612,"date":"2022-11-29T21:32:58","date_gmt":"2022-11-29T20:32:58","guid":{"rendered":"https:\/\/www.hashtag.al\/?p=564612"},"modified":"2022-11-29T21:32:58","modified_gmt":"2022-11-29T20:32:58","slug":"boci-per-protesten-e-6-dhjetorit-do-jete-paqesore-asnje-problem-per-samitin","status":"publish","type":"post","link":"https:\/\/www.hashtag.al\/index.php\/2022\/11\/29\/boci-per-protesten-e-6-dhjetorit-do-jete-paqesore-asnje-problem-per-samitin\/","title":{"rendered":"Bo\u00e7i p\u00ebr protest\u00ebn e 6 dhjetorit: \u00a0Do jet\u00eb paq\u00ebsore, asnj\u00eb problem p\u00ebr samitin","gt_translate_keys":[{"key":"rendered","format":"text"}]},"content":{"rendered":"<p><span style=\"color: #000000;\"><img loading=\"lazy\" decoding=\"async\" class=\"aligncenter size-full wp-image-564613\" src=\"https:\/\/www.hashtag.al\/wp-content\/uploads\/2022\/11\/boci.jpeg\" alt=\"\" width=\"745\" height=\"419\" srcset=\"https:\/\/www.hashtag.al\/wp-content\/uploads\/2022\/11\/boci.jpeg 745w, https:\/\/www.hashtag.al\/wp-content\/uploads\/2022\/11\/boci-300x169.jpeg 300w\" sizes=\"auto, (max-width: 745px) 100vw, 745px\" \/><\/span><\/p>\n<p><span style=\"color: #000000;\">N\u00ebnkryetari i PD-s\u00eb deklaroi mbr\u00ebmjen e sotme se protesta e 6 dhjetorit e opozit\u00ebs nuk e cenon aspak samitin BE-Ballkani per\u00ebndimor q\u00eb mbahet n\u00eb t\u00eb nj\u00ebjt\u00ebn dit\u00eb n\u00eb Tiran\u00eb.<\/span><\/p>\n<p><span style=\"color: #000000;\"> I ftuar n\u00eb emisionin \u2018Open\u2019 n\u00eb News24, Bo\u00e7i, tha se samiti mbahet n\u00eb Pallatin e Kongreseve nd\u00ebrsa protesta para kryeministris\u00eb e sipas tij larg\u00ebsia mes t\u00eb dyjave \u00ebsht\u00eb e mjaftueshme p\u00ebr t\u00eb mos pasur ng\u00ebr\u00e7 p\u00ebr sa i p\u00ebrket vendit t\u00eb protest\u00ebs, p\u00ebr m\u00eb tep\u00ebr q\u00eb ato jan\u00eb paq\u00ebsore.<\/span><\/p>\n<p><span style=\"color: #000000;\"><em>\u201cNuk besoj se bashkia ka kompetenc\u00eb p\u00ebr t\u00eb nd\u00ebrhyr\u00eb n\u00eb raste t\u00eb protest\u00ebs s\u00eb opozit\u00ebs. \u00c7\u00ebshtja e reagimit t\u00eb policis\u00eb apo k\u00ebmb\u00ebnguljes son\u00eb nuk ka pasur vendim p\u00ebr vendin e zhvillimit t\u00eb samitit dhe ka qen\u00eb vendim i m\u00ebpassh\u00ebm. Larg\u00ebsia e Pallatit t\u00eb Kongreseve \u00ebsht\u00eb optimale n\u00eb raport me Kryeministrin\u00eb. Ndoshta policia e ekzagjeron, dihet q\u00eb samitet duan masa t\u00eb rrepta, por nga konfigurimi i shesheve, jan\u00eb t\u00eb mjaftueshme q\u00eb t\u00eb mos krijohet ky ng\u00ebr\u00e7 p\u00ebr vendin e tubimit, aq m\u00eb tep\u00ebr q\u00eb tubimet e opozit\u00ebs jan\u00eb paq\u00ebsore. Duhet t\u00eb zhvillohen aty ku qytetari k\u00ebrkon t\u00eb shpreh\u00eb protest\u00ebn e tij.\u201d<\/em> &#8211; tha Bo\u00e7i.<\/span><\/p>\n<p><span style=\"color: #000000;\">Ai shtoi m\u00eb tej se protesta do nxis\u00eb ndjeshm\u00ebrin\u00eb e samitit n\u00eb raport me zhvillimet e brendshme n\u00eb Shqip\u00ebri.<\/span><\/p>\n<p><span style=\"color: #000000;\"> Bo\u00e7i theksoi se e drejta e protest\u00ebs \u00ebsht\u00eb kushtetuese dhe se vendi i ka t\u00eb gjitha kapacitetet p\u00ebr t\u2019i b\u00ebr\u00eb. <\/span><\/p>\n<p><span style=\"color: #000000;\">Po k\u00ebshtu n\u00ebnkryetari i selis\u00eb blu tha se Shqip\u00ebria ka mund\u00ebsin\u00eb ta zhvendos\u00eb samitin te Pallati i Brigadave, p\u00ebr t\u00eb shmangur \u00e7do ng\u00ebr\u00e7 apo justifikim.<\/span><\/p>\n<p><span style=\"color: #000000;\"><em>\u201cVendi i zhvillimit, n\u00eb t\u00eb gjitha rastet, pjesa e protest\u00ebs zhvillohet af\u00ebr perimetrit t\u00eb zhvillimit t\u00eb samitit, q\u00eb mesazhet e qytetar\u00ebve t\u00eb ndikoj\u00eb tek samiti. Protesta duhet par\u00eb n\u00eb dy an\u00eb, ka karakter zem\u00ebrimi kund\u00ebr qeveris\u00eb, sikurse karakter festiv nga ardhjes s\u00eb lider\u00ebve europian. Duam q\u00eb ky samit t\u00eb ket\u00eb ndjeshm\u00ebri n\u00eb raport me zhvillimet e brendshme. \u00cbsht\u00eb e drejt\u00eb kushtetuese. Shqip\u00ebria i ka kapacitetet t\u00eb b\u00ebj\u00eb protesta. P\u00ebrgjegj\u00ebsin\u00eb e siguris\u00eb nuk e kan\u00eb qytetar\u00ebt, por institucionet. Ato parashikojn\u00eb \u00e7do lloj reagimi. Klasik p\u00ebr t\u2019u b\u00ebr\u00eb samitet \u00ebsht\u00eb dhe Pallati i Brigadave, dhe jo ai i Kongreseve. Ai q\u00eb ka p\u00ebrgjegj\u00ebsin\u00eb di t\u00eb b\u00ebj\u00eb dhe ndryshimet, dhe organizimet. Nuk \u00ebsht\u00eb i vetmi vend i p\u00ebrcaktuar \u2018ja k\u00ebtu, ja bjer dhe vdis\u2019. Mund t\u00eb ishte dhe koincidenc\u00eb protesta jon\u00eb. Kush ka p\u00ebrgjegj\u00ebsin\u00eb, ka dhe zgjidhet. Qeveria po krijon nj\u00eb artific\u00eb p\u00ebr t\u00eb goditur si pjes\u00eb e propagand\u00ebs, aksionin e opozit\u00ebs. Jemi n\u00eb stin\u00eb protestash.\u201d<\/em> &#8211; shtoi Bo\u00e7i.<\/span><\/p>\n<p>&nbsp;<\/p>\n","protected":false,"gt_translate_keys":[{"key":"rendered","format":"html"}]},"excerpt":{"rendered":"<p>N\u00ebnkryetari i PD-s\u00eb deklaroi mbr\u00ebmjen e sotme se protesta e 6 dhjetorit e opozit\u00ebs nuk e cenon aspak samitin BE-Ballkani per\u00ebndimor q\u00eb mbahet n\u00eb t\u00eb nj\u00ebjt\u00ebn dit\u00eb n\u00eb Tiran\u00eb. I ftuar n\u00eb emisionin \u2018Open\u2019 n\u00eb News24, Bo\u00e7i, tha se samiti mbahet n\u00eb Pallatin e Kongreseve nd\u00ebrsa protesta para kryeministris\u00eb e sipas tij larg\u00ebsia mes t\u00eb [&hellip;]<\/p>\n","protected":false,"gt_translate_keys":[{"key":"rendered","format":"html"}]},"author":51,"featured_media":564613,"comment_status":"closed","ping_status":"closed","sticky":false,"template":"","format":"standard","meta":{"footnotes":""},"categories":[65,13],"tags":[],"class_list":["post-564612","post","type-post","status-publish","format-standard","has-post-thumbnail","hentry","category-lajme","category-te-fundit"],"gt_translate_keys":[{"key":"link","format":"url"}],"_links":{"self":[{"href":"https:\/\/www.hashtag.al\/index.php\/wp-json\/wp\/v2\/posts\/564612","targetHints":{"allow":["GET"]}}],"collection":[{"href":"https:\/\/www.hashtag.al\/index.php\/wp-json\/wp\/v2\/posts"}],"about":[{"href":"https:\/\/www.hashtag.al\/index.php\/wp-json\/wp\/v2\/types\/post"}],"author":[{"embeddable":true,"href":"https:\/\/www.hashtag.al\/index.php\/wp-json\/wp\/v2\/users\/51"}],"replies":[{"embeddable":true,"href":"https:\/\/www.hashtag.al\/index.php\/wp-json\/wp\/v2\/comments?post=564612"}],"version-history":[{"count":0,"href":"https:\/\/www.hashtag.al\/index.php\/wp-json\/wp\/v2\/posts\/564612\/revisions"}],"wp:featuredmedia":[{"embeddable":true,"href":"https:\/\/www.hashtag.al\/index.php\/wp-json\/wp\/v2\/media\/564613"}],"wp:attachment":[{"href":"https:\/\/www.hashtag.al\/index.php\/wp-json\/wp\/v2\/media?parent=564612"}],"wp:term":[{"taxonomy":"category","embeddable":true,"href":"https:\/\/www.hashtag.al\/index.php\/wp-json\/wp\/v2\/categories?post=564612"},{"taxonomy":"post_tag","embeddable":true,"href":"https:\/\/www.hashtag.al\/index.php\/wp-json\/wp\/v2\/tags?post=564612"}],"curies":[{"name":"wp","href":"https:\/\/api.w.org\/{rel}","templated":true}]}}