{"id":564015,"date":"2022-11-27T12:33:30","date_gmt":"2022-11-27T11:33:30","guid":{"rendered":"https:\/\/www.hashtag.al\/?p=564015"},"modified":"2022-11-27T12:33:30","modified_gmt":"2022-11-27T11:33:30","slug":"berisha-u-largova-nga-parlamenti-per-te-perfaqesuar-kombin-shqiptar","status":"publish","type":"post","link":"https:\/\/www.hashtag.al\/index.php\/2022\/11\/27\/berisha-u-largova-nga-parlamenti-per-te-perfaqesuar-kombin-shqiptar\/","title":{"rendered":"Berisha: U largova nga Parlamenti p\u00ebr t\u00eb p\u00ebrfaq\u00ebsuar kombin shqiptar","gt_translate_keys":[{"key":"rendered","format":"text"}]},"content":{"rendered":"<p><span style=\"color: #000000;\"><a href=\"https:\/\/www.hashtag.al\/wp-content\/uploads\/2022\/11\/WhatsApp-Image-2022-11-27-at-12.01.30-PM.jpeg\"><img loading=\"lazy\" decoding=\"async\" class=\"aligncenter size-full wp-image-564009\" src=\"https:\/\/www.hashtag.al\/wp-content\/uploads\/2022\/11\/WhatsApp-Image-2022-11-27-at-12.01.30-PM.jpeg\" alt=\"\" width=\"1280\" height=\"853\" srcset=\"https:\/\/www.hashtag.al\/wp-content\/uploads\/2022\/11\/WhatsApp-Image-2022-11-27-at-12.01.30-PM.jpeg 1280w, https:\/\/www.hashtag.al\/wp-content\/uploads\/2022\/11\/WhatsApp-Image-2022-11-27-at-12.01.30-PM-300x200.jpeg 300w, https:\/\/www.hashtag.al\/wp-content\/uploads\/2022\/11\/WhatsApp-Image-2022-11-27-at-12.01.30-PM-1024x682.jpeg 1024w, https:\/\/www.hashtag.al\/wp-content\/uploads\/2022\/11\/WhatsApp-Image-2022-11-27-at-12.01.30-PM-768x512.jpeg 768w\" sizes=\"auto, (max-width: 1280px) 100vw, 1280px\" \/><\/a><\/span><\/p>\n<p><span style=\"color: #000000;\">Kryeministri Edi Rama ka shpjeguar pse u largua nga Parlamenti n\u00eb momentin kur do t\u00eb fliste kryeministri Edi Rama, n\u00eb mbledhjen e sotme t\u00eb p\u00ebrbashk\u00ebt me Kuvendin e Kosov\u00ebs.<\/span><\/p>\n<p><em><span style=\"color: #000000;\">\u201cFakti q\u00eb u largova nga parlamenti, u largova p\u00ebr t\u00eb p\u00ebrfaq\u00ebsuar kombin shqiptar, t\u00eb gjith\u00eb qytetar\u00ebt e Kosov\u00ebs q\u00eb ndjehen t\u00eb tradhtuar nga nj\u00eb kryeminist\u00ebr shqiptar, u largova p\u00ebr t\u00eb p\u00ebrfaq\u00ebsuar ndjenjat e dhjet\u00ebra-mij\u00ebra familjeve shqiptare q\u00eb kan\u00eb humbur familjet e tyre nga barbarit\u00eb serbe, dhe Edi Rama prej kat\u00ebr muajsh, nuk lejon votimin e rezolut\u00ebs p\u00ebr d\u00ebnimin e gjenocidit serb n\u00eb Kosov\u00eb.<\/span><\/em><\/p>\n<p><em><span style=\"color: #000000;\">U largova p\u00ebr t\u00eb p\u00ebrfaq\u00ebsuar ata dhjet\u00ebra-mij\u00ebra shqiptar\u00eb qau larguan nga Shqip\u00ebria prej politikave \u00e7njer\u00ebzore t\u00eb Edi Ram\u00ebs.<\/span><\/em><\/p>\n<p><span style=\"color: #000000;\"><em>T\u00eb gjitha k\u00ebto jan\u00eb arsyet q\u00eb nuk mund t\u00eb pranoja t\u00eb d\u00ebgjoja ligj\u00ebrat\u00ebn e nj\u00eb njeriu, q\u00eb pas Enver Hoxh\u00ebs \u00ebsht\u00eb armiku m\u00eb i eg\u00ebr i kombit shqiptar.\u201d-<\/em> tha Berisha.<\/span><\/p>\n<p><span style=\"color: #000000;\">Ai e ka akuzuar kryeministrin Edi Rama se po shkat\u00ebrron sipas tij identitetin komb\u00ebtar t\u00eb shqiptar\u00ebve duke zbatuar platform\u00ebn e \u00c7ubrillovi\u00e7it.<\/span><\/p>\n<p><em><span style=\"color: #000000;\">\u201cEdi Rama nuk \u00ebsht\u00eb vet\u00ebm vasali i neveritsh\u00ebm i serbomadhit Vu\u00e7i\u00e7. Ai \u00ebsht\u00eb njeriu q\u00eb po shkat\u00ebrron m\u00eb shum\u00eb se kushdo tjet\u00ebr, materien, qenien, identetitin komb\u00ebtar t\u00eb shqiptar\u00ebve. Me politikat e tij, ai ka p\u00ebrz\u00ebn\u00eb 27 p\u00ebrqind t\u00eb popullsis\u00eb vet\u00ebm drejt BE, pa llogaritur n\u00eb vendet tjera.<\/span><\/em><\/p>\n<p><em><span style=\"color: #000000;\">N\u00eb k\u00ebt\u00eb kontekst ai meriton urdhrin e art\u00eb t\u00eb \u00c7ubrillovi\u00e7it, ai ka zbatuar me p\u00ebrpikm\u00ebri platform\u00ebn e tij p\u00ebr d\u00ebbimin e shqiptar\u00ebve.<\/span><\/em><\/p>\n<p><em><span style=\"color: #000000;\">Ai \u00ebsht\u00eb hajduti m\u00eb i madh i t\u00eb gjitha koh\u00ebrave, tejkalon \u00e7do hajni t\u00eb kryer ndonj\u00ebher\u00eb, mjafton t\u00eb kujtoj vjedhjen m\u00eb t\u00eb madhe q\u00eb po b\u00ebn ndonj\u00ebher\u00eb, at\u00eb t\u00eb Portit t\u00eb Durr\u00ebsit.<\/span><\/em><\/p>\n<p><em><span style=\"color: #000000;\">N\u00eb k\u00ebto rrethana, sot \u00ebsht\u00eb nj\u00eb dit\u00eb kushtrimi p\u00ebr t\u00eb gjith\u00eb shqiptar\u00ebt, t\u00eb q\u00ebndrojm\u00eb m\u00eb shum\u00eb se kurr\u00eb t\u00eb bashkuar kund\u00ebr k\u00ebtij armiku t\u00eb eg\u00ebr t\u00eb interesit komb\u00ebtar, kund\u00ebr k\u00ebtij armiku t\u00eb eg\u00ebr t\u00eb qenies komb\u00ebtare, kund\u00ebr k\u00ebtij armiku q\u00eb po shpopullon dhe e shnd\u00ebrron Shqip\u00ebrin\u00eb n\u00eb kombin e gomoneve.<\/span><\/em><\/p>\n<p><span style=\"color: #000000;\"><em>Dita e Flamurit dhe e Pavar\u00ebsis\u00eb \u00ebsht\u00eb nj\u00eb kushtrim p\u00ebr shqiptar\u00ebt: n\u00eb k\u00ebmb\u00eb, n\u00eb k\u00ebmb\u00eb, n\u00eb k\u00ebmb\u00eb.\u201d<\/em>&#8211; tha Berisha.<\/span><\/p>\n<p><span style=\"color: #000000;\">Ish-kryeministri foli dhe mbi protest\u00ebn e 6 dhjetorit dhe faktit q\u00eb policia nuk ka pranuar q\u00eb ajo t\u00eb mbahet p\u00ebrball\u00eb Kryeministris\u00eb.<\/span><\/p>\n<p><span style=\"color: #000000;\"><em>\u201c6 dhjetori protesta m\u00eb e madhe do mbahet para Kryeministris\u00eb, bashkia t\u00eb mos p\u00ebrzihet se s\u2019ka forc\u00eb n\u00eb bot\u00eb q\u00eb mund t\u00eb pengoj\u00eb. Ram\u00ebs i intereson dhuna at\u00eb dit\u00eb, por b\u00ebn mir\u00eb q\u00eb as dyert t\u00eb mos i blindoj\u00eb se do b\u00ebj\u00eb lajm bot\u00ebror. Jemi n\u00eb protest\u00eb pro samitit dhe kund\u00ebr Ram\u00ebs.\u201d<\/em>&#8211; tha Berisha.<\/span><\/p>\n","protected":false,"gt_translate_keys":[{"key":"rendered","format":"html"}]},"excerpt":{"rendered":"<p>Kryeministri Edi Rama ka shpjeguar pse u largua nga Parlamenti n\u00eb momentin kur do t\u00eb fliste kryeministri Edi Rama, n\u00eb mbledhjen e sotme t\u00eb p\u00ebrbashk\u00ebt me Kuvendin e Kosov\u00ebs. \u201cFakti q\u00eb u largova nga parlamenti, u largova p\u00ebr t\u00eb p\u00ebrfaq\u00ebsuar kombin shqiptar, t\u00eb gjith\u00eb qytetar\u00ebt e Kosov\u00ebs q\u00eb ndjehen t\u00eb tradhtuar nga nj\u00eb kryeminist\u00ebr shqiptar, [&hellip;]<\/p>\n","protected":false,"gt_translate_keys":[{"key":"rendered","format":"html"}]},"author":30,"featured_media":564009,"comment_status":"closed","ping_status":"closed","sticky":false,"template":"","format":"standard","meta":{"footnotes":""},"categories":[65,13],"tags":[],"class_list":["post-564015","post","type-post","status-publish","format-standard","has-post-thumbnail","hentry","category-lajme","category-te-fundit"],"gt_translate_keys":[{"key":"link","format":"url"}],"_links":{"self":[{"href":"https:\/\/www.hashtag.al\/index.php\/wp-json\/wp\/v2\/posts\/564015","targetHints":{"allow":["GET"]}}],"collection":[{"href":"https:\/\/www.hashtag.al\/index.php\/wp-json\/wp\/v2\/posts"}],"about":[{"href":"https:\/\/www.hashtag.al\/index.php\/wp-json\/wp\/v2\/types\/post"}],"author":[{"embeddable":true,"href":"https:\/\/www.hashtag.al\/index.php\/wp-json\/wp\/v2\/users\/30"}],"replies":[{"embeddable":true,"href":"https:\/\/www.hashtag.al\/index.php\/wp-json\/wp\/v2\/comments?post=564015"}],"version-history":[{"count":0,"href":"https:\/\/www.hashtag.al\/index.php\/wp-json\/wp\/v2\/posts\/564015\/revisions"}],"wp:featuredmedia":[{"embeddable":true,"href":"https:\/\/www.hashtag.al\/index.php\/wp-json\/wp\/v2\/media\/564009"}],"wp:attachment":[{"href":"https:\/\/www.hashtag.al\/index.php\/wp-json\/wp\/v2\/media?parent=564015"}],"wp:term":[{"taxonomy":"category","embeddable":true,"href":"https:\/\/www.hashtag.al\/index.php\/wp-json\/wp\/v2\/categories?post=564015"},{"taxonomy":"post_tag","embeddable":true,"href":"https:\/\/www.hashtag.al\/index.php\/wp-json\/wp\/v2\/tags?post=564015"}],"curies":[{"name":"wp","href":"https:\/\/api.w.org\/{rel}","templated":true}]}}