{"id":564013,"date":"2022-11-27T12:26:27","date_gmt":"2022-11-27T11:26:27","guid":{"rendered":"https:\/\/www.hashtag.al\/?p=564013"},"modified":"2022-11-27T12:26:27","modified_gmt":"2022-11-27T11:26:27","slug":"edi-rama-nuk-kemi-qene-kurre-me-mire-se-sot-njohja-perfundimtare-e-kosoves-do-vije","status":"publish","type":"post","link":"https:\/\/www.hashtag.al\/index.php\/2022\/11\/27\/edi-rama-nuk-kemi-qene-kurre-me-mire-se-sot-njohja-perfundimtare-e-kosoves-do-vije\/","title":{"rendered":"Edi Rama: Nuk kemi qen\u00eb kurr\u00eb m\u00eb mir\u00eb se sot, njohja p\u00ebrfundimtare e Kosov\u00ebs do vij\u00eb","gt_translate_keys":[{"key":"rendered","format":"text"}]},"content":{"rendered":"<p><span style=\"color: #000000;\"><a href=\"https:\/\/www.hashtag.al\/wp-content\/uploads\/2022\/11\/rama-8.jpg\"><img loading=\"lazy\" decoding=\"async\" class=\"aligncenter size-full wp-image-564006\" src=\"https:\/\/www.hashtag.al\/wp-content\/uploads\/2022\/11\/rama-8.jpg\" alt=\"\" width=\"867\" height=\"472\" srcset=\"https:\/\/www.hashtag.al\/wp-content\/uploads\/2022\/11\/rama-8.jpg 867w, https:\/\/www.hashtag.al\/wp-content\/uploads\/2022\/11\/rama-8-300x163.jpg 300w, https:\/\/www.hashtag.al\/wp-content\/uploads\/2022\/11\/rama-8-768x418.jpg 768w\" sizes=\"auto, (max-width: 867px) 100vw, 867px\" \/><\/a><\/span><\/p>\n<p><span style=\"color: #000000;\">Kryeministri i Shqip\u00ebris\u00eb, Edi Rama gjat\u00eb fjal\u00ebs s\u00eb tij n\u00eb seanc\u00ebn e p\u00ebrbashk\u00ebt mes Kuvendit t\u00eb Kosov\u00ebs dhe Shqip\u00ebris\u00eb tha se shqiptar\u00ebt jan\u00eb sot m\u00eb mir\u00eb se kurr\u00eb m\u00eb par\u00eb, n\u00eb raport me t\u00eb huajt.<\/span><\/p>\n<p><span style=\"color: #000000;\">Po ashtu ai u shpreh i bindur se njohja p\u00ebrfundimtare e Kosov\u00ebs do t\u00eb vij\u00eb dhe se Kosova nuk do t\u00eb pres\u00eb gjat\u00eb.<\/span><\/p>\n<p><span style=\"color: #000000;\"><em>\u201cM\u00eb lejoni t\u00eb ndaj me ju bindjen se shqiptar\u00ebt nuk kan\u00eb qen\u00eb kurr\u00eb m\u00eb mir\u00eb n\u00eb raport me t\u00eb huajt. Por p\u00ebrs\u00ebri edhe sot nuk besoj se shqiptar\u00ebt jan\u00eb m\u00eb mir\u00eb n\u00eb raport me vetveten. Un\u00eb besoj se edhe njohja p\u00ebrfundimtare e Kosov\u00ebs do vij\u00eb m\u00eb her\u00ebt dhe se Kosova nuk do pres\u00eb aq sa ka pritur pavar\u00ebsin\u00eb p\u00ebr t\u2019u njohur nd\u00ebrkomb\u00ebtarisht. Nga ana tjet\u00ebr akoma m\u00eb e prekshme dhe m\u00eb mbres\u00ebl\u00ebn\u00ebse \u00ebsht\u00eb pamja n\u00eb Maqedonin\u00eb e Veriut. Shum\u00eb m\u00eb von\u00eb pas liris\u00eb s\u00eb Kosov\u00ebs, ishte vendi ku gjuha shqipe vazhdonte t\u00eb shihej si gjuha e nj\u00eb pale t\u00eb pad\u00ebshirueshme, vendi ku flamuri shqiptar vazhdonte t\u00eb shihej si nj\u00eb provokim. Sot nuk besoj se jan\u00eb t\u00eb shumt\u00eb ata q\u00eb mund t\u00eb thon\u00eb ata q\u00eb e dinin se n\u00eb 110 vjetorin e pavar\u00ebsis\u00eb, Maqedonia e Veriut do kishte shqipen gjuh\u00eb zyrtare dhe kryeparlamentarin shqiptar. Po ashtu nuk besoj se e ka menduar dikush m\u00eb par\u00eb se Mali i Zi mund t\u00eb kishte nj\u00eb kryeminist\u00ebr shqiptar si\u00e7 e ka sot.\u201d-<\/em> u shpreh Rama.<\/span><\/p>\n<p><span style=\"color: #000000;\">Duke u ndalur n\u00eb marr\u00ebdh\u00ebniet dhe bashk\u00ebpunimet mes dy pal\u00ebve, Rama tha se n\u00eb fillim t\u00eb vitit t\u00eb ardhsh\u00ebm do t\u00eb hapet gara nd\u00ebrkomb\u00ebtare p\u00ebr portin e Porto Romanos dhe n\u00eb fillim t\u00eb 6-mujorit t\u00eb dyt\u00eb t\u00eb 2023-it do t\u00eb nis\u00eb puna n\u00eb kantier.<\/span><\/p>\n<p><em><span style=\"color: #000000;\">\u201cMarr\u00ebdh\u00ebniet mes Shqip\u00ebris\u00eb dhe Kosov\u00ebs sot nuk jan\u00eb m\u00eb thjesht t\u00eb shk\u00eblqyera. Jan\u00eb edhe produktive m\u00eb shum\u00eb se kurr\u00eb ndonj\u00ebher\u00eb tjet\u00ebr. Dhe k\u00ebt\u00eb e tregojn\u00eb faktet e prodhuara nga jo thjesht mbledhjet e p\u00ebrbashk\u00ebta mes dy qeverive por edhe nga rritja e aft\u00ebsis\u00eb p\u00ebr t\u00eb zbatuar n\u00eb praktik\u00eb bashk\u00ebpunimin m\u00eb interes reciprok. Mjafton t\u00eb shoh\u00ebsh t\u00eb dh\u00ebnat e shk\u00ebmbimeve tregtare apo abetaren e p\u00ebrbashk\u00ebt.<\/span><\/em><\/p>\n<p><span style=\"color: #000000;\"><em>\u00a0Nj\u00eb tjet\u00ebr ngjarje e r\u00ebnd\u00ebsishme dhe e vonuar por e realizuar. Apo pun\u00ebn e nisur p\u00ebr pun\u00ebt e t\u00eb ardhmes. Portin dhe hekurudh\u00ebn. P\u00ebr hekurudhh\u00ebn kemi ofertuesit p\u00ebr studimin e fizibilitetit t\u00eb porositur nga dy qeverit\u00eb me vendim t\u00eb p\u00ebrbashk\u00ebt. N\u00eb fillim t\u00eb vitit t\u00eb ardhsh\u00ebm hapim gar\u00ebn nd\u00ebrkomb\u00ebtare p\u00ebr Portin e Ri t\u00eb Durr\u00ebsit q\u00eb do t\u00eb nd\u00ebrtohet n\u00eb Porto Romano dhe n\u00eb fillim t\u00eb 6-mujorit t\u00eb dyt\u00eb do jemi n\u00eb kantier n\u00eb portin e ri t\u00eb Porto Romaos q\u00eb do t\u00eb jet\u00eb projekt i p\u00ebrbashk\u00ebt q\u00eb do t\u00eb lidhen me Prishtin\u00ebn dhe Strug\u00eb me dy porte t\u00eb thata.\u201d-<\/em> tha kryeministri Rama.<\/span><\/p>\n","protected":false,"gt_translate_keys":[{"key":"rendered","format":"html"}]},"excerpt":{"rendered":"<p>Kryeministri i Shqip\u00ebris\u00eb, Edi Rama gjat\u00eb fjal\u00ebs s\u00eb tij n\u00eb seanc\u00ebn e p\u00ebrbashk\u00ebt mes Kuvendit t\u00eb Kosov\u00ebs dhe Shqip\u00ebris\u00eb tha se shqiptar\u00ebt jan\u00eb sot m\u00eb mir\u00eb se kurr\u00eb m\u00eb par\u00eb, n\u00eb raport me t\u00eb huajt. Po ashtu ai u shpreh i bindur se njohja p\u00ebrfundimtare e Kosov\u00ebs do t\u00eb vij\u00eb dhe se Kosova nuk do [&hellip;]<\/p>\n","protected":false,"gt_translate_keys":[{"key":"rendered","format":"html"}]},"author":30,"featured_media":564006,"comment_status":"closed","ping_status":"closed","sticky":false,"template":"","format":"standard","meta":{"footnotes":""},"categories":[65,13],"tags":[],"class_list":["post-564013","post","type-post","status-publish","format-standard","has-post-thumbnail","hentry","category-lajme","category-te-fundit"],"gt_translate_keys":[{"key":"link","format":"url"}],"_links":{"self":[{"href":"https:\/\/www.hashtag.al\/index.php\/wp-json\/wp\/v2\/posts\/564013","targetHints":{"allow":["GET"]}}],"collection":[{"href":"https:\/\/www.hashtag.al\/index.php\/wp-json\/wp\/v2\/posts"}],"about":[{"href":"https:\/\/www.hashtag.al\/index.php\/wp-json\/wp\/v2\/types\/post"}],"author":[{"embeddable":true,"href":"https:\/\/www.hashtag.al\/index.php\/wp-json\/wp\/v2\/users\/30"}],"replies":[{"embeddable":true,"href":"https:\/\/www.hashtag.al\/index.php\/wp-json\/wp\/v2\/comments?post=564013"}],"version-history":[{"count":0,"href":"https:\/\/www.hashtag.al\/index.php\/wp-json\/wp\/v2\/posts\/564013\/revisions"}],"wp:featuredmedia":[{"embeddable":true,"href":"https:\/\/www.hashtag.al\/index.php\/wp-json\/wp\/v2\/media\/564006"}],"wp:attachment":[{"href":"https:\/\/www.hashtag.al\/index.php\/wp-json\/wp\/v2\/media?parent=564013"}],"wp:term":[{"taxonomy":"category","embeddable":true,"href":"https:\/\/www.hashtag.al\/index.php\/wp-json\/wp\/v2\/categories?post=564013"},{"taxonomy":"post_tag","embeddable":true,"href":"https:\/\/www.hashtag.al\/index.php\/wp-json\/wp\/v2\/tags?post=564013"}],"curies":[{"name":"wp","href":"https:\/\/api.w.org\/{rel}","templated":true}]}}