{"id":563979,"date":"2022-11-27T11:01:35","date_gmt":"2022-11-27T10:01:35","guid":{"rendered":"https:\/\/www.hashtag.al\/?p=563979"},"modified":"2022-11-27T11:01:35","modified_gmt":"2022-11-27T10:01:35","slug":"elisa-spiropali-regjimi-i-vizave-per-kosoven-eshte-absurd","status":"publish","type":"post","link":"https:\/\/www.hashtag.al\/index.php\/2022\/11\/27\/elisa-spiropali-regjimi-i-vizave-per-kosoven-eshte-absurd\/","title":{"rendered":"Elisa Spiropali: Regjimi i vizave p\u00ebr Kosov\u00ebn \u00ebsht\u00eb absurd","gt_translate_keys":[{"key":"rendered","format":"text"}]},"content":{"rendered":"<p><span style=\"color: #000000;\"><a href=\"https:\/\/www.hashtag.al\/wp-content\/uploads\/2022\/11\/spiropali.jpg\"><img loading=\"lazy\" decoding=\"async\" class=\"aligncenter size-full wp-image-563980\" src=\"https:\/\/www.hashtag.al\/wp-content\/uploads\/2022\/11\/spiropali.jpg\" alt=\"\" width=\"780\" height=\"440\" srcset=\"https:\/\/www.hashtag.al\/wp-content\/uploads\/2022\/11\/spiropali.jpg 780w, https:\/\/www.hashtag.al\/wp-content\/uploads\/2022\/11\/spiropali-300x169.jpg 300w, https:\/\/www.hashtag.al\/wp-content\/uploads\/2022\/11\/spiropali-768x433.jpg 768w\" sizes=\"auto, (max-width: 780px) 100vw, 780px\" \/><\/a><\/span><\/p>\n<p><span style=\"color: #000000;\">Ministrja e Shtetit p\u00ebr Marr\u00ebdh\u00ebniet me Parlamentin Elisa Spiropali tha sot gjat\u00eb seanc\u00ebs s\u00eb p\u00ebrbashk\u00ebt parlamentare se Shqip\u00ebria \u00ebsht\u00eb nj\u00eb nga avokatet e Kosov\u00ebs, duke e cil\u00ebsuar absurde izolimin me regjimin e vizave.<\/span><\/p>\n<p><span style=\"color: #000000;\">Ajo tha se ishte absurde q\u00eb t\u00eb rintj\u00eb e Kosov\u00ebs sot jan\u00eb t\u00eb izoluar krahasuar me bashk\u00ebmoshatar\u00ebt e tyre. Spiropali shtoi se s\u00eb shpejti n\u00eb t\u00eb dy an\u00ebt e Drinit, do t\u00eb val\u00ebvitej edhe flamuri i Bashkimit Europian.<\/span><\/p>\n<p><em><span style=\"color: #000000;\">\u201cKjo qeveri dhe kryeministri i saj jan\u00eb optimist\u00eb p\u00ebr fatin e Shqip\u00ebris\u00eb. Jemi optimist\u00eb dhe at\u00ebher\u00eb kur gur\u00ebt e fatit rrokullisen sip\u00ebr nesh, si\u00e7 ndodhi me t\u00ebrmetin e 26 n\u00ebntorit apo pandemin\u00eb. Ne shpresuam, punuam dhe po ia dalim t\u2019i p\u00ebrballim k\u00ebto sfida.<\/span><\/em><br \/>\n<em><span style=\"color: #000000;\">Dje gjat\u00eb dit\u00ebve t\u00eb tmerrshme t\u00eb t\u00ebrmetit ndihma e par\u00eb erdhi nga Kosova. Vaksinat e Shqip\u00ebris\u00eb ishin oferta e par\u00eb.<\/span><\/em><br \/>\n<em><span style=\"color: #000000;\">Shqip\u00ebria ka insistuar dhe insiston q\u00eb Kosova t\u00eb ftohet menj\u00ebher\u00eb n\u00eb mekanizmat p\u00ebr paqe.<\/span><\/em><br \/>\n<span style=\"color: #000000;\"><em>Shqip\u00ebria \u00ebsht\u00eb nj\u00eb nga vendet q\u00eb e ka njohur izolimin, ndaj Shqip\u00ebria ka qen\u00eb dhe do t\u00eb jet\u00eb nj\u00eb nga avokatet m\u00eb t\u00eb z\u00ebshme t\u00eb Kosov\u00ebs p\u00ebr liberalizimin e vizave. Ne e gjykojm\u00eb aburde sesi ekziston regjimi i vizave. Sesi ata q\u00eb sot n\u00eb Kosov\u00eb kan\u00eb mosh\u00eb gjysh\u00ebrish l\u00ebviznin lirisht n\u00eb koh\u00ebn e ish Jugoslllavis\u00eb nd\u00ebrsa nip\u00ebrit e tyre sot jan\u00eb t\u00eb izoluar. Rajoni duket se i ka mbyllur hesapet me luft\u00ebn por paqja nuk \u00ebsht\u00eb kurr\u00eb nj\u00eb ekuilib\u00ebr. Dua t\u00eb p\u00ebrmend nj\u00eb fakt, memorandumet mes Shqip\u00ebris\u00eb dhe Kosov\u00ebs po i afrohen numrit, 200. Duhet t\u00eb d\u00ebshmojn\u00eb qart\u00eb, shpejt n\u00eb t\u00eb dy brigjet e Drinit do val\u00ebvitet edhe flamuri i Europ\u00ebs. P\u00ebr ne kjo \u00ebsht\u00eb e vetmja zgjidhje<\/em>\u201d- u shpreh Spiropali.<\/span><\/p>\n","protected":false,"gt_translate_keys":[{"key":"rendered","format":"html"}]},"excerpt":{"rendered":"<p>Ministrja e Shtetit p\u00ebr Marr\u00ebdh\u00ebniet me Parlamentin Elisa Spiropali tha sot gjat\u00eb seanc\u00ebs s\u00eb p\u00ebrbashk\u00ebt parlamentare se Shqip\u00ebria \u00ebsht\u00eb nj\u00eb nga avokatet e Kosov\u00ebs, duke e cil\u00ebsuar absurde izolimin me regjimin e vizave. Ajo tha se ishte absurde q\u00eb t\u00eb rintj\u00eb e Kosov\u00ebs sot jan\u00eb t\u00eb izoluar krahasuar me bashk\u00ebmoshatar\u00ebt e tyre. Spiropali shtoi se [&hellip;]<\/p>\n","protected":false,"gt_translate_keys":[{"key":"rendered","format":"html"}]},"author":30,"featured_media":563980,"comment_status":"closed","ping_status":"closed","sticky":false,"template":"","format":"standard","meta":{"footnotes":""},"categories":[65,13],"tags":[],"class_list":["post-563979","post","type-post","status-publish","format-standard","has-post-thumbnail","hentry","category-lajme","category-te-fundit"],"gt_translate_keys":[{"key":"link","format":"url"}],"_links":{"self":[{"href":"https:\/\/www.hashtag.al\/index.php\/wp-json\/wp\/v2\/posts\/563979","targetHints":{"allow":["GET"]}}],"collection":[{"href":"https:\/\/www.hashtag.al\/index.php\/wp-json\/wp\/v2\/posts"}],"about":[{"href":"https:\/\/www.hashtag.al\/index.php\/wp-json\/wp\/v2\/types\/post"}],"author":[{"embeddable":true,"href":"https:\/\/www.hashtag.al\/index.php\/wp-json\/wp\/v2\/users\/30"}],"replies":[{"embeddable":true,"href":"https:\/\/www.hashtag.al\/index.php\/wp-json\/wp\/v2\/comments?post=563979"}],"version-history":[{"count":0,"href":"https:\/\/www.hashtag.al\/index.php\/wp-json\/wp\/v2\/posts\/563979\/revisions"}],"wp:featuredmedia":[{"embeddable":true,"href":"https:\/\/www.hashtag.al\/index.php\/wp-json\/wp\/v2\/media\/563980"}],"wp:attachment":[{"href":"https:\/\/www.hashtag.al\/index.php\/wp-json\/wp\/v2\/media?parent=563979"}],"wp:term":[{"taxonomy":"category","embeddable":true,"href":"https:\/\/www.hashtag.al\/index.php\/wp-json\/wp\/v2\/categories?post=563979"},{"taxonomy":"post_tag","embeddable":true,"href":"https:\/\/www.hashtag.al\/index.php\/wp-json\/wp\/v2\/tags?post=563979"}],"curies":[{"name":"wp","href":"https:\/\/api.w.org\/{rel}","templated":true}]}}