{"id":563860,"date":"2022-11-26T17:48:45","date_gmt":"2022-11-26T16:48:45","guid":{"rendered":"https:\/\/www.hashtag.al\/?p=563860"},"modified":"2022-11-26T18:20:39","modified_gmt":"2022-11-26T17:20:39","slug":"fushatat-elektorale-te-macron-nen-hetim-media","status":"publish","type":"post","link":"https:\/\/www.hashtag.al\/index.php\/2022\/11\/26\/fushatat-elektorale-te-macron-nen-hetim-media\/","title":{"rendered":"Fushatat elektorale t\u00eb Macron n\u00ebn hetim &#8211; Media","gt_translate_keys":[{"key":"rendered","format":"text"}]},"content":{"rendered":"<p><span style=\"color: #000000;\"><img loading=\"lazy\" decoding=\"async\" class=\"aligncenter size-full wp-image-563861\" src=\"https:\/\/www.hashtag.al\/wp-content\/uploads\/2022\/11\/macron.jpg\" alt=\"\" width=\"768\" height=\"432\" srcset=\"https:\/\/www.hashtag.al\/wp-content\/uploads\/2022\/11\/macron.jpg 768w, https:\/\/www.hashtag.al\/wp-content\/uploads\/2022\/11\/macron-300x169.jpg 300w\" sizes=\"auto, (max-width: 768px) 100vw, 768px\" \/><\/span><\/p>\n<p><span style=\"color: #000000;\">Fushatat zgjedhore t\u00eb presidentit francez Emmanuel Macron n\u00eb 2017 dhe 2022 thuhet se jan\u00eb n\u00ebn hetim nga zyra e Prokuroris\u00eb Komb\u00ebtare Financiare. Hetimi p\u00ebrqendrohet n\u00eb financime t\u00eb paligjshme dhe dyshime p\u00ebr keqb\u00ebrje lidhur me kontratat me nj\u00eb firm\u00eb k\u00ebshilluese me baz\u00eb n\u00eb SHBA.<\/span><\/p>\n<p><span style=\"color: #000000;\">Hetimi u njoftua nga zyra e prokurorit n\u00eb nj\u00eb postim n\u00eb Twitter. Prokuror\u00ebt nuk konfirmuan se hetimi kishte n\u00eb sh\u00ebnjest\u00ebr fushatat e Macron, por than\u00eb se po p\u00ebrpiqeshin t\u00eb sqaronin \u00e7\u00ebshtjen pas raportimeve t\u00eb mediave. Gazeta franceze \u2018Le Parisien\u2019 ka sugjeruar se fushata e Macron 2017 ishte e lidhur me gjigantin amerikan McKinsey &amp; Company.<\/span><\/p>\n<p><span style=\"color: #000000;\">Financimi i fushat\u00ebs n\u00eb Franc\u00eb kontrollohet rrept\u00ebsisht dhe financimi i garave presidenciale nga kompani private \u00ebsht\u00eb i paligjsh\u00ebm. Kontributet individuale jan\u00eb gjithashtu t\u00eb rregulluara me ligj.<\/span><\/p>\n<p><span style=\"color: #000000;\">Nd\u00ebrsa deklarata e prokurorit nuk p\u00ebrmend Macron ose partin\u00eb e tij, ajo thot\u00eb se nj\u00eb hetim gjyq\u00ebsor u hap n\u00eb fund t\u00eb muajit t\u00eb kaluar mbi pretendimet p\u00ebr \u2018llogarit\u00eb e paq\u00ebndrueshme t\u00eb fushat\u00ebs\u2019 dhe n\u00ebnfaturimin e pun\u00ebs s\u00eb kryer nga firmat e konsulenc\u00ebs gjat\u00eb fushatave t\u00eb fundit elektorale. Macron \u00ebsht\u00eb p\u00ebrballur prej koh\u00ebsh me nj\u00eb hetim mbi lidhjet e tij t\u00eb supozuara me McKinsey, q\u00eb datojn\u00eb q\u00eb nga gara e tij e par\u00eb zgjedhore n\u00eb 2017.<\/span><\/p>\n<p><span style=\"color: #000000;\">Prokuror\u00ebt thon\u00eb gjithashtu se kan\u00eb hapur nj\u00eb hetim p\u00ebr favorizime t\u00eb dyshuara n\u00eb lidhje me k\u00ebto fushata pasi \u2018Le Parisien\u2019 vuri n\u00eb dukje \u2018kushtet\u2019 e dyshimta n\u00ebn t\u00eb cilat kontratat publike iu dhan\u00eb McKinsey nga qeveria e zgjedhur franceze.<\/span><\/p>\n<p><span style=\"color: #000000;\">Sipas nj\u00eb hetimi kat\u00ebr-mujor t\u00eb udh\u00ebhequr nga senator\u00ebt francez\u00eb dhe t\u00eb publikuar n\u00eb mars, qeveria kishte n\u00ebnshkruar kontrata me vler\u00eb t\u00eb pakt\u00ebn 2.4 miliard\u00eb dollar\u00eb me firmat e konsulenc\u00ebs q\u00eb nga viti 2018. Raporti sugjeroi se q\u00eb kur Macron erdhi n\u00eb pushtet n\u00eb 2017, ministrit\u00eb e qeveris\u00eb kishin dyfishuar shpenzimet e tyre p\u00ebr sh\u00ebrbimet e konsulenc\u00ebs.<\/span><\/p>\n<p><span style=\"color: #000000;\">Ministria e Drejt\u00ebsis\u00eb ka nj\u00eb tjet\u00ebr hetim n\u00eb vazhdim q\u00eb shqyrton mashtrimin e dyshuar tatimor t\u00eb kryer nga grupi McKinsey, i cili u hap n\u00eb mars. Agjencia konsulente e ka mohuar akuz\u00ebn dhe ka k\u00ebmb\u00ebngulur se \u2018respekton rregullat franceze t\u00eb taksave\u2019.<\/span><\/p>\n<p><span style=\"color: #000000;\">Duke iu p\u00ebrgjigjur nisjes s\u00eb hetimeve kriminale, Macron gjithashtu mohoi \u00e7do keqb\u00ebrje dhe tha se nuk kishte \u2018asgj\u00eb p\u00ebr t&#8217;u frik\u00ebsuar\u2019 dhe pretendoi se \u2018thelbi i hetimit\u2019 nuk ishte rreth tij. M\u00eb par\u00eb, presidenti tha se ishte \u2018i tronditur\u2019 nga dyshimet p\u00ebr evazion fiskal nga firmat konsulente q\u00eb kishte pun\u00ebsuar qeveria e tij.<\/span><\/p>\n","protected":false,"gt_translate_keys":[{"key":"rendered","format":"html"}]},"excerpt":{"rendered":"<p>Fushatat zgjedhore t\u00eb presidentit francez Emmanuel Macron n\u00eb 2017 dhe 2022 thuhet se jan\u00eb n\u00ebn hetim nga zyra e Prokuroris\u00eb Komb\u00ebtare Financiare. Hetimi p\u00ebrqendrohet n\u00eb financime t\u00eb paligjshme dhe dyshime p\u00ebr keqb\u00ebrje lidhur me kontratat me nj\u00eb firm\u00eb k\u00ebshilluese me baz\u00eb n\u00eb SHBA. Hetimi u njoftua nga zyra e prokurorit n\u00eb nj\u00eb postim n\u00eb Twitter. [&hellip;]<\/p>\n","protected":false,"gt_translate_keys":[{"key":"rendered","format":"html"}]},"author":51,"featured_media":563861,"comment_status":"closed","ping_status":"closed","sticky":false,"template":"","format":"standard","meta":{"footnotes":""},"categories":[53],"tags":[],"class_list":["post-563860","post","type-post","status-publish","format-standard","has-post-thumbnail","hentry","category-fast-foodi"],"gt_translate_keys":[{"key":"link","format":"url"}],"_links":{"self":[{"href":"https:\/\/www.hashtag.al\/index.php\/wp-json\/wp\/v2\/posts\/563860","targetHints":{"allow":["GET"]}}],"collection":[{"href":"https:\/\/www.hashtag.al\/index.php\/wp-json\/wp\/v2\/posts"}],"about":[{"href":"https:\/\/www.hashtag.al\/index.php\/wp-json\/wp\/v2\/types\/post"}],"author":[{"embeddable":true,"href":"https:\/\/www.hashtag.al\/index.php\/wp-json\/wp\/v2\/users\/51"}],"replies":[{"embeddable":true,"href":"https:\/\/www.hashtag.al\/index.php\/wp-json\/wp\/v2\/comments?post=563860"}],"version-history":[{"count":0,"href":"https:\/\/www.hashtag.al\/index.php\/wp-json\/wp\/v2\/posts\/563860\/revisions"}],"wp:featuredmedia":[{"embeddable":true,"href":"https:\/\/www.hashtag.al\/index.php\/wp-json\/wp\/v2\/media\/563861"}],"wp:attachment":[{"href":"https:\/\/www.hashtag.al\/index.php\/wp-json\/wp\/v2\/media?parent=563860"}],"wp:term":[{"taxonomy":"category","embeddable":true,"href":"https:\/\/www.hashtag.al\/index.php\/wp-json\/wp\/v2\/categories?post=563860"},{"taxonomy":"post_tag","embeddable":true,"href":"https:\/\/www.hashtag.al\/index.php\/wp-json\/wp\/v2\/tags?post=563860"}],"curies":[{"name":"wp","href":"https:\/\/api.w.org\/{rel}","templated":true}]}}