{"id":563799,"date":"2022-11-26T12:43:06","date_gmt":"2022-11-26T11:43:06","guid":{"rendered":"https:\/\/www.hashtag.al\/?p=563799"},"modified":"2022-11-26T12:43:06","modified_gmt":"2022-11-26T11:43:06","slug":"pse-nuk-e-perjashtoni-alibeajn-nga-pd-berisha-e-kemi-hequr-nenin-e-perjashtimeve-nga-statuti","status":"publish","type":"post","link":"https:\/\/www.hashtag.al\/index.php\/2022\/11\/26\/pse-nuk-e-perjashtoni-alibeajn-nga-pd-berisha-e-kemi-hequr-nenin-e-perjashtimeve-nga-statuti\/","title":{"rendered":"Pse nuk e p\u00ebrjashtoni Alibeajn nga PD? Berisha: E kemi hequr nenin e p\u00ebrjashtimeve nga statuti","gt_translate_keys":[{"key":"rendered","format":"text"}]},"content":{"rendered":"<p><span style=\"color: #000000;\"><a href=\"https:\/\/www.hashtag.al\/wp-content\/uploads\/2022\/11\/WhatsApp-Image-2022-11-26-at-12.10.29-PM-1.jpeg\"><img loading=\"lazy\" decoding=\"async\" class=\"aligncenter size-full wp-image-563792\" src=\"https:\/\/www.hashtag.al\/wp-content\/uploads\/2022\/11\/WhatsApp-Image-2022-11-26-at-12.10.29-PM-1.jpeg\" alt=\"\" width=\"1024\" height=\"684\" srcset=\"https:\/\/www.hashtag.al\/wp-content\/uploads\/2022\/11\/WhatsApp-Image-2022-11-26-at-12.10.29-PM-1.jpeg 1024w, https:\/\/www.hashtag.al\/wp-content\/uploads\/2022\/11\/WhatsApp-Image-2022-11-26-at-12.10.29-PM-1-300x200.jpeg 300w, https:\/\/www.hashtag.al\/wp-content\/uploads\/2022\/11\/WhatsApp-Image-2022-11-26-at-12.10.29-PM-1-768x513.jpeg 768w\" sizes=\"auto, (max-width: 1024px) 100vw, 1024px\" \/><\/a><\/span><\/p>\n<p><span style=\"color: #000000;\">\u201cPse nuk e p\u00ebrjashtoni Enkelejd Alibeajn?\u201d- Kjo \u00ebsht\u00eb nj\u00eb nga pyetjet q\u00eb iu drejtua ish-kryeministrit Sali Berisha nga qytetar\u00ebt, gjat\u00eb bashk\u00ebbisedimit t\u00eb tyre n\u00eb Facebook.<\/span><\/p>\n<p><span style=\"color: #000000;\">Berisha tha se Alibeaj nuk p\u00ebrjashtohet nga partia pasi n\u00eb statut ata e kan\u00eb hequr nenin e p\u00ebrjashtimeve.<\/span><\/p>\n<p><em><span style=\"color: #000000;\">\u201cPyetja \u00ebsht\u00eb normale, por ne hoq\u00ebm nga sttuti nenin e p\u00ebrjashtimit me besimin m\u00eb t\u00eb madh se procesi n\u00eb t\u00eb cilin po kalonte PD ose n\u00eb k\u00ebt\u00eb proces duhet t\u00eb dominonin p\u00ebrpjekjet p\u00ebr ribashkimin e t\u00eb gjith\u00eb kontributor\u00ebve, investitor\u00ebve, aksioner\u00ebve politik\u00eb t\u00eb k\u00ebsaj partie. Jo vet\u00ebm nuk kemi nen p\u00ebrjashtimi, por kemi nj\u00eb nen q\u00eb autorizon cilindo q\u00eb nuk bie dakord me kryetarin t\u00eb krijoj\u00eb fraksion brenda k\u00ebsaj partie. Ne i ndjekim, mir\u00ebkuptojm\u00eb.<\/span><\/em><\/p>\n<p><em><span style=\"color: #000000;\">I dashur demokrat, ju i shikoni vet\u00eb zhvillimet se cfar\u00eb dalin nj\u00ebra pas tjetr\u00ebs, super skandalet e atij q\u00eb besimin ton\u00eb p\u00ebr 8 vite e kishte varur n\u00eb gozhd\u00ebn e Edi Ram\u00ebs. Dhe kishte vendosur nj\u00eblloj si ai t\u00eb pasurohej n\u00eb m\u00ebnyr\u00ebn m\u00eb t\u00eb paligjshme n\u00eb nj\u00eb seri aferash si \u00ebsht\u00eb ajo e Durr\u00ebsit. Ajo q\u00eb mund t\u00eb themi se opozita, e v\u00ebrteta e pamohueshme, p\u00ebsoi nj\u00eb infeksion t\u00eb r\u00ebnd\u00eb dhe akti absolutisht m\u00eb makab\u00ebr, armiq\u00ebsor, makbethian i Ram\u00ebs pas grabitjes s\u00eb vot\u00ebs, \u00ebsht\u00eb grabitja e kreut t\u00eb opozit\u00ebs shqiptare n\u00eb m\u00ebnyr\u00ebn m\u00eb mafioze, m\u00eb t\u00eb r\u00ebnd\u00eb, papranueshme. Ndaj ta marrim si nj\u00eb proces k\u00ebt\u00eb, t\u00eb tregojm\u00eb durim jan\u00eb qyetar\u00ebt q\u00eb e shihin p\u00ebr k\u00eb punon secili kush mbron interesat e kush \u00ebsht\u00eb i em\u00ebruar.<\/span><\/em><\/p>\n<p><span style=\"color: #000000;\"><em>N\u00eb fund t\u00eb k\u00ebtij procesi ne do kemi fitoren q\u00eb meritojm\u00eb kurse t\u00eb tjer\u00ebt do marrin at\u00eb vend q\u00eb u rezervon historia buk\u00ebshkal\u00ebsve, pengjeve etj.\u201d-<\/em> tha kryetari i PD-s\u00eb.<\/span><\/p>\n","protected":false,"gt_translate_keys":[{"key":"rendered","format":"html"}]},"excerpt":{"rendered":"<p>\u201cPse nuk e p\u00ebrjashtoni Enkelejd Alibeajn?\u201d- Kjo \u00ebsht\u00eb nj\u00eb nga pyetjet q\u00eb iu drejtua ish-kryeministrit Sali Berisha nga qytetar\u00ebt, gjat\u00eb bashk\u00ebbisedimit t\u00eb tyre n\u00eb Facebook. Berisha tha se Alibeaj nuk p\u00ebrjashtohet nga partia pasi n\u00eb statut ata e kan\u00eb hequr nenin e p\u00ebrjashtimeve. \u201cPyetja \u00ebsht\u00eb normale, por ne hoq\u00ebm nga sttuti nenin e p\u00ebrjashtimit me [&hellip;]<\/p>\n","protected":false,"gt_translate_keys":[{"key":"rendered","format":"html"}]},"author":30,"featured_media":563792,"comment_status":"closed","ping_status":"closed","sticky":false,"template":"","format":"standard","meta":{"footnotes":""},"categories":[65,13],"tags":[],"class_list":["post-563799","post","type-post","status-publish","format-standard","has-post-thumbnail","hentry","category-lajme","category-te-fundit"],"gt_translate_keys":[{"key":"link","format":"url"}],"_links":{"self":[{"href":"https:\/\/www.hashtag.al\/index.php\/wp-json\/wp\/v2\/posts\/563799","targetHints":{"allow":["GET"]}}],"collection":[{"href":"https:\/\/www.hashtag.al\/index.php\/wp-json\/wp\/v2\/posts"}],"about":[{"href":"https:\/\/www.hashtag.al\/index.php\/wp-json\/wp\/v2\/types\/post"}],"author":[{"embeddable":true,"href":"https:\/\/www.hashtag.al\/index.php\/wp-json\/wp\/v2\/users\/30"}],"replies":[{"embeddable":true,"href":"https:\/\/www.hashtag.al\/index.php\/wp-json\/wp\/v2\/comments?post=563799"}],"version-history":[{"count":0,"href":"https:\/\/www.hashtag.al\/index.php\/wp-json\/wp\/v2\/posts\/563799\/revisions"}],"wp:featuredmedia":[{"embeddable":true,"href":"https:\/\/www.hashtag.al\/index.php\/wp-json\/wp\/v2\/media\/563792"}],"wp:attachment":[{"href":"https:\/\/www.hashtag.al\/index.php\/wp-json\/wp\/v2\/media?parent=563799"}],"wp:term":[{"taxonomy":"category","embeddable":true,"href":"https:\/\/www.hashtag.al\/index.php\/wp-json\/wp\/v2\/categories?post=563799"},{"taxonomy":"post_tag","embeddable":true,"href":"https:\/\/www.hashtag.al\/index.php\/wp-json\/wp\/v2\/tags?post=563799"}],"curies":[{"name":"wp","href":"https:\/\/api.w.org\/{rel}","templated":true}]}}