{"id":563552,"date":"2022-11-24T19:20:14","date_gmt":"2022-11-24T18:20:14","guid":{"rendered":"https:\/\/www.hashtag.al\/?p=563552"},"modified":"2022-11-24T19:20:14","modified_gmt":"2022-11-24T18:20:14","slug":"banoret-e-zall-gjocajt-fitojne-betejen-edhe-ne-gjykaten-e-larte-kunder-ndertimit-te-hec-it","status":"publish","type":"post","link":"https:\/\/www.hashtag.al\/index.php\/2022\/11\/24\/banoret-e-zall-gjocajt-fitojne-betejen-edhe-ne-gjykaten-e-larte-kunder-ndertimit-te-hec-it\/","title":{"rendered":"Banor\u00ebt e Zall Gjocajt fitojn\u00eb betej\u00ebn edhe n\u00eb Gjykat\u00ebn e Lart\u00eb, kund\u00ebr nd\u00ebrtimit t\u00eb HEC-it","gt_translate_keys":[{"key":"rendered","format":"text"}]},"content":{"rendered":"<p><span style=\"color: #000000;\"><a style=\"color: #000000;\" href=\"https:\/\/www.hashtag.al\/wp-content\/uploads\/2022\/11\/zall-gjocaj.jpg\"><img loading=\"lazy\" decoding=\"async\" class=\"aligncenter size-full wp-image-563554\" src=\"https:\/\/www.hashtag.al\/wp-content\/uploads\/2022\/11\/zall-gjocaj.jpg\" alt=\"\" width=\"1280\" height=\"576\" srcset=\"https:\/\/www.hashtag.al\/wp-content\/uploads\/2022\/11\/zall-gjocaj.jpg 1280w, https:\/\/www.hashtag.al\/wp-content\/uploads\/2022\/11\/zall-gjocaj-300x135.jpg 300w, https:\/\/www.hashtag.al\/wp-content\/uploads\/2022\/11\/zall-gjocaj-1024x461.jpg 1024w, https:\/\/www.hashtag.al\/wp-content\/uploads\/2022\/11\/zall-gjocaj-768x346.jpg 768w\" sizes=\"auto, (max-width: 1280px) 100vw, 1280px\" \/><\/a><\/span><\/p>\n<p><span style=\"color: #000000;\">Banor\u00ebt e Zall Gjocajt kan\u00eb fituar edhe n\u00eb Gjykat\u00ebn e Lart\u00eb betej\u00ebn kund\u00ebr nd\u00ebrtimit t\u00eb HEC-it Zajs.<\/span><\/p>\n<p><span style=\"color: #000000;\">Gjykata e Lart\u00eb me nj\u00eb vendim t\u00eb dit\u00ebs s\u00eb sotme (24 n\u00ebntor 2022) la n\u00eb fuqi vendimet e dy gjykatave p\u00ebr t\u00eb hequr licenc\u00ebn e kompanis\u00eb koncesionare p\u00ebr prodhimin e energjis\u00eb n\u00eb Zall Gjo\u00e7aj.<\/span><\/p>\n<p><span style=\"color: #000000;\">\u201c<em>Gjykata e Lart\u00eb ka vendosur sot n\u00eb favor t\u00eb banor\u00ebve te Zall Gjocaj duke l\u00ebn\u00eb n\u00eb fuqi vendimet e m\u00ebparshme e duke i hequr licenc\u00ebn kompanis\u00eb koncensionare p\u00ebr prodhimin e energjis\u00eb p\u00ebr Hec Zajs, n\u00eb Zall Gjocaj! Ky vendim p\u00ebrforcon dy vendimet e m\u00ebparshme t\u00eb Gjykat\u00ebs s\u00eb shkall\u00ebs s\u00eb par\u00eb dhe t\u00eb Apelit. Por m\u00eb e r\u00ebnd\u00ebsishmja legjitimon edhe m\u00eb shum\u00eb nga ana juridike betej\u00ebn 4-vje\u00e7are t\u00eb komunitetit t\u00eb zon\u00ebs. Beteja nuk ka mbaruar, por kjo \u00ebsht\u00eb nj\u00eb shenj\u00eb e mir\u00eb p\u00ebr t\u00eb gjitha l\u00ebvizjet mjedisore dhe shoq\u00ebrore n\u00eb Shqip\u00ebri, t\u00eb cilat nuk duhet t\u00eb mjaftohen vet\u00ebm me betejat gjyq\u00ebsore, por as t\u00eb mos i l\u00ebn\u00eb pa i p\u00ebrdorur ato si mjete n\u00eb rezistenc\u00ebn e tyre. Zall Gjo\u00e7aj u jep forc\u00eb t\u00eb gjith\u00ebve<\/em>!\u201d-njoftohet n\u00eb faqen e aktivist\u00ebve.<\/span><\/p>\n<p><span style=\"color: #000000;\"><a style=\"color: #000000;\" href=\"https:\/\/www.hashtag.al\/wp-content\/uploads\/2022\/11\/vendimi-zall-gjocaj.jpg\"><img loading=\"lazy\" decoding=\"async\" class=\"aligncenter size-full wp-image-563553\" src=\"https:\/\/www.hashtag.al\/wp-content\/uploads\/2022\/11\/vendimi-zall-gjocaj.jpg\" alt=\"\" width=\"1080\" height=\"1342\" srcset=\"https:\/\/www.hashtag.al\/wp-content\/uploads\/2022\/11\/vendimi-zall-gjocaj.jpg 1080w, https:\/\/www.hashtag.al\/wp-content\/uploads\/2022\/11\/vendimi-zall-gjocaj-241x300.jpg 241w, https:\/\/www.hashtag.al\/wp-content\/uploads\/2022\/11\/vendimi-zall-gjocaj-824x1024.jpg 824w, https:\/\/www.hashtag.al\/wp-content\/uploads\/2022\/11\/vendimi-zall-gjocaj-768x954.jpg 768w\" sizes=\"auto, (max-width: 1080px) 100vw, 1080px\" \/><\/a><\/span><\/p>\n","protected":false,"gt_translate_keys":[{"key":"rendered","format":"html"}]},"excerpt":{"rendered":"<p>Banor\u00ebt e Zall Gjocajt kan\u00eb fituar edhe n\u00eb Gjykat\u00ebn e Lart\u00eb betej\u00ebn kund\u00ebr nd\u00ebrtimit t\u00eb HEC-it Zajs. Gjykata e Lart\u00eb me nj\u00eb vendim t\u00eb dit\u00ebs s\u00eb sotme (24 n\u00ebntor 2022) la n\u00eb fuqi vendimet e dy gjykatave p\u00ebr t\u00eb hequr licenc\u00ebn e kompanis\u00eb koncesionare p\u00ebr prodhimin e energjis\u00eb n\u00eb Zall Gjo\u00e7aj. \u201cGjykata e Lart\u00eb ka [&hellip;]<\/p>\n","protected":false,"gt_translate_keys":[{"key":"rendered","format":"html"}]},"author":32,"featured_media":563554,"comment_status":"closed","ping_status":"closed","sticky":false,"template":"","format":"standard","meta":{"footnotes":""},"categories":[65,13],"tags":[],"class_list":["post-563552","post","type-post","status-publish","format-standard","has-post-thumbnail","hentry","category-lajme","category-te-fundit"],"gt_translate_keys":[{"key":"link","format":"url"}],"_links":{"self":[{"href":"https:\/\/www.hashtag.al\/index.php\/wp-json\/wp\/v2\/posts\/563552","targetHints":{"allow":["GET"]}}],"collection":[{"href":"https:\/\/www.hashtag.al\/index.php\/wp-json\/wp\/v2\/posts"}],"about":[{"href":"https:\/\/www.hashtag.al\/index.php\/wp-json\/wp\/v2\/types\/post"}],"author":[{"embeddable":true,"href":"https:\/\/www.hashtag.al\/index.php\/wp-json\/wp\/v2\/users\/32"}],"replies":[{"embeddable":true,"href":"https:\/\/www.hashtag.al\/index.php\/wp-json\/wp\/v2\/comments?post=563552"}],"version-history":[{"count":0,"href":"https:\/\/www.hashtag.al\/index.php\/wp-json\/wp\/v2\/posts\/563552\/revisions"}],"wp:featuredmedia":[{"embeddable":true,"href":"https:\/\/www.hashtag.al\/index.php\/wp-json\/wp\/v2\/media\/563554"}],"wp:attachment":[{"href":"https:\/\/www.hashtag.al\/index.php\/wp-json\/wp\/v2\/media?parent=563552"}],"wp:term":[{"taxonomy":"category","embeddable":true,"href":"https:\/\/www.hashtag.al\/index.php\/wp-json\/wp\/v2\/categories?post=563552"},{"taxonomy":"post_tag","embeddable":true,"href":"https:\/\/www.hashtag.al\/index.php\/wp-json\/wp\/v2\/tags?post=563552"}],"curies":[{"name":"wp","href":"https:\/\/api.w.org\/{rel}","templated":true}]}}