{"id":563453,"date":"2022-11-24T12:19:23","date_gmt":"2022-11-24T11:19:23","guid":{"rendered":"https:\/\/www.hashtag.al\/?p=563453"},"modified":"2022-11-24T12:19:23","modified_gmt":"2022-11-24T11:19:23","slug":"rama-per-permbytjet-gjendja-e-emergjences-ska-asnje-lidhje-me-situaten-sot","status":"publish","type":"post","link":"https:\/\/www.hashtag.al\/index.php\/2022\/11\/24\/rama-per-permbytjet-gjendja-e-emergjences-ska-asnje-lidhje-me-situaten-sot\/","title":{"rendered":"Rama p\u00ebr p\u00ebrmbytjet: Gjendja e emergjenc\u00ebs s\u2019ka asnj\u00eb lidhje me situat\u00ebn sot","gt_translate_keys":[{"key":"rendered","format":"text"}]},"content":{"rendered":"<p><span style=\"color: #000000;\"><a href=\"https:\/\/www.hashtag.al\/wp-content\/uploads\/2022\/11\/RAMA-6.jpg\"><img loading=\"lazy\" decoding=\"async\" class=\"aligncenter size-full wp-image-563454\" src=\"https:\/\/www.hashtag.al\/wp-content\/uploads\/2022\/11\/RAMA-6.jpg\" alt=\"\" width=\"838\" height=\"424\" srcset=\"https:\/\/www.hashtag.al\/wp-content\/uploads\/2022\/11\/RAMA-6.jpg 838w, https:\/\/www.hashtag.al\/wp-content\/uploads\/2022\/11\/RAMA-6-300x152.jpg 300w, https:\/\/www.hashtag.al\/wp-content\/uploads\/2022\/11\/RAMA-6-768x389.jpg 768w\" sizes=\"auto, (max-width: 838px) 100vw, 838px\" \/><\/a><\/span><\/p>\n<p><span style=\"color: #000000;\">Kryeministri Edi Rama iu p\u00ebrgjigj sot nga Kuvendi opozit\u00ebs lidhur me k\u00ebrkes\u00ebn p\u00ebr shpalljen e gjendjes s\u00eb emergjenc\u00ebs n\u00eb zonat e p\u00ebrmbytura.<\/span><\/p>\n<p><span style=\"color: #000000;\">N\u00eb Interpelanc\u00ebn e sotme, Rama tha se kriteret p\u00ebr shpalljen e gjendjes emergjente nuk kan\u00eb asnj\u00eb lidhje me situat\u00ebn e aktuale.<\/span><\/p>\n<p><em><span style=\"color: #000000;\">\u201cMeq\u00eb do ta marr fjal\u00ebn dhe nj\u00ebher\u00eb tjet\u00ebr, p\u00ebrgjigjen se ku \u00ebsht\u00eb \u00e7eta e kusar\u00ebve do t\u2019ua jap shum\u00eb t\u00eb plot\u00eb sot.<\/span><\/em><\/p>\n<p><span style=\"color: #000000;\"><em>Nd\u00ebrkoh\u00eb q\u00eb p\u00ebr sa i p\u00ebrket \u00e7\u00ebshtjeve t\u00eb ngritura prej jush n\u00eb parantez\u00ebn e b\u00ebr\u00eb lexova q\u00eb shqet\u00ebsimi juaj kryesor dhe pyetja juaj kryesore ishte pse nuk shpallet gjendja e emergjenc\u00ebs. Gjendja e emergjenc\u00ebs ka nj\u00eb kuad\u00ebr t\u00eb plot\u00eb ligjor, kritere t\u00eb p\u00ebrcaktuara q\u00eb nuk kan\u00eb asnj\u00eb lidhje me situat\u00ebn e aktuale. Nuk d\u00ebshiroja t\u00eb hyja n\u00eb krahasime, por meq\u00eb hyt\u00eb ju n\u00eb krahasime, i q\u00ebndroj asaj q\u00eb ndat\u00eb bujarisht me publikun sepse jan\u00eb faktet q\u00eb flasin shum\u00eb qart\u00eb dhe ai sinkron \u00ebsht\u00eb nxjerr\u00eb nga nj\u00eb moment katastrofik p\u00ebr Shkodr\u00ebn dhe p\u00ebr gjith\u00eb zon\u00ebn e per\u00ebndimit si rezultat i keqadministrimit skandaloz, kriminal, korruptiv t\u00eb kaskad\u00ebs, ajo ishte e v\u00ebrtet\u00eb dje, \u00ebsht\u00eb e v\u00ebrtet\u00eb sot.\u201d<\/em>&#8211; tha Rama.<\/span><\/p>\n<p><span style=\"color: #000000;\">Kryeministri shtoi:<em> \u201dPo i referohem shifrave t\u00eb bashkis\u00eb Shkod\u00ebr, jo t\u00eb qeveris\u00eb, e cila dihet bot\u00ebrisht q\u00eb nuk influencohet nga qeveria jon\u00eb. N\u00eb at\u00eb koh\u00eb kur un\u00eb kam th\u00ebn\u00eb at\u00eb jan\u00eb p\u00ebrmbytur mbi 25 mij\u00eb ha, vet\u00ebm n\u00eb zon\u00ebn e Shkodr\u00ebs, nga t\u00eb cilat 14 mij\u00eb kan\u00eb futur brenda edhe qytetin e Shkodr\u00ebs n\u00eb at\u00eb koh\u00eb.<\/em><\/span><\/p>\n<p><em><span style=\"color: #000000;\">Nd\u00ebrkoh\u00eb q\u00eb prap\u00eb referuar bashkis\u00eb Shkodr\u00ebs, sip\u00ebrfaqja e p\u00ebrmbytur ka qen\u00eb 1458 ha. K\u00ebt\u00eb her\u00eb nuk ka lidhje me kaskad\u00ebn dhe 4 mijeshen q\u00eb soll\u00ebt ju \u00ebsht\u00eb e sakta, por nuk \u00ebsht\u00eb vet\u00ebm p\u00ebr Shkodr\u00ebs, por edhe p\u00ebr Lezh\u00ebn. Ka nj\u00eb problem me zon\u00ebn e ish-k\u00ebnet\u00ebs, sepse \u00ebsht\u00eb nd\u00ebrtuar n\u00ebn kuot\u00eb. Pyetja juaj q\u00eb n\u00ebse qeveria ka menduar ti zhvendos\u00eb, kjo vlen p\u00ebr shum\u00eb vende, jo vet\u00ebm n\u00eb Shkod\u00ebr, kjo b\u00ebhet duke bashk\u00ebpunuar se bashku.<\/span><\/em><\/p>\n<p><em><span style=\"color: #000000;\">P\u00ebr t\u00eb ardhur tek banor\u00ebt e prekur. Mbi 68 mij\u00eb banor\u00eb t\u00eb prekur nga shifrat e bashkis\u00eb Shkod\u00ebr, nd\u00ebrsa sot 130 qytetar\u00eb t\u00eb evakuuar, nga 14 mij\u00eb n\u00eb at\u00eb koh\u00eb.\u201d<\/span><\/em><\/p>\n","protected":false,"gt_translate_keys":[{"key":"rendered","format":"html"}]},"excerpt":{"rendered":"<p>Kryeministri Edi Rama iu p\u00ebrgjigj sot nga Kuvendi opozit\u00ebs lidhur me k\u00ebrkes\u00ebn p\u00ebr shpalljen e gjendjes s\u00eb emergjenc\u00ebs n\u00eb zonat e p\u00ebrmbytura. N\u00eb Interpelanc\u00ebn e sotme, Rama tha se kriteret p\u00ebr shpalljen e gjendjes emergjente nuk kan\u00eb asnj\u00eb lidhje me situat\u00ebn e aktuale. \u201cMeq\u00eb do ta marr fjal\u00ebn dhe nj\u00ebher\u00eb tjet\u00ebr, p\u00ebrgjigjen se ku \u00ebsht\u00eb [&hellip;]<\/p>\n","protected":false,"gt_translate_keys":[{"key":"rendered","format":"html"}]},"author":30,"featured_media":563454,"comment_status":"closed","ping_status":"closed","sticky":false,"template":"","format":"standard","meta":{"footnotes":""},"categories":[65,13],"tags":[],"class_list":["post-563453","post","type-post","status-publish","format-standard","has-post-thumbnail","hentry","category-lajme","category-te-fundit"],"gt_translate_keys":[{"key":"link","format":"url"}],"_links":{"self":[{"href":"https:\/\/www.hashtag.al\/index.php\/wp-json\/wp\/v2\/posts\/563453","targetHints":{"allow":["GET"]}}],"collection":[{"href":"https:\/\/www.hashtag.al\/index.php\/wp-json\/wp\/v2\/posts"}],"about":[{"href":"https:\/\/www.hashtag.al\/index.php\/wp-json\/wp\/v2\/types\/post"}],"author":[{"embeddable":true,"href":"https:\/\/www.hashtag.al\/index.php\/wp-json\/wp\/v2\/users\/30"}],"replies":[{"embeddable":true,"href":"https:\/\/www.hashtag.al\/index.php\/wp-json\/wp\/v2\/comments?post=563453"}],"version-history":[{"count":0,"href":"https:\/\/www.hashtag.al\/index.php\/wp-json\/wp\/v2\/posts\/563453\/revisions"}],"wp:featuredmedia":[{"embeddable":true,"href":"https:\/\/www.hashtag.al\/index.php\/wp-json\/wp\/v2\/media\/563454"}],"wp:attachment":[{"href":"https:\/\/www.hashtag.al\/index.php\/wp-json\/wp\/v2\/media?parent=563453"}],"wp:term":[{"taxonomy":"category","embeddable":true,"href":"https:\/\/www.hashtag.al\/index.php\/wp-json\/wp\/v2\/categories?post=563453"},{"taxonomy":"post_tag","embeddable":true,"href":"https:\/\/www.hashtag.al\/index.php\/wp-json\/wp\/v2\/tags?post=563453"}],"curies":[{"name":"wp","href":"https:\/\/api.w.org\/{rel}","templated":true}]}}