{"id":563444,"date":"2022-11-24T11:42:50","date_gmt":"2022-11-24T10:42:50","guid":{"rendered":"https:\/\/www.hashtag.al\/?p=563444"},"modified":"2022-11-24T11:42:50","modified_gmt":"2022-11-24T10:42:50","slug":"terhiqet-maxhoranca-pas-debateve-10-minuta-koha-e-diskutimit-per-cdo-deputet-per-portin-e-durresit","status":"publish","type":"post","link":"https:\/\/www.hashtag.al\/index.php\/2022\/11\/24\/terhiqet-maxhoranca-pas-debateve-10-minuta-koha-e-diskutimit-per-cdo-deputet-per-portin-e-durresit\/","title":{"rendered":"T\u00ebrhiqet maxhoranca pas debateve, 10 minuta koha e diskutimit p\u00ebr \u00e7do deputet p\u00ebr Portin e Durr\u00ebsit","gt_translate_keys":[{"key":"rendered","format":"text"}]},"content":{"rendered":"<p><span style=\"color: #000000;\"><a href=\"https:\/\/www.hashtag.al\/wp-content\/uploads\/2022\/11\/votim.jpeg\"><img loading=\"lazy\" decoding=\"async\" class=\"aligncenter size-full wp-image-563445\" src=\"https:\/\/www.hashtag.al\/wp-content\/uploads\/2022\/11\/votim.jpeg\" alt=\"\" width=\"637\" height=\"450\" srcset=\"https:\/\/www.hashtag.al\/wp-content\/uploads\/2022\/11\/votim.jpeg 637w, https:\/\/www.hashtag.al\/wp-content\/uploads\/2022\/11\/votim-300x212.jpeg 300w\" sizes=\"auto, (max-width: 637px) 100vw, 637px\" \/><\/a><\/span><\/p>\n<p><span style=\"color: #000000;\">Maxhoranca u t\u00ebrhoq pas rreth nj\u00eb or\u00eb debatesh n\u00eb Kuvend, dhe Konferenca e Kryetar\u00ebve ka vendosur q\u00eb 10 minuta t\u00eb jet\u00eb koha e diskutimit p\u00ebr \u00e7do deputet, p\u00ebr marr\u00ebveshjen p\u00ebr Portin e Durr\u00ebsit<\/span><\/p>\n<p><span style=\"color: #000000;\">Ky vendim u mor pasi opozita pushtoi foltoren n\u00eb Kuvend dhe protestoi kund\u00ebr vendimit q\u00eb 6 or\u00eb t\u00eb ishte debati p\u00ebr Portin e Durr\u00ebsit.<\/span><\/p>\n<p><em><span style=\"color: #000000;\">\u201cMeqen\u00ebse kemi d\u00ebshir\u00ebn t\u00eb kemi m\u00eb shum\u00eb koh\u00eb. nd\u00ebrpriteni seanc\u00ebn, 5 minuta pushim t\u00eb marrim nj\u00eb vendim.\u201d- <\/span><\/em><span style=\"color: #000000;\">tha Balla pas debateve n\u00eb Kuvend.<\/span><\/p>\n<p><span style=\"color: #000000;\">Gjat\u00eb nd\u00ebrprerjes s\u00eb seanc\u00ebs u vendos q\u00eb debati t\u00eb jet\u00eb pa limit.<\/span><\/p>\n","protected":false,"gt_translate_keys":[{"key":"rendered","format":"html"}]},"excerpt":{"rendered":"<p>Maxhoranca u t\u00ebrhoq pas rreth nj\u00eb or\u00eb debatesh n\u00eb Kuvend, dhe Konferenca e Kryetar\u00ebve ka vendosur q\u00eb 10 minuta t\u00eb jet\u00eb koha e diskutimit p\u00ebr \u00e7do deputet, p\u00ebr marr\u00ebveshjen p\u00ebr Portin e Durr\u00ebsit Ky vendim u mor pasi opozita pushtoi foltoren n\u00eb Kuvend dhe protestoi kund\u00ebr vendimit q\u00eb 6 or\u00eb t\u00eb ishte debati p\u00ebr Portin [&hellip;]<\/p>\n","protected":false,"gt_translate_keys":[{"key":"rendered","format":"html"}]},"author":30,"featured_media":563445,"comment_status":"closed","ping_status":"closed","sticky":false,"template":"","format":"standard","meta":{"footnotes":""},"categories":[65,13],"tags":[],"class_list":["post-563444","post","type-post","status-publish","format-standard","has-post-thumbnail","hentry","category-lajme","category-te-fundit"],"gt_translate_keys":[{"key":"link","format":"url"}],"_links":{"self":[{"href":"https:\/\/www.hashtag.al\/index.php\/wp-json\/wp\/v2\/posts\/563444","targetHints":{"allow":["GET"]}}],"collection":[{"href":"https:\/\/www.hashtag.al\/index.php\/wp-json\/wp\/v2\/posts"}],"about":[{"href":"https:\/\/www.hashtag.al\/index.php\/wp-json\/wp\/v2\/types\/post"}],"author":[{"embeddable":true,"href":"https:\/\/www.hashtag.al\/index.php\/wp-json\/wp\/v2\/users\/30"}],"replies":[{"embeddable":true,"href":"https:\/\/www.hashtag.al\/index.php\/wp-json\/wp\/v2\/comments?post=563444"}],"version-history":[{"count":0,"href":"https:\/\/www.hashtag.al\/index.php\/wp-json\/wp\/v2\/posts\/563444\/revisions"}],"wp:featuredmedia":[{"embeddable":true,"href":"https:\/\/www.hashtag.al\/index.php\/wp-json\/wp\/v2\/media\/563445"}],"wp:attachment":[{"href":"https:\/\/www.hashtag.al\/index.php\/wp-json\/wp\/v2\/media?parent=563444"}],"wp:term":[{"taxonomy":"category","embeddable":true,"href":"https:\/\/www.hashtag.al\/index.php\/wp-json\/wp\/v2\/categories?post=563444"},{"taxonomy":"post_tag","embeddable":true,"href":"https:\/\/www.hashtag.al\/index.php\/wp-json\/wp\/v2\/tags?post=563444"}],"curies":[{"name":"wp","href":"https:\/\/api.w.org\/{rel}","templated":true}]}}