{"id":563440,"date":"2022-11-24T11:33:17","date_gmt":"2022-11-24T10:33:17","guid":{"rendered":"https:\/\/www.hashtag.al\/?p=563440"},"modified":"2022-11-24T11:33:17","modified_gmt":"2022-11-24T10:33:17","slug":"be-ja-anulon-grantin-e-fondit-te-investimeve-per-portin-e-durresit","status":"publish","type":"post","link":"https:\/\/www.hashtag.al\/index.php\/2022\/11\/24\/be-ja-anulon-grantin-e-fondit-te-investimeve-per-portin-e-durresit\/","title":{"rendered":"BE-ja anulon grantin e Fondit t\u00eb Investimeve p\u00ebr portin e Durr\u00ebsit","gt_translate_keys":[{"key":"rendered","format":"text"}]},"content":{"rendered":"<p><span style=\"color: #000000;\"><a href=\"https:\/\/www.hashtag.al\/wp-content\/uploads\/2022\/11\/BANKA-2.jpg\"><img loading=\"lazy\" decoding=\"async\" class=\"aligncenter size-full wp-image-563441\" src=\"https:\/\/www.hashtag.al\/wp-content\/uploads\/2022\/11\/BANKA-2.jpg\" alt=\"\" width=\"805\" height=\"439\" srcset=\"https:\/\/www.hashtag.al\/wp-content\/uploads\/2022\/11\/BANKA-2.jpg 805w, https:\/\/www.hashtag.al\/wp-content\/uploads\/2022\/11\/BANKA-2-300x164.jpg 300w, https:\/\/www.hashtag.al\/wp-content\/uploads\/2022\/11\/BANKA-2-768x419.jpg 768w\" sizes=\"auto, (max-width: 805px) 100vw, 805px\" \/><\/a><\/span><\/p>\n<p><span style=\"color: #000000;\">\u00cbsht\u00eb anuluar granti i Fondit t\u00eb Investimeve p\u00ebr Ballkanin Per\u00ebndimor p\u00ebr portin e Durr\u00ebsit.<\/span><\/p>\n<p><span style=\"color: #000000;\">K\u00ebshtu tha p\u00ebr Radion Evropa e Lir\u00eb, zyra e Bashkimit Evropian n\u00eb Tiran\u00eb.<\/span><\/p>\n<p><span style=\"color: #000000;\">Shkak p\u00ebr k\u00ebt\u00eb vendim \u00ebsht\u00eb b\u00ebr\u00eb edhe modifikimi i projektit.<\/span><\/p>\n<p><span style=\"color: #000000;\"><em>\u201cSi rezultat i modifikimit t\u00eb projektit dhe ndryshimit t\u00eb p\u00ebrdorimit t\u00eb portit aktual, BE-ja ka anuluar grantin e mbetur t\u00eb WBIF (Fondi i Investimeve p\u00ebr Ballkanin Per\u00ebndimor) p\u00ebr investimin p\u00ebr projektin e m\u00ebparsh\u00ebm t\u00eb portit. Ne jemi duke u konsultuar me p\u00ebrfaq\u00ebsuesit e Qeveris\u00eb edhe p\u00ebr prioritetet e investimeve.\u201d<\/em>&#8211; thuhet n\u00eb p\u00ebrgjigjen e tyre.<\/span><\/p>\n<p><span style=\"color: #000000;\">Vlera e k\u00ebtij granti ishte 28 milion\u00eb euro.<\/span><\/p>\n<p><span style=\"color: #000000;\">Projekti parashikonte rehabilitimin e kalatave 1 dhe 2 n\u00eb Terminalin Per\u00ebndimor t\u00eb Portit t\u00eb Durr\u00ebsit, ku p\u00ebrpunohen thuajse t\u00eb gjitha mallrat q\u00eb vijn\u00eb nga jasht\u00eb. Nd\u00ebrhyrja ishte e domosdoshme pasi nj\u00ebra prej tyre \u00ebsht\u00eb nd\u00ebrtuar n\u00eb vitet 1945-1951 dhe tjetra m\u00eb 1972. Nd\u00ebrhyrjet e vetme jan\u00eb b\u00ebr\u00eb m\u00eb 1994. Projekti i financuar edhe nga BE-ja, parashikonte zgjerimin e sip\u00ebrfaqes s\u00eb kalatave, si dhe rritjen e thell\u00ebsis\u00eb s\u00eb projektuar, n\u00eb m\u00ebnyr\u00eb q\u00eb t\u00eb ankorohen edhe anije m\u00eb t\u00eb m\u00ebdha.<\/span><\/p>\n<p><span style=\"color: #000000;\">Nd\u00ebrkoh\u00eb, marr\u00ebveshja e n\u00ebnshkruar nd\u00ebrmjet Qeveris\u00eb shqiptare dhe investitorit nga Dubai, Mohamed Alaabar, e shnd\u00ebrron portin aktual n\u00eb port jahtesh dhe e kthen Durr\u00ebsin, si\u00e7 \u00ebsht\u00eb shprehur kryeministri Rama, n\u00eb \u201cDubain e Mesdheut\u201d, nd\u00ebrsa aktiviteti tregtar do t\u00eb zhvendoset n\u00eb Porto Romano. Aktualisht, n\u00eb k\u00ebt\u00eb zon\u00eb operon nj\u00eb kompani private dhe aty p\u00ebrpunohen ngarkesa me naft\u00eb.<\/span><\/p>\n<p><span style=\"color: #000000;\">Me nj\u00eb vendim t\u00eb k\u00ebshillit t\u00eb ministrave n\u00eb qershor t\u00eb 2021 u vendos t\u00eb zgjerohej porti ekzistues n\u00eb Porto Romano, duke i hapur rrug\u00eb k\u00ebshtu transferimit t\u00eb portit tregtar atje dhe nd\u00ebrtimit t\u00eb portit turistik nga kompania arabe.<\/span><\/p>\n<p><span style=\"color: #000000;\">N\u00eb p\u00ebrgjigjen e zyr\u00ebs s\u00eb BE-s\u00eb n\u00eb Tiran\u00eb thuhet se <em>\u201csa i p\u00ebrket marr\u00ebveshjes tregtare nd\u00ebrmjet Shqip\u00ebris\u00eb dhe Emirateve t\u00eb Bashkuara Arabe, BE-ja do t\u00eb vazhdoj\u00eb t\u00eb monitoroj\u00eb r\u00ebnd\u00ebsin\u00eb p\u00ebr MSA-n\u00eb dhe pajtueshm\u00ebrin\u00eb me t\u00eb, n\u00eb dialog me institucionet shqiptare\u201d.<\/em><\/span><\/p>\n<p><span style=\"color: #000000;\">Edhe n\u00eb gusht t\u00eb k\u00ebtij viti delegacioni i BE-s\u00eb n\u00eb Shqip\u00ebri i k\u00ebrkoi Qeveris\u00eb m\u00eb shum\u00eb qart\u00ebsi dhe transparenc\u00eb n\u00eb lidhje me marr\u00ebveshjen me kompanin\u00eb arabe sa i p\u00ebrket projektit t\u00eb marin\u00ebs n\u00eb Portin e Durr\u00ebsit.<\/span><\/p>\n<p><span style=\"color: #000000;\">Projekti i investitorit nga Dubai, Mohamed Alaabar, p\u00ebr Marin\u00ebn e Jahteve n\u00eb Portin e Durr\u00ebsit ka sjell\u00eb p\u00ebrplasje n\u00eb politik\u00ebn shqiptare.<\/span><\/p>\n<p><span style=\"color: #000000;\">Sipas opozit\u00ebs, shkelet marr\u00ebveshja e MSA-s\u00eb si dhe pas projektit fshihen interesat personale t\u00eb kryeministrit shqiptar, Edi Rama. Pak dit\u00eb m\u00eb par\u00eb kreu i grupit t\u00eb PD-s\u00eb, Enkelejd Alibej b\u00ebri t\u00eb ditur se p\u00ebr k\u00ebt\u00eb \u00e7\u00ebshtje i \u00ebsht\u00eb drejtuar me nj\u00eb let\u00ebr ambasad\u00ebs s\u00eb BE-s\u00eb n\u00eb Tiran\u00eb dhe komisionarit Oliver Varheyli.<\/span><\/p>\n<p><span style=\"color: #000000;\">Marr\u00ebveshja p\u00ebr portin e Durr\u00ebsit kalon t\u00eb enjten p\u00ebr votim n\u00eb Kuvend.<\/span><\/p>\n<p><strong><span style=\"color: #000000;\"><span style=\"color: #ff0000;\">VINI RE<\/span>: Ky artikull \u00ebsht\u00eb pron\u00eb intelektuale e <span style=\"color: #0000ff;\"><a style=\"color: #0000ff;\" href=\"https:\/\/www.evropaelire.org\/a\/be-granti-anulimi-porti-\/32146558.html\">REL<\/a><\/span><\/span><\/strong><\/p>\n","protected":false,"gt_translate_keys":[{"key":"rendered","format":"html"}]},"excerpt":{"rendered":"<p>\u00cbsht\u00eb anuluar granti i Fondit t\u00eb Investimeve p\u00ebr Ballkanin Per\u00ebndimor p\u00ebr portin e Durr\u00ebsit. K\u00ebshtu tha p\u00ebr Radion Evropa e Lir\u00eb, zyra e Bashkimit Evropian n\u00eb Tiran\u00eb. Shkak p\u00ebr k\u00ebt\u00eb vendim \u00ebsht\u00eb b\u00ebr\u00eb edhe modifikimi i projektit. \u201cSi rezultat i modifikimit t\u00eb projektit dhe ndryshimit t\u00eb p\u00ebrdorimit t\u00eb portit aktual, BE-ja ka anuluar grantin e [&hellip;]<\/p>\n","protected":false,"gt_translate_keys":[{"key":"rendered","format":"html"}]},"author":30,"featured_media":563441,"comment_status":"closed","ping_status":"closed","sticky":false,"template":"","format":"standard","meta":{"footnotes":""},"categories":[65,13],"tags":[],"class_list":["post-563440","post","type-post","status-publish","format-standard","has-post-thumbnail","hentry","category-lajme","category-te-fundit"],"gt_translate_keys":[{"key":"link","format":"url"}],"_links":{"self":[{"href":"https:\/\/www.hashtag.al\/index.php\/wp-json\/wp\/v2\/posts\/563440","targetHints":{"allow":["GET"]}}],"collection":[{"href":"https:\/\/www.hashtag.al\/index.php\/wp-json\/wp\/v2\/posts"}],"about":[{"href":"https:\/\/www.hashtag.al\/index.php\/wp-json\/wp\/v2\/types\/post"}],"author":[{"embeddable":true,"href":"https:\/\/www.hashtag.al\/index.php\/wp-json\/wp\/v2\/users\/30"}],"replies":[{"embeddable":true,"href":"https:\/\/www.hashtag.al\/index.php\/wp-json\/wp\/v2\/comments?post=563440"}],"version-history":[{"count":0,"href":"https:\/\/www.hashtag.al\/index.php\/wp-json\/wp\/v2\/posts\/563440\/revisions"}],"wp:featuredmedia":[{"embeddable":true,"href":"https:\/\/www.hashtag.al\/index.php\/wp-json\/wp\/v2\/media\/563441"}],"wp:attachment":[{"href":"https:\/\/www.hashtag.al\/index.php\/wp-json\/wp\/v2\/media?parent=563440"}],"wp:term":[{"taxonomy":"category","embeddable":true,"href":"https:\/\/www.hashtag.al\/index.php\/wp-json\/wp\/v2\/categories?post=563440"},{"taxonomy":"post_tag","embeddable":true,"href":"https:\/\/www.hashtag.al\/index.php\/wp-json\/wp\/v2\/tags?post=563440"}],"curies":[{"name":"wp","href":"https:\/\/api.w.org\/{rel}","templated":true}]}}