{"id":563436,"date":"2022-11-24T11:27:46","date_gmt":"2022-11-24T10:27:46","guid":{"rendered":"https:\/\/www.hashtag.al\/?p=563436"},"modified":"2022-11-24T11:27:46","modified_gmt":"2022-11-24T10:27:46","slug":"kuvendi-mban-1-minute-heshtje-per-viktimat-e-permbytjeve-ne-shkoder","status":"publish","type":"post","link":"https:\/\/www.hashtag.al\/index.php\/2022\/11\/24\/kuvendi-mban-1-minute-heshtje-per-viktimat-e-permbytjeve-ne-shkoder\/","title":{"rendered":"Kuvendi mban 1 minut\u00eb heshtje p\u00ebr viktimat e p\u00ebrmbytjeve n\u00eb Shkod\u00ebr","gt_translate_keys":[{"key":"rendered","format":"text"}]},"content":{"rendered":"<p><span style=\"color: #000000;\"><a href=\"https:\/\/www.hashtag.al\/wp-content\/uploads\/2022\/11\/KUVEND.jpg\"><img loading=\"lazy\" decoding=\"async\" class=\"aligncenter size-full wp-image-563438\" src=\"https:\/\/www.hashtag.al\/wp-content\/uploads\/2022\/11\/KUVEND.jpg\" alt=\"\" width=\"740\" height=\"390\" srcset=\"https:\/\/www.hashtag.al\/wp-content\/uploads\/2022\/11\/KUVEND.jpg 740w, https:\/\/www.hashtag.al\/wp-content\/uploads\/2022\/11\/KUVEND-300x158.jpg 300w\" sizes=\"auto, (max-width: 740px) 100vw, 740px\" \/><\/a><\/span><\/p>\n<p><span style=\"color: #000000;\">Kuvendi ka mbajtur k\u00ebt\u00eb t\u00eb enjte nj\u00eb minut\u00eb heshtje p\u00ebr ngjarjen e r\u00ebnd\u00eb n\u00eb Mal\u00ebsin\u00eb e Madhe, ku bab\u00eb e bir humb\u00ebn jet\u00ebn si pasoj\u00eb e p\u00ebrmbytjeve.<\/span><\/p>\n<p><span style=\"color: #000000;\">Pjet\u00ebr Rushaj dhe i biri 13-vjecc Jason, ishin viktima t\u00eb motit t\u00eb keq q\u00eb p\u00ebrfshiu vendin dit\u00ebt e fundit.\u00a0Ata u gjet\u00ebn pajet\u00eb nj\u00eb dit\u00eb pasi rrjedha e p\u00ebrroi t\u00eb That\u00eb p\u00ebrpiu makin\u00ebn e tyre n\u00eb fshatin Bog\u00eb t\u00eb Mal\u00ebsis\u00eb s\u00eb Madhe.<\/span><\/p>\n","protected":false,"gt_translate_keys":[{"key":"rendered","format":"html"}]},"excerpt":{"rendered":"<p>Kuvendi ka mbajtur k\u00ebt\u00eb t\u00eb enjte nj\u00eb minut\u00eb heshtje p\u00ebr ngjarjen e r\u00ebnd\u00eb n\u00eb Mal\u00ebsin\u00eb e Madhe, ku bab\u00eb e bir humb\u00ebn jet\u00ebn si pasoj\u00eb e p\u00ebrmbytjeve. Pjet\u00ebr Rushaj dhe i biri 13-vjecc Jason, ishin viktima t\u00eb motit t\u00eb keq q\u00eb p\u00ebrfshiu vendin dit\u00ebt e fundit.\u00a0Ata u gjet\u00ebn pajet\u00eb nj\u00eb dit\u00eb pasi rrjedha e p\u00ebrroi [&hellip;]<\/p>\n","protected":false,"gt_translate_keys":[{"key":"rendered","format":"html"}]},"author":30,"featured_media":563438,"comment_status":"closed","ping_status":"closed","sticky":false,"template":"","format":"standard","meta":{"footnotes":""},"categories":[65,13],"tags":[],"class_list":["post-563436","post","type-post","status-publish","format-standard","has-post-thumbnail","hentry","category-lajme","category-te-fundit"],"gt_translate_keys":[{"key":"link","format":"url"}],"_links":{"self":[{"href":"https:\/\/www.hashtag.al\/index.php\/wp-json\/wp\/v2\/posts\/563436","targetHints":{"allow":["GET"]}}],"collection":[{"href":"https:\/\/www.hashtag.al\/index.php\/wp-json\/wp\/v2\/posts"}],"about":[{"href":"https:\/\/www.hashtag.al\/index.php\/wp-json\/wp\/v2\/types\/post"}],"author":[{"embeddable":true,"href":"https:\/\/www.hashtag.al\/index.php\/wp-json\/wp\/v2\/users\/30"}],"replies":[{"embeddable":true,"href":"https:\/\/www.hashtag.al\/index.php\/wp-json\/wp\/v2\/comments?post=563436"}],"version-history":[{"count":0,"href":"https:\/\/www.hashtag.al\/index.php\/wp-json\/wp\/v2\/posts\/563436\/revisions"}],"wp:featuredmedia":[{"embeddable":true,"href":"https:\/\/www.hashtag.al\/index.php\/wp-json\/wp\/v2\/media\/563438"}],"wp:attachment":[{"href":"https:\/\/www.hashtag.al\/index.php\/wp-json\/wp\/v2\/media?parent=563436"}],"wp:term":[{"taxonomy":"category","embeddable":true,"href":"https:\/\/www.hashtag.al\/index.php\/wp-json\/wp\/v2\/categories?post=563436"},{"taxonomy":"post_tag","embeddable":true,"href":"https:\/\/www.hashtag.al\/index.php\/wp-json\/wp\/v2\/tags?post=563436"}],"curies":[{"name":"wp","href":"https:\/\/api.w.org\/{rel}","templated":true}]}}