{"id":563411,"date":"2022-11-24T10:48:31","date_gmt":"2022-11-24T09:48:31","guid":{"rendered":"https:\/\/www.hashtag.al\/?p=563411"},"modified":"2022-11-24T10:49:36","modified_gmt":"2022-11-24T09:49:36","slug":"berisha-akuza-balles-jashte-shko-ne-prokurori-se-akuzohesh-per-vrasje","status":"publish","type":"post","link":"https:\/\/www.hashtag.al\/index.php\/2022\/11\/24\/berisha-akuza-balles-jashte-shko-ne-prokurori-se-akuzohesh-per-vrasje\/","title":{"rendered":"Berisha akuza Ball\u00ebs: Jasht\u00eb, shko n\u00eb Prokurori se akuzohesh p\u00ebr vrasje","gt_translate_keys":[{"key":"rendered","format":"text"}]},"content":{"rendered":"<p><span style=\"color: #000000;\"><a href=\"https:\/\/www.hashtag.al\/wp-content\/uploads\/2022\/11\/vbb.jpg\"><img loading=\"lazy\" decoding=\"async\" class=\"aligncenter size-full wp-image-563412\" src=\"https:\/\/www.hashtag.al\/wp-content\/uploads\/2022\/11\/vbb.jpg\" alt=\"\" width=\"713\" height=\"380\" srcset=\"https:\/\/www.hashtag.al\/wp-content\/uploads\/2022\/11\/vbb.jpg 713w, https:\/\/www.hashtag.al\/wp-content\/uploads\/2022\/11\/vbb-300x160.jpg 300w\" sizes=\"auto, (max-width: 713px) 100vw, 713px\" \/><\/a><\/span><\/p>\n<p><span style=\"color: #000000;\">Duke qen\u00eb se kryetarja e Kuvendit Lindita Nikolla nuk po i jepte fjal\u00ebn, kryetari i PD-s\u00eb Sali Berisha ka folur gjithsesi nga foltorja e Kuvendit por p\u00ebrmes \u201cFacebook\u201d-ut t\u00eb tij.<\/span><\/p>\n<p><span style=\"color: #000000;\">Berisha akuzoi kreun e grupit parlamentar t\u00eb PS-s\u00eb, Taulant Balla se ka porositur vrasjen e avokatit Ravik Gurra, duke iu referuar d\u00ebshmis\u00eb s\u00eb Ardjan \u00c7apjas.<\/span><\/p>\n<p><span style=\"color: #000000;\">Ish-kryeministri i k\u00ebrkoi deputetit t\u00eb PS-s\u00eb t\u00eb shkonte n\u00eb Prokurori p\u00ebr t\u00eb sqaruar pozitat e tij n\u00eb lidhje me akuzat ndaj tij.<\/span><\/p>\n<p><em><span style=\"color: #000000;\">\u201cAi nuk nuk ka vend n\u00eb Parlament shko jepi p\u00ebrgjgien d\u00ebshmive p\u00ebr vrasje. Shpirti i avokatit Ravik Gura k\u00ebrkon drejt\u00ebsi dhe ti je i akuzuar se ke porositur vrasjen e tij. Ne jemi t\u00eb zotuar t\u00eb vendosur t\u00eb mbrojm\u00eb t\u00eb drejtat tona nuk mundet nj\u00eb i akuzuar p\u00ebr vrasje, nuk mundet nj\u00ebr njeri q\u00eb akuzioeht se ka porostiur vrasje n\u00eb Elbasan t\u00eb marr\u00eb fjal\u00ebn k\u00ebtu nxierre jasht\u00eb Parlamentit t\u00eb shkoj\u00eb n\u00eb Prokurori.<\/span><\/em><\/p>\n<p><span style=\"color: #000000;\"><em>Si t\u00eb duket ty akuza se ka porositur vrasjen e Ravik Gurr\u00ebs? Ose t\u00eb drejtat e opozit\u00ebs do respektohen ose opozita\u2026. Mbylle goj\u00ebn se po flas un\u00eb, shko n\u00eb Prokurori se je i akuzuar p\u00ebr vrasje. Ke porositur vrasjen e Ravik Gurr\u00ebs, mos p\u00ebrdor imunitetin diplomatik. Hera e dyt\u00eb q\u00eb akuzohet p\u00ebr porosi vrasje.\u201d<\/em>&#8211; tha Berisha.<\/span><\/p>\n","protected":false,"gt_translate_keys":[{"key":"rendered","format":"html"}]},"excerpt":{"rendered":"<p>Duke qen\u00eb se kryetarja e Kuvendit Lindita Nikolla nuk po i jepte fjal\u00ebn, kryetari i PD-s\u00eb Sali Berisha ka folur gjithsesi nga foltorja e Kuvendit por p\u00ebrmes \u201cFacebook\u201d-ut t\u00eb tij. Berisha akuzoi kreun e grupit parlamentar t\u00eb PS-s\u00eb, Taulant Balla se ka porositur vrasjen e avokatit Ravik Gurra, duke iu referuar d\u00ebshmis\u00eb s\u00eb Ardjan \u00c7apjas. [&hellip;]<\/p>\n","protected":false,"gt_translate_keys":[{"key":"rendered","format":"html"}]},"author":30,"featured_media":563412,"comment_status":"closed","ping_status":"closed","sticky":false,"template":"","format":"standard","meta":{"footnotes":""},"categories":[65,13],"tags":[],"class_list":["post-563411","post","type-post","status-publish","format-standard","has-post-thumbnail","hentry","category-lajme","category-te-fundit"],"gt_translate_keys":[{"key":"link","format":"url"}],"_links":{"self":[{"href":"https:\/\/www.hashtag.al\/index.php\/wp-json\/wp\/v2\/posts\/563411","targetHints":{"allow":["GET"]}}],"collection":[{"href":"https:\/\/www.hashtag.al\/index.php\/wp-json\/wp\/v2\/posts"}],"about":[{"href":"https:\/\/www.hashtag.al\/index.php\/wp-json\/wp\/v2\/types\/post"}],"author":[{"embeddable":true,"href":"https:\/\/www.hashtag.al\/index.php\/wp-json\/wp\/v2\/users\/30"}],"replies":[{"embeddable":true,"href":"https:\/\/www.hashtag.al\/index.php\/wp-json\/wp\/v2\/comments?post=563411"}],"version-history":[{"count":0,"href":"https:\/\/www.hashtag.al\/index.php\/wp-json\/wp\/v2\/posts\/563411\/revisions"}],"wp:featuredmedia":[{"embeddable":true,"href":"https:\/\/www.hashtag.al\/index.php\/wp-json\/wp\/v2\/media\/563412"}],"wp:attachment":[{"href":"https:\/\/www.hashtag.al\/index.php\/wp-json\/wp\/v2\/media?parent=563411"}],"wp:term":[{"taxonomy":"category","embeddable":true,"href":"https:\/\/www.hashtag.al\/index.php\/wp-json\/wp\/v2\/categories?post=563411"},{"taxonomy":"post_tag","embeddable":true,"href":"https:\/\/www.hashtag.al\/index.php\/wp-json\/wp\/v2\/tags?post=563411"}],"curies":[{"name":"wp","href":"https:\/\/api.w.org\/{rel}","templated":true}]}}