{"id":563355,"date":"2022-11-24T00:09:44","date_gmt":"2022-11-23T23:09:44","guid":{"rendered":"https:\/\/www.hashtag.al\/?p=563355"},"modified":"2022-11-24T00:10:38","modified_gmt":"2022-11-23T23:10:38","slug":"borrell-negociatat-per-normalizimin-e-plote-te-marredhenieve-nderpriten-nese-palet-bllokojne-procesin","status":"publish","type":"post","link":"https:\/\/www.hashtag.al\/index.php\/2022\/11\/24\/borrell-negociatat-per-normalizimin-e-plote-te-marredhenieve-nderpriten-nese-palet-bllokojne-procesin\/","title":{"rendered":"Borrell: Negociatat p\u00ebr normalizimin e plot\u00eb t\u00eb marr\u00ebdh\u00ebnieve nd\u00ebrpriten n\u00ebse pal\u00ebt bllokojn\u00eb procesin","gt_translate_keys":[{"key":"rendered","format":"text"}]},"content":{"rendered":"<p><span style=\"color: #000000;\"><a style=\"color: #000000;\" href=\"https:\/\/www.hashtag.al\/wp-content\/uploads\/2022\/09\/borrell-2.jpg\"><img loading=\"lazy\" decoding=\"async\" class=\"aligncenter size-full wp-image-551089\" src=\"https:\/\/www.hashtag.al\/wp-content\/uploads\/2022\/09\/borrell-2.jpg\" alt=\"\" width=\"768\" height=\"432\" srcset=\"https:\/\/www.hashtag.al\/wp-content\/uploads\/2022\/09\/borrell-2.jpg 768w, https:\/\/www.hashtag.al\/wp-content\/uploads\/2022\/09\/borrell-2-300x169.jpg 300w\" sizes=\"auto, (max-width: 768px) 100vw, 768px\" \/><\/a><\/span><\/p>\n<p><span style=\"color: #000000;\">Z\u00ebdh\u00ebn\u00ebsi i BE-s\u00eb, Peter Stano ka shp\u00ebrndar\u00eb nj\u00eb deklarat\u00eb t\u00eb l\u00ebshuar nga P\u00ebrfaq\u00ebsuesi i Lart\u00eb i BE-s\u00eb, Josep Borrell pas arritjes s\u00eb marr\u00ebveshjes p\u00ebr targat n\u00eb Bruksel me dy kryenegociator\u00ebt nga Kosova dhe Serbia.<\/span><\/p>\n<p><span style=\"color: #000000;\">Borrell ka konfirmuar q\u00eb dit\u00ebve t\u00eb ardhshme do t\u00eb ftohen p\u00ebr t\u00eb diskutuar p\u00ebr normalizimin e plot\u00eb. Ai ka th\u00ebn\u00eb se mund t\u2019i nd\u00ebrpres negociatat, n\u00ebse pal\u00ebt e bllokojn\u00eb procesin.<\/span><\/p>\n<p><span style=\"color: #000000;\">N\u00eb deklarat\u00eb thuhet se pal\u00ebt kan\u00eb r\u00ebn\u00eb dakord q\u00eb t\u00eb shmangin p\u00ebrshkall\u00ebzimin e m\u00ebtejsh\u00ebm dhe me urgjenc\u00eb t\u00eb p\u00ebrqendrohen te normalizimi i plot\u00eb i marr\u00ebdh\u00ebnieve, p\u00ebrmes propozimit t\u00eb njohur si franko-gjerman, t\u00eb mb\u00ebshtetur nga BE.<\/span><\/p>\n<p><span style=\"color: #000000;\">Borrell ka deklaruar se do t\u2019i ftoj\u00eb pal\u00ebt dit\u00ebve n\u00eb vijim p\u00ebr t\u2019i rinisur diskutime p\u00ebr marr\u00ebveshjen p\u00ebrfundimtare.<\/span><\/p>\n<p><span style=\"color: #000000;\">Deklarata:<\/span><\/p>\n<p><span style=\"color: #000000;\">N\u00ebn kujdesin e BE-s\u00eb, pal\u00ebt kan\u00eb r\u00ebn\u00eb dakord p\u00ebr marrjen e masave p\u00ebr t\u00eb shmangur p\u00ebrshkall\u00ebzimin e m\u00ebtejsh\u00ebm dhe t\u00eb p\u00ebrqendrohen plot\u00ebsisht dhe me urgjenc\u00eb n\u00eb propozim p\u00ebr normalizimin e marr\u00ebdh\u00ebnieve, si\u00e7 \u00ebsht\u00eb paraqitur k\u00ebt\u00eb shtator nga Leht\u00ebsuesi i BE-s\u00eb dhe i mb\u00ebshtetur nga Franca dhe Gjermania.<\/span><\/p>\n<p><span style=\"color: #000000;\">Kjo do t\u00eb thot\u00eb se Serbia do t\u00eb ndaloj\u00eb l\u00ebshimin e targave me em\u00ebrtimet e qyteteve t\u00eb Kosov\u00ebs dhe se Kosova do ta nd\u00ebrpres \u00e7do veprim t\u00eb m\u00ebtejsh\u00ebm n\u00eb lidhje me riregjistrimin e automjeteve.<\/span><\/p>\n<p><span style=\"color: #000000;\">BE-ja do t\u00eb sigurohet q\u00eb \u00e7\u00ebshtjet dhe parimet ky\u00e7e lidhur me normalizimin do t\u00eb trajtohen n\u00eb kontekstin e propozimit. Pal\u00ebt e kuptojn\u00eb k\u00ebt\u00eb dhe t\u00eb gjith\u00eb Marr\u00ebveshjet e kaluara t\u00eb Dialogut duhet t\u00eb zbatohen.<\/span><\/p>\n<p><span style=\"color: #000000;\">Un\u00eb do t\u00eb ftoj pal\u00ebt n\u00eb dit\u00ebt n\u00eb vijim p\u00ebr t\u00eb diskutuar hapat e ardhsh\u00ebm n\u00eb kuad\u00ebr t\u00eb propozimit me q\u00ebllim paraqitjen e rezultateve nga Grupi Special p\u00ebr normalizim i Kosov\u00ebs dhe n\u00eb p\u00ebrdit\u00ebsimin e ardhsh\u00ebm t\u00eb Kapitullit 35 p\u00ebr Serbin\u00eb. N\u00eb rast pengimi nga ndonj\u00ebra Pal\u00eb, Leht\u00ebsuesi i BE-s\u00eb mund ta p\u00ebrfundoj\u00eb procesin.<\/span><\/p>\n<p><span style=\"color: #000000;\">Un\u00eb dhe P\u00ebrfaq\u00ebsuesi Special i BE-s\u00eb Miroslav Laj\u00e9ak do vazhdojm\u00eb t\u00eb leht\u00ebsojm\u00eb procesin e normalizimit t\u00eb marr\u00ebdh\u00ebniet dhe do informojm\u00eb rregullisht Shtetet An\u00ebtare t\u00eb BE-s\u00eb dhe partner\u00ebt p\u00ebr progresin e arritur nga Pal\u00ebt.<\/span><\/p>\n<p>&nbsp;<\/p>\n","protected":false,"gt_translate_keys":[{"key":"rendered","format":"html"}]},"excerpt":{"rendered":"<p>Z\u00ebdh\u00ebn\u00ebsi i BE-s\u00eb, Peter Stano ka shp\u00ebrndar\u00eb nj\u00eb deklarat\u00eb t\u00eb l\u00ebshuar nga P\u00ebrfaq\u00ebsuesi i Lart\u00eb i BE-s\u00eb, Josep Borrell pas arritjes s\u00eb marr\u00ebveshjes p\u00ebr targat n\u00eb Bruksel me dy kryenegociator\u00ebt nga Kosova dhe Serbia. Borrell ka konfirmuar q\u00eb dit\u00ebve t\u00eb ardhshme do t\u00eb ftohen p\u00ebr t\u00eb diskutuar p\u00ebr normalizimin e plot\u00eb. Ai ka th\u00ebn\u00eb se [&hellip;]<\/p>\n","protected":false,"gt_translate_keys":[{"key":"rendered","format":"html"}]},"author":32,"featured_media":551089,"comment_status":"closed","ping_status":"closed","sticky":false,"template":"","format":"standard","meta":{"footnotes":""},"categories":[149,13],"tags":[],"class_list":["post-563355","post","type-post","status-publish","format-standard","has-post-thumbnail","hentry","category-kosoverajon","category-te-fundit"],"gt_translate_keys":[{"key":"link","format":"url"}],"_links":{"self":[{"href":"https:\/\/www.hashtag.al\/index.php\/wp-json\/wp\/v2\/posts\/563355","targetHints":{"allow":["GET"]}}],"collection":[{"href":"https:\/\/www.hashtag.al\/index.php\/wp-json\/wp\/v2\/posts"}],"about":[{"href":"https:\/\/www.hashtag.al\/index.php\/wp-json\/wp\/v2\/types\/post"}],"author":[{"embeddable":true,"href":"https:\/\/www.hashtag.al\/index.php\/wp-json\/wp\/v2\/users\/32"}],"replies":[{"embeddable":true,"href":"https:\/\/www.hashtag.al\/index.php\/wp-json\/wp\/v2\/comments?post=563355"}],"version-history":[{"count":0,"href":"https:\/\/www.hashtag.al\/index.php\/wp-json\/wp\/v2\/posts\/563355\/revisions"}],"wp:featuredmedia":[{"embeddable":true,"href":"https:\/\/www.hashtag.al\/index.php\/wp-json\/wp\/v2\/media\/551089"}],"wp:attachment":[{"href":"https:\/\/www.hashtag.al\/index.php\/wp-json\/wp\/v2\/media?parent=563355"}],"wp:term":[{"taxonomy":"category","embeddable":true,"href":"https:\/\/www.hashtag.al\/index.php\/wp-json\/wp\/v2\/categories?post=563355"},{"taxonomy":"post_tag","embeddable":true,"href":"https:\/\/www.hashtag.al\/index.php\/wp-json\/wp\/v2\/tags?post=563355"}],"curies":[{"name":"wp","href":"https:\/\/api.w.org\/{rel}","templated":true}]}}