{"id":563008,"date":"2022-11-22T13:25:05","date_gmt":"2022-11-22T12:25:05","guid":{"rendered":"https:\/\/www.hashtag.al\/?p=563008"},"modified":"2022-11-22T13:25:05","modified_gmt":"2022-11-22T12:25:05","slug":"pl-dorezon-amendamentet-per-buxhetin-e-2023-vetem-duke-zgjedhur-arsimin-mund-ta-shpetojme-shqiperine-nga-braktisja","status":"publish","type":"post","link":"https:\/\/www.hashtag.al\/index.php\/2022\/11\/22\/pl-dorezon-amendamentet-per-buxhetin-e-2023-vetem-duke-zgjedhur-arsimin-mund-ta-shpetojme-shqiperine-nga-braktisja\/","title":{"rendered":"PL dor\u00ebzon amendamentet p\u00ebr buxhetin e 2023: Vet\u00ebm duke zgjedhur arsimin mund ta shp\u00ebtojm\u00eb Shqip\u00ebrin\u00eb nga braktisja","gt_translate_keys":[{"key":"rendered","format":"text"}]},"content":{"rendered":"<p><span style=\"color: #000000;\"><a href=\"https:\/\/www.hashtag.al\/wp-content\/uploads\/2022\/11\/WhatsApp-Image-2022-11-22-at-12.27.31-PM.jpeg\"><img loading=\"lazy\" decoding=\"async\" class=\"aligncenter size-full wp-image-563009\" src=\"https:\/\/www.hashtag.al\/wp-content\/uploads\/2022\/11\/WhatsApp-Image-2022-11-22-at-12.27.31-PM.jpeg\" alt=\"\" width=\"1280\" height=\"853\" srcset=\"https:\/\/www.hashtag.al\/wp-content\/uploads\/2022\/11\/WhatsApp-Image-2022-11-22-at-12.27.31-PM.jpeg 1280w, https:\/\/www.hashtag.al\/wp-content\/uploads\/2022\/11\/WhatsApp-Image-2022-11-22-at-12.27.31-PM-300x200.jpeg 300w, https:\/\/www.hashtag.al\/wp-content\/uploads\/2022\/11\/WhatsApp-Image-2022-11-22-at-12.27.31-PM-1024x682.jpeg 1024w, https:\/\/www.hashtag.al\/wp-content\/uploads\/2022\/11\/WhatsApp-Image-2022-11-22-at-12.27.31-PM-768x512.jpeg 768w\" sizes=\"auto, (max-width: 1280px) 100vw, 1280px\" \/><\/a><\/span><\/p>\n<p><span style=\"color: #000000;\">N\u00ebnkryetarja e Partis\u00eb s\u00eb Liris\u00eb, Erisa Xhixho ka denoncuar p\u00ebrs\u00ebri sot buxhetin e vitit 2023. N\u00eb nj\u00eb deklarat\u00eb p\u00ebr mediet, Xhixho tha se ky buxhet nuk parashikon asnj\u00eb paket\u00eb sociale.<\/span><\/p>\n<p><em><span style=\"color: #000000;\">\u201cKy buxhet nuk parashikon asnj\u00eb paket\u00eb sociale, duke i l\u00ebn\u00eb shqiptar\u00ebt e varf\u00ebr t\u00eb p\u00ebrballen t\u00eb vet\u00ebm me koston e jetes\u00ebs q\u00eb rritet p\u00ebrdit\u00eb.<\/span><\/em><\/p>\n<p><em><span style=\"color: #000000;\">Nd\u00ebrkoh\u00eb q\u00eb shqiptar\u00ebt zhyten n\u00eb varf\u00ebri, qeveria pasurohet.<\/span><\/em><\/p>\n<p><span style=\"color: #000000;\"><em>Sa m\u00eb shum\u00eb rriten \u00e7mimet, aq m\u00eb shum\u00eb para hyjn\u00eb n\u00eb ark\u00ebn e qeveris\u00eb p\u00ebr t\u2019u ndar\u00eb m\u00eb pas me klient\u00ebt e saj.\u201d<\/em>&#8211; tha ajo.<\/span><\/p>\n<p><span style=\"color: #000000;\">Duke pasur fokus t\u00eb rinjt\u00eb, Xhixho tha se Partia e Liris\u00eb\u00a0sot depoziton amendamentet p\u00ebr Projekt-Buxhetin e 2023 n\u00eb sektorin e arsimit, <em>\u201cp\u00ebr t\u2019u dh\u00ebn\u00eb student\u00ebve mb\u00ebshtetjen q\u00eb k\u00ebrkojn\u00eb, p\u00ebr t\u2019i trajtuar pedagog\u00ebt e m\u00ebsuesit me dinjitetin e merituar e p\u00ebr t\u00eb leht\u00ebsuar sadopak barr\u00ebn e kostos s\u00eb librave p\u00ebr prind\u00ebrit me f\u00ebmij\u00eb n\u00eb shkolla\u201d.<\/em><\/span><\/p>\n<p><span style=\"color: #000000;\">Amendamentet e PL-s\u00eb jan\u00eb p\u00ebr rritje pagash t\u00eb pedagog\u00ebve, m\u00ebsuesve, mb\u00ebshtetje financiare p\u00ebr k\u00ebrkimin shkencor, student\u00ebt, apo tekste m\u00ebsimore falas.<\/span><\/p>\n<p><strong><span style=\"color: #000000;\">Deklarata e plot\u00eb e<\/span><span style=\"color: #000000;\"> Er<\/span><span style=\"color: #000000;\">isa<\/span><span style=\"color: #000000;\"> Xhixhos<\/span><\/strong><\/p>\n<p><span style=\"color: #000000;\">T\u00eb nderuar qytetar\u00eb,<\/span><\/p>\n<p><span style=\"color: #000000;\">Kriza e \u00e7mimeve e ka r\u00ebnduar gjendjen e v\u00ebshtir\u00eb ekonomike t\u00eb shumic\u00ebs s\u00eb familjeve shqiptare. P\u00ebr t\u00eb tret\u00ebn her\u00eb n\u00eb tre vitet e fundit, shqiptar\u00ebt gjenden pa mb\u00ebshtetje n\u00eb kulmin e nj\u00eb krize. Fillimisht t\u00ebrmeti, m\u00eb pas pandemia dhe sot kriza e \u00e7mimeve e kan\u00eb v\u00ebn\u00eb qeverin\u00eb n\u00eb prova q\u00eb nuk ia doli t\u2019i kaloj\u00eb me sukses.<\/span><\/p>\n<p><span style=\"color: #000000;\">Jo vet\u00ebm kaq, por k\u00ebto kriza u provuan edhe nj\u00ebher\u00eb shqiptar\u00ebve se prioriteti i qeveris\u00eb \u201cRama\u201d jan\u00eb klient\u00ebt e saj dhe jo qytetar\u00ebt.<\/span><\/p>\n<p><span style=\"color: #000000;\">Prova e radh\u00ebs \u00ebsht\u00eb Projekt -Buxheti i vitit 2023, i sjell\u00eb nga qeveria p\u00ebr miratim.<\/span><\/p>\n<p><span style=\"color: #000000;\">Ky buxhet nuk parashikon asnj\u00eb paket\u00eb sociale, duke i l\u00ebn\u00eb shqiptar\u00ebt e varf\u00ebr t\u00eb p\u00ebrballen t\u00eb vet\u00ebm me koston e jetes\u00ebs q\u00eb rritet p\u00ebrdit\u00eb.<\/span><\/p>\n<p><span style=\"color: #000000;\">Nd\u00ebrkoh\u00eb q\u00eb shqiptar\u00ebt zhyten n\u00eb varf\u00ebri, qeveria pasurohet.<\/span><\/p>\n<p><span style=\"color: #000000;\">Sa m\u00eb shum\u00eb rriten \u00e7mimet, aq m\u00eb shum\u00eb para hyjn\u00eb n\u00eb ark\u00ebn e qeveris\u00eb p\u00ebr t\u2019u ndar\u00eb m\u00eb pas me klient\u00ebt e saj.<\/span><\/p>\n<p><span style=\"color: #000000;\">T\u00eb braktisur dhe pa asnj\u00eb shpres\u00eb, t\u00eb rinjt\u00eb dhe intelektual\u00ebt po marrin rrug\u00ebt e Europ\u00ebs. Emigrimi masiv i shqiptar\u00ebve po zbraz shkollat, duke v\u00ebn\u00eb n\u00eb rrezik t\u00eb ardhmen e vendit.<\/span><\/p>\n<p><span style=\"color: #000000;\">Partia e Liris\u00eb e ka fokusin te t\u00eb rinjt\u00eb dhe e sheh arsimin si mekanizmin ky\u00e7 p\u00ebr t\u00eb luftuar largimin e shqiptar\u00ebve nga vendi.<\/span><\/p>\n<p><span style=\"color: #000000;\">Ndaj sot depozitojm\u00eb amendamentet tona p\u00ebr Projekt-Buxhetin e 2023 n\u00eb sektorin e arsimit, p\u00ebr t\u2019u dh\u00ebn\u00eb student\u00ebve mb\u00ebshtetjen q\u00eb k\u00ebrkojn\u00eb, p\u00ebr t\u2019i trajtuar pedagog\u00ebt e m\u00ebsuesit me dinjitetin e merituar e p\u00ebr t\u00eb leht\u00ebsuar sadopak barr\u00ebn e kostos s\u00eb librave p\u00ebr prind\u00ebrit me f\u00ebmij\u00eb n\u00eb shkolla.<\/span><\/p>\n<p><span style=\"color: #000000;\">1.Pagat e pedagog\u00ebve dhe k\u00ebrkimi shkencor<\/span><\/p>\n<p><span style=\"color: #000000;\">Me q\u00ebllim plot\u00ebsimin e k\u00ebrkesave t\u00eb drejta t\u00eb protest\u00ebs s\u00eb pedagog\u00ebve, k\u00ebrkojm\u00eb rritjen e pagave t\u00eb tyre 30% k\u00ebt\u00eb vit dhe me premis\u00ebn q\u00eb vitin tjet\u00ebr t\u00eb rritet 20%, p\u00ebr t\u2019u barazuar t\u00eb pakt\u00ebn me trajtimin financiar t\u00eb koleg\u00ebve t\u00eb tyre n\u00eb Kosov\u00eb.<\/span><\/p>\n<p><span style=\"color: #000000;\">Po ashtu, me q\u00ebllim mb\u00ebshtetjen e k\u00ebrkimit shkencor sipas k\u00ebrkesave dhe t\u00eb vet\u00eb Sindikat\u00ebs Komb\u00ebtare t\u00eb Pedagog\u00ebve propozohet q\u00eb n\u00eb z\u00ebrin p\u00ebr k\u00ebrkimin shkencor t\u00eb shtohet vlera prej 5 miliard\u00eb lek\u00eb p\u00ebr t\u00eb arritur t\u00eb pakt\u00ebn 0.3% PPB.<\/span><\/p>\n<p><span style=\"color: #000000;\">Pasi n\u00eb k\u00ebt\u00eb projekt buxhet mb\u00ebshtetja me 0.05% PPB p\u00ebr k\u00ebrkimin shkencor \u00ebsht\u00eb tejet qesharake dhe tall\u00ebse p\u00ebr dimensionin q\u00eb duhet t\u00eb arrijn\u00eb universitetet tona n\u00eb kuad\u00ebr plot\u00ebsimit t\u00eb standardeve nd\u00ebrkomb\u00ebtare.<\/span><\/p>\n<ol start=\"2\">\n<li><span style=\"color: #000000;\">Mb\u00ebshtetje financiare p\u00ebr student\u00ebt<\/span><\/li>\n<\/ol>\n<p><span style=\"color: #000000;\">Student\u00ebt jan\u00eb injoruar, duke u l\u00ebn\u00eb jasht\u00eb paket\u00ebs s\u00eb rezistenc\u00ebs sociale n\u00eb 2 aktet normative q\u00eb ka kaluar kjo qeveri n\u00eb kuvend.<\/span><\/p>\n<p><span style=\"color: #000000;\">K\u00ebrkesat e tyre t\u00eb vazhdueshme kan\u00eb r\u00ebn\u00eb n\u00eb vesh t\u00eb shurdh\u00ebr, edhe peticioni i tyre me 6 mij\u00eb firma drejtuar institucioneve p\u00ebrgjegj\u00ebse.<\/span><\/p>\n<p><span style=\"color: #000000;\">Nd\u00ebrkoh\u00eb q\u00eb duhet t\u00eb p\u00ebrballen me kostot e shtuara t\u00eb jetes\u00ebs, qirat\u00eb q\u00eb kan\u00eb shkuar 300-400 euro, cmimet e larta, kostot e transportit, veshjet etj.<\/span><\/p>\n<p><span style=\"color: #000000;\">\u00a0Ndaj, me q\u00ebllim q\u00eb t\u2019u vihet n\u00eb ndihm\u00eb n\u00eb kushtet e kriz\u00ebs s\u00eb \u00e7mimeve p\u00ebr nj\u00eb periudh\u00eb nga janari \u2013qershor 2023, propozojm\u00eb 100 euro mb\u00ebshtetje mujore p\u00ebr student\u00ebt. Te mb\u00ebshteten t\u00eb pakt\u00ebn sa bashk\u00ebmoshatar\u00ebt e tyre n\u00eb Kosov\u00eb, shtet q\u00eb edhe pse me buxhet m\u00eb t\u00eb vog\u00ebl i mbeshtet studentet.<\/span><\/p>\n<ol start=\"3\">\n<li><span style=\"color: #000000;\">Rritja e pagave t\u00eb m\u00ebsuesve<\/span><\/li>\n<\/ol>\n<p><span style=\"color: #000000;\">Si Parti e Liris\u00eb e shohim t\u00eb domosdoshme rritjen e buxhetit t\u00eb arsimit parauniversitar, me synim kthimin e arsimit n\u00eb prioritet komb\u00ebtar dhe investimin n\u00eb kapitalin njer\u00ebzor, q\u00eb p\u00ebrb\u00ebn edhe shtyll\u00ebn e shoq\u00ebris\u00eb shqiptare.<\/span><\/p>\n<p><span style=\"color: #000000;\">Rritja prej vet\u00ebm 6% n\u00eb korrik 2023 e pag\u00ebs s\u00eb m\u00ebsuesve t\u00eb arsimit parauniversitar \u00ebsht\u00eb e pamjaftueshme s\u00eb pari p\u00ebr t\u00eb indeksuar rritjen e \u00e7mimeve q\u00eb do t\u00eb sjell\u00eb rritjen e kostos s\u00eb jetes\u00ebs, dhe s\u00eb dyti rritjen reale p\u00ebr t\u00eb p\u00ebrmir\u00ebsuar mir\u00ebqenien e tyre.<\/span><\/p>\n<p><span style=\"color: #000000;\">N\u00eb raportin e fundit t\u00eb Komisionit Europian, m\u00ebsuesit shqiptar\u00eb rezultojn\u00eb m\u00eb t\u00eb keqpaguarit n\u00eb Europ\u00eb dhe rajon, me vet\u00ebm 4 233 \u20ac n\u00eb vit.<\/span><\/p>\n<p><span style=\"color: #000000;\">N\u00eb Mal t\u00eb Zi, nj\u00eb m\u00ebsues paguhet 9 983 euro, n\u00eb Maqedonin\u00eb e Veriut 7 291 euro, n\u00eb Serbi 6 646 eurodhe n\u00eb Bosnje-Hercegovin\u00eb 6 120 euro n\u00eb vit.<\/span><\/p>\n<p><span style=\"color: #000000;\">Ndaj, p\u00ebr t\u2019u dh\u00ebn\u00eb dinjitetin q\u00eb u takon m\u00ebsuesve tan\u00eb propozojm\u00eb q\u00eb n\u00eb z\u00ebrin shpenzime korrente p\u00ebr arsimin baz\u00eb dhe arsimin e mes\u00ebm t\u00eb shtohen gjithsej 1.3 miliard lek\u00eb, pra rritja e pag\u00ebs t\u00eb jet\u00eb 12% .<\/span><\/p>\n<ol start=\"4\">\n<li><span style=\"color: #000000;\">Tekste m\u00ebsimore falas<\/span><\/li>\n<\/ol>\n<p><span style=\"color: #000000;\">Mij\u00ebra familje jan\u00eb gjetur n\u00eb v\u00ebshtir\u00ebsi n\u00eb fillim t\u00eb k\u00ebtij viti shkollor p\u00ebr shkak t\u00eb \u00e7mimeve t\u00eb rritura. Premtimi i qeveris\u00eb Rama p\u00ebr teste falas ka rezultuar thjesht propagand\u00eb boshe.<\/span><\/p>\n<p><span style=\"color: #000000;\">Edhe pse jepen falas, k\u00ebta libra jan\u00eb t\u00eb p\u00ebrdorur dhe jasht\u00eb funksionit p\u00ebr nx\u00ebn\u00ebsit q\u00eb i marrin ne perdorim, cka b\u00ebn q\u00eb prind\u00ebrit t\u00eb detyrohen t\u2019i blejn\u00eb n\u00eb rastin m\u00eb t\u00eb mir\u00eb, duke shtuar koston n\u00eb k\u00ebto koh\u00eb t\u00eb v\u00ebshtira p\u00ebr familjet.<\/span><\/p>\n<p><span style=\"color: #000000;\">Ndaj, me q\u00ebllimin p\u00ebr t\u00eb mb\u00ebshtetur arsimin cil\u00ebsor, duke ndihmuar nx\u00ebn\u00ebsit t\u00eb ken\u00eb t\u00eb gjith\u00eb libra t\u00eb rinj \u00e7do vit shkollor, propozojm\u00eb 350 milion\u00eb lek\u00eb shtes\u00eb q\u00eb t\u00eb ribotohen t\u00eb gjitha librat nga klasa I deri n\u00eb klas\u00ebn IX dhe ato t\u00eb jepen falas p\u00ebr nx\u00ebn\u00ebsit.<\/span><\/p>\n<p><span style=\"color: #000000;\">Arsimi duhet t\u00eb jet\u00eb prioritet komb\u00ebtar dhe hapi i par\u00eb p\u00ebr ta b\u00ebr\u00eb t\u00eb till\u00eb \u00ebsht\u00eb financimi i duhur.<\/span><\/p>\n<p><span style=\"color: #000000;\">Ndaj, amendimeve t\u00eb m\u00ebsip\u00ebrme, t\u00eb hartuara pas nj\u00eb analize t\u00eb thell\u00eb me pedagog\u00eb, m\u00ebsues, student\u00eb, prind\u00ebr dhe ekspert\u00eb t\u00eb arsimi dhe ekonomise, k\u00ebrkojm\u00eb q\u00eb t\u2019u jepet mb\u00ebshtetje nga gjithe koleg\u00ebt deputet\u00eb me vot\u00eb.<\/span><\/p>\n<p><span style=\"color: #000000;\">Vet\u00ebm duke zgjedhur arsimin mund ta shp\u00ebtojm\u00eb Shqip\u00ebrin\u00eb nga braktisja.<\/span><\/p>\n<p><span style=\"color: #000000;\">Kjo \u00ebsht\u00eb nj\u00eb mund\u00ebsi p\u00ebr t\u00eb gjith\u00eb neq\u00eb jemi n\u00eb Kuvend p\u00ebr t\u00eb p\u00ebrfaq\u00ebsuar interesin e qytetar\u00ebve dhe mbi t\u00eb gjitha t\u00eb rinis\u00eb, p\u00ebrpara cdo interesi tjet\u00ebr personal.<\/span><\/p>\n<p><span style=\"color: #000000;\">Faleminderit!<\/span><\/p>\n<p>&nbsp;<\/p>\n","protected":false,"gt_translate_keys":[{"key":"rendered","format":"html"}]},"excerpt":{"rendered":"<p>N\u00ebnkryetarja e Partis\u00eb s\u00eb Liris\u00eb, Erisa Xhixho ka denoncuar p\u00ebrs\u00ebri sot buxhetin e vitit 2023. N\u00eb nj\u00eb deklarat\u00eb p\u00ebr mediet, Xhixho tha se ky buxhet nuk parashikon asnj\u00eb paket\u00eb sociale. \u201cKy buxhet nuk parashikon asnj\u00eb paket\u00eb sociale, duke i l\u00ebn\u00eb shqiptar\u00ebt e varf\u00ebr t\u00eb p\u00ebrballen t\u00eb vet\u00ebm me koston e jetes\u00ebs q\u00eb rritet p\u00ebrdit\u00eb. Nd\u00ebrkoh\u00eb [&hellip;]<\/p>\n","protected":false,"gt_translate_keys":[{"key":"rendered","format":"html"}]},"author":30,"featured_media":563009,"comment_status":"closed","ping_status":"closed","sticky":false,"template":"","format":"standard","meta":{"footnotes":""},"categories":[65,13],"tags":[],"class_list":["post-563008","post","type-post","status-publish","format-standard","has-post-thumbnail","hentry","category-lajme","category-te-fundit"],"gt_translate_keys":[{"key":"link","format":"url"}],"_links":{"self":[{"href":"https:\/\/www.hashtag.al\/index.php\/wp-json\/wp\/v2\/posts\/563008","targetHints":{"allow":["GET"]}}],"collection":[{"href":"https:\/\/www.hashtag.al\/index.php\/wp-json\/wp\/v2\/posts"}],"about":[{"href":"https:\/\/www.hashtag.al\/index.php\/wp-json\/wp\/v2\/types\/post"}],"author":[{"embeddable":true,"href":"https:\/\/www.hashtag.al\/index.php\/wp-json\/wp\/v2\/users\/30"}],"replies":[{"embeddable":true,"href":"https:\/\/www.hashtag.al\/index.php\/wp-json\/wp\/v2\/comments?post=563008"}],"version-history":[{"count":0,"href":"https:\/\/www.hashtag.al\/index.php\/wp-json\/wp\/v2\/posts\/563008\/revisions"}],"wp:featuredmedia":[{"embeddable":true,"href":"https:\/\/www.hashtag.al\/index.php\/wp-json\/wp\/v2\/media\/563009"}],"wp:attachment":[{"href":"https:\/\/www.hashtag.al\/index.php\/wp-json\/wp\/v2\/media?parent=563008"}],"wp:term":[{"taxonomy":"category","embeddable":true,"href":"https:\/\/www.hashtag.al\/index.php\/wp-json\/wp\/v2\/categories?post=563008"},{"taxonomy":"post_tag","embeddable":true,"href":"https:\/\/www.hashtag.al\/index.php\/wp-json\/wp\/v2\/tags?post=563008"}],"curies":[{"name":"wp","href":"https:\/\/api.w.org\/{rel}","templated":true}]}}