{"id":562909,"date":"2022-11-21T23:28:28","date_gmt":"2022-11-21T22:28:28","guid":{"rendered":"https:\/\/www.hashtag.al\/?p=562909"},"modified":"2022-11-21T23:28:28","modified_gmt":"2022-11-21T22:28:28","slug":"termeti-ne-indonezi-i-merr-jeten-162-personave-plagosen-qindra-te-tjere","status":"publish","type":"post","link":"https:\/\/www.hashtag.al\/index.php\/2022\/11\/21\/termeti-ne-indonezi-i-merr-jeten-162-personave-plagosen-qindra-te-tjere\/","title":{"rendered":"T\u00ebrmeti n\u00eb Indonezi i merr jet\u00ebn 162 personave, plagosen qindra t\u00eb tjer\u00eb","gt_translate_keys":[{"key":"rendered","format":"text"}]},"content":{"rendered":"<p><span style=\"color: #000000;\"><a style=\"color: #000000;\" href=\"https:\/\/www.hashtag.al\/wp-content\/uploads\/2022\/11\/termeti-java.png\"><img loading=\"lazy\" decoding=\"async\" class=\"aligncenter size-full wp-image-562911\" src=\"https:\/\/www.hashtag.al\/wp-content\/uploads\/2022\/11\/termeti-java.png\" alt=\"\" width=\"969\" height=\"554\" srcset=\"https:\/\/www.hashtag.al\/wp-content\/uploads\/2022\/11\/termeti-java.png 969w, https:\/\/www.hashtag.al\/wp-content\/uploads\/2022\/11\/termeti-java-300x172.png 300w, https:\/\/www.hashtag.al\/wp-content\/uploads\/2022\/11\/termeti-java-768x439.png 768w\" sizes=\"auto, (max-width: 969px) 100vw, 969px\" \/><\/a><\/span><\/p>\n<p><span style=\"color: #000000;\">Nj\u00eb t\u00ebrmet n\u00eb ishullin kryesor indonezian Java ka vrar\u00eb t\u00eb pakt\u00ebn 162 persona dhe ka plagosur qindra, tha guvernatori rajonal Ridwan Kamil.<\/span><\/p>\n<p><span style=\"color: #000000;\">T\u00ebrmeti me magnitud\u00eb 5.6 goditi qytetin Cianjur n\u00eb Java per\u00ebndimore, n\u00eb nj\u00eb thell\u00ebsi t\u00eb cek\u00ebt prej 10 km (gjasht\u00eb milje), sipas t\u00eb dh\u00ebnave t\u00eb Sh\u00ebrbimit Gjeologjik t\u00eb SHBA-ve.<\/span><\/p>\n<p><span style=\"color: #000000;\">Ekipet e shp\u00ebtimit po punonin gjat\u00eb nat\u00ebs n\u00eb p\u00ebrpjekje p\u00ebr t\u00eb shp\u00ebtuar t\u00eb tjer\u00ebt q\u00eb mendohet se jan\u00eb ende t\u00eb bllokuar n\u00ebn nd\u00ebrtesat e shembura.<\/span><\/p>\n<p><span style=\"color: #000000;\">Zona ku goditi t\u00ebrmeti \u00ebsht\u00eb me popullsi t\u00eb dendur dhe t\u00eb prirur p\u00ebr rr\u00ebshqitje dheu, me sht\u00ebpi t\u00eb nd\u00ebrtuara keq duke i kthyer n\u00eb rr\u00ebnoja shum\u00eb zona.<\/span><\/p>\n<p><span style=\"color: #000000;\">M\u00eb her\u00ebt, Agjencia Komb\u00ebtare e Indonezis\u00eb p\u00ebr Zbutjen e Fatkeq\u00ebsive (BNPB) tha se t\u00eb pakt\u00ebn 62 persona kishin vdekur, sipas t\u00eb dh\u00ebnave m\u00eb t\u00eb fundit n\u00eb dispozicion.<\/span><\/p>\n<p><span style=\"color: #000000;\">Duke folur p\u00ebr mediat lokale, Kamil tha se rreth 326 njer\u00ebz ishin l\u00ebnduar nga t\u00ebrmeti, duke v\u00ebn\u00eb n\u00eb dukje se &#8220;shumica prej tyre p\u00ebsuan fraktura nga rr\u00ebnojat&#8221;.<\/span><\/p>\n<p><span style=\"color: #000000;\">Por ai paralajm\u00ebroi se disa banor\u00eb mbet\u00ebn &#8220;t\u00eb bllokuar n\u00eb vende t\u00eb izoluara&#8221; dhe tha se zyrtar\u00ebt ishin &#8220;n\u00ebn supozimin se numri i t\u00eb plagosurve dhe vdekjeve do t\u00eb rritet me kalimin e koh\u00ebs&#8221;.<\/span><\/p>\n<p><span style=\"color: #000000;\">Guvernatori i Java-s Per\u00ebndimore shtoi se m\u00eb shum\u00eb se 13,000 njer\u00ebz ishin zhvendosur nga fatkeq\u00ebsia dhe BNPB tha se m\u00eb shum\u00eb se 2,200 sht\u00ebpi ishin d\u00ebmtuar nga t\u00ebrmeti.<\/span><\/p>\n<p><span style=\"color: #000000;\"><a style=\"color: #000000;\" href=\"https:\/\/www.hashtag.al\/wp-content\/uploads\/2022\/11\/java-termet.png\"><img loading=\"lazy\" decoding=\"async\" class=\"aligncenter size-full wp-image-562910\" src=\"https:\/\/www.hashtag.al\/wp-content\/uploads\/2022\/11\/java-termet.png\" alt=\"\" width=\"964\" height=\"533\" srcset=\"https:\/\/www.hashtag.al\/wp-content\/uploads\/2022\/11\/java-termet.png 964w, https:\/\/www.hashtag.al\/wp-content\/uploads\/2022\/11\/java-termet-300x166.png 300w, https:\/\/www.hashtag.al\/wp-content\/uploads\/2022\/11\/java-termet-768x425.png 768w, https:\/\/www.hashtag.al\/wp-content\/uploads\/2022\/11\/java-termet-750x415.png 750w\" sizes=\"auto, (max-width: 964px) 100vw, 964px\" \/><\/a><\/span><\/p>\n","protected":false,"gt_translate_keys":[{"key":"rendered","format":"html"}]},"excerpt":{"rendered":"<p>Nj\u00eb t\u00ebrmet n\u00eb ishullin kryesor indonezian Java ka vrar\u00eb t\u00eb pakt\u00ebn 162 persona dhe ka plagosur qindra, tha guvernatori rajonal Ridwan Kamil. T\u00ebrmeti me magnitud\u00eb 5.6 goditi qytetin Cianjur n\u00eb Java per\u00ebndimore, n\u00eb nj\u00eb thell\u00ebsi t\u00eb cek\u00ebt prej 10 km (gjasht\u00eb milje), sipas t\u00eb dh\u00ebnave t\u00eb Sh\u00ebrbimit Gjeologjik t\u00eb SHBA-ve. Ekipet e shp\u00ebtimit po punonin [&hellip;]<\/p>\n","protected":false,"gt_translate_keys":[{"key":"rendered","format":"html"}]},"author":32,"featured_media":562910,"comment_status":"closed","ping_status":"closed","sticky":false,"template":"","format":"standard","meta":{"footnotes":""},"categories":[6,13],"tags":[],"class_list":["post-562909","post","type-post","status-publish","format-standard","has-post-thumbnail","hentry","category-nderkombetare","category-te-fundit"],"gt_translate_keys":[{"key":"link","format":"url"}],"_links":{"self":[{"href":"https:\/\/www.hashtag.al\/index.php\/wp-json\/wp\/v2\/posts\/562909","targetHints":{"allow":["GET"]}}],"collection":[{"href":"https:\/\/www.hashtag.al\/index.php\/wp-json\/wp\/v2\/posts"}],"about":[{"href":"https:\/\/www.hashtag.al\/index.php\/wp-json\/wp\/v2\/types\/post"}],"author":[{"embeddable":true,"href":"https:\/\/www.hashtag.al\/index.php\/wp-json\/wp\/v2\/users\/32"}],"replies":[{"embeddable":true,"href":"https:\/\/www.hashtag.al\/index.php\/wp-json\/wp\/v2\/comments?post=562909"}],"version-history":[{"count":0,"href":"https:\/\/www.hashtag.al\/index.php\/wp-json\/wp\/v2\/posts\/562909\/revisions"}],"wp:featuredmedia":[{"embeddable":true,"href":"https:\/\/www.hashtag.al\/index.php\/wp-json\/wp\/v2\/media\/562910"}],"wp:attachment":[{"href":"https:\/\/www.hashtag.al\/index.php\/wp-json\/wp\/v2\/media?parent=562909"}],"wp:term":[{"taxonomy":"category","embeddable":true,"href":"https:\/\/www.hashtag.al\/index.php\/wp-json\/wp\/v2\/categories?post=562909"},{"taxonomy":"post_tag","embeddable":true,"href":"https:\/\/www.hashtag.al\/index.php\/wp-json\/wp\/v2\/tags?post=562909"}],"curies":[{"name":"wp","href":"https:\/\/api.w.org\/{rel}","templated":true}]}}