{"id":562795,"date":"2022-11-21T13:43:18","date_gmt":"2022-11-21T12:43:18","guid":{"rendered":"https:\/\/www.hashtag.al\/?p=562795"},"modified":"2022-11-21T13:49:48","modified_gmt":"2022-11-21T12:49:48","slug":"rama-videomesazh-sot-firmosa-plot-15-procedura-konfiskimi-ndertimesh","status":"publish","type":"post","link":"https:\/\/www.hashtag.al\/index.php\/2022\/11\/21\/rama-videomesazh-sot-firmosa-plot-15-procedura-konfiskimi-ndertimesh\/","title":{"rendered":"Rama videomesazh: Sot firmosa plot 15 procedura konfiskimi nd\u00ebrtimesh","gt_translate_keys":[{"key":"rendered","format":"text"}]},"content":{"rendered":"<p><span style=\"color: #000000;\"><a style=\"color: #000000;\" href=\"https:\/\/www.hashtag.al\/wp-content\/uploads\/2022\/11\/edi-rama-4.jpg\"><img loading=\"lazy\" decoding=\"async\" class=\"aligncenter size-full wp-image-562796\" src=\"https:\/\/www.hashtag.al\/wp-content\/uploads\/2022\/11\/edi-rama-4.jpg\" alt=\"\" width=\"857\" height=\"537\" srcset=\"https:\/\/www.hashtag.al\/wp-content\/uploads\/2022\/11\/edi-rama-4.jpg 857w, https:\/\/www.hashtag.al\/wp-content\/uploads\/2022\/11\/edi-rama-4-300x188.jpg 300w, https:\/\/www.hashtag.al\/wp-content\/uploads\/2022\/11\/edi-rama-4-768x481.jpg 768w\" sizes=\"auto, (max-width: 857px) 100vw, 857px\" \/><\/a><\/span><\/p>\n<p><span style=\"color: #000000;\">Kryeministri Edi Rama ka publikuar nj\u00eb videomesazh lidhur me konfiskimet e objekteve pa leje. Ai thot\u00eb se dit\u00ebn e sotme ka frmosur plot 15 procedura konfiskimi.<\/span><\/p>\n<p><span style=\"color: #000000;\">Ai p\u00ebrs\u00ebriti se nd\u00ebrtimet e konfiskuara do t\u00eb p\u00ebrdoren p\u00ebr interes publik: p\u00ebr mjedise zyrash p\u00ebr administrat\u00ebn, p\u00ebr strehim social ose sh\u00ebrbime sociale. Duke iu p\u00ebrgjigjur kritikave, Rama u shpreh se qeveria nuk e ka fuqin\u00eb ligjore t\u00eb amnistoj\u00eb ask\u00ebnd dhe edhe po t\u00eb doj\u00eb madje dhe konfiskimet nuk i japin askujt imunitet nga drejt\u00ebsia.<\/span><\/p>\n<p><span style=\"color: #000000;\"><em>\u201cSot kam firmosur pas kalimit n\u00eb t\u00eb gjitha hallkat ligjore, plot 15 procedura konfiskimi nd\u00ebrtimesh, ku p\u00ebr q\u00ebllime fitimi jan\u00eb tejkaluar kufijt\u00eb ligjor\u00eb t\u00eb lejeve ose n\u00eb disa raste \u00ebsht\u00eb nd\u00ebrtuar komplet pa leje fare. Nd\u00ebrtimet e konfiskuara do t\u00eb p\u00ebrdoren p\u00ebr interes publik. Hap\u00ebsirat e marra do t\u2019i kalojn\u00eb shtetit, q\u00eb sipas rastit do t\u2019i shfryt\u00ebzoj\u00eb p\u00ebr mjedise zyrash p\u00ebr administrat\u00ebn, p\u00ebr strehim social ose sh\u00ebrbime sociale.<\/em><\/span><\/p>\n<p><span style=\"color: #000000;\"><em>Ky operacion ligjzbatimi, i cili ka vazhduar p\u00ebrtej Tiran\u00ebs, n\u00eb nj\u00eb fush\u00eb ku e dini shum\u00eb mir\u00eb, t\u00eb gjith\u00eb ka pasur shum\u00eb probleme n\u00eb 30 vjet, dhe ku kemi ardhur duke ngushtuar rrethin e shkeljeve, p\u00ebrb\u00ebn edhe kapakun e k\u00ebsaj historie, pasi s\u2019besoj se do gjenden m\u00eb t\u00eb atill\u00eb t\u00eb marr\u00eb q\u00eb t\u2019i hyjn\u00eb nj\u00eb aventure me fund t\u00eb paralajm\u00ebruar.<\/em><\/span><\/p>\n<p><span style=\"color: #000000;\"><em>Kur e nis\u00ebm \u00e7far\u00eb nuk d\u00ebgjuam dhe me \u00e7far\u00eb nuk u helmua opinioni publik!<\/em><\/span><\/p>\n<p><span style=\"color: #000000;\"><em>\u2018\u00cbsht\u00eb thjesht show p\u00ebr t\u00eb larguar v\u00ebmendjen\u2019! Ja q\u00eb nuk ishte e v\u00ebrtet\u00eb.<\/em><\/span><\/p>\n<p><span style=\"color: #000000;\"><em>\u2018\u00cbsht\u00eb pazar me oligark\u00ebt p\u00ebr t\u2019ua kthyer mbrapsht t\u00eb legalizuara metrat e katet pa leje\u2019! Ja q\u00eb as kjo s\u2019ishte e v\u00ebrtet\u00eb.<\/em><\/span><\/p>\n<p><span style=\"color: #000000;\"><em>\u2018\u00cbsht\u00eb amnisti p\u00ebr t\u2019i shp\u00ebtuar nga nd\u00ebshkimi ligjor\u2019! G\u00ebnjesht\u00ebr e madhe edhe kjo, sepse qeveria nuk e ka fuqin\u00eb ligjore t\u00eb amnistoj\u00eb ask\u00ebnd dhe edhe po t\u00eb doj\u00eb madje dhe konfiskimet nuk i japin askujt imunitet nga drejt\u00ebsia.<\/em><\/span><\/p>\n<p><span style=\"color: #000000;\"><em>E v\u00ebrteta \u00ebsht\u00eb q\u00eb p\u00ebr t\u00eb gjitha k\u00ebto, letrat kan\u00eb koh\u00eb q\u00eb flen\u00eb n\u00ebp\u00ebr prokurorit\u00eb e rretheve.<\/em><\/span><\/p>\n<p><span style=\"color: #000000;\"><em>Fatkeq\u00ebsisht jetojm\u00eb n\u00eb nj\u00eb koh\u00eb ult\u00ebsie morale e tretjeje t\u00eb normave etike, ku pasqyrat e informimit jan\u00eb sh\u00ebmb\u00eblltyrat m\u00eb ul\u00ebrit\u00ebse t\u00eb dezinformimit dhe ku gjys\u00ebm t\u00eb v\u00ebrtetat, t\u00eb cilat jan\u00eb edhe g\u00ebnjeshtrat m\u00eb t\u00eb m\u00ebdha, mbushin pa pushim kanalet e komunikimit. Gjithsesi, un\u00eb do t\u00eb vazhdoj t\u00eb them at\u00eb q\u00eb b\u00ebj dhe t\u00eb b\u00ebj at\u00eb q\u00eb them, deri n\u00eb fund.\u201d<\/em>&#8211; tha Rama.<\/span><\/p>\n","protected":false,"gt_translate_keys":[{"key":"rendered","format":"html"}]},"excerpt":{"rendered":"<p>Kryeministri Edi Rama ka publikuar nj\u00eb videomesazh lidhur me konfiskimet e objekteve pa leje. Ai thot\u00eb se dit\u00ebn e sotme ka frmosur plot 15 procedura konfiskimi. Ai p\u00ebrs\u00ebriti se nd\u00ebrtimet e konfiskuara do t\u00eb p\u00ebrdoren p\u00ebr interes publik: p\u00ebr mjedise zyrash p\u00ebr administrat\u00ebn, p\u00ebr strehim social ose sh\u00ebrbime sociale. Duke iu p\u00ebrgjigjur kritikave, Rama u [&hellip;]<\/p>\n","protected":false,"gt_translate_keys":[{"key":"rendered","format":"html"}]},"author":30,"featured_media":562796,"comment_status":"closed","ping_status":"closed","sticky":false,"template":"","format":"standard","meta":{"footnotes":""},"categories":[65,13],"tags":[],"class_list":["post-562795","post","type-post","status-publish","format-standard","has-post-thumbnail","hentry","category-lajme","category-te-fundit"],"gt_translate_keys":[{"key":"link","format":"url"}],"_links":{"self":[{"href":"https:\/\/www.hashtag.al\/index.php\/wp-json\/wp\/v2\/posts\/562795","targetHints":{"allow":["GET"]}}],"collection":[{"href":"https:\/\/www.hashtag.al\/index.php\/wp-json\/wp\/v2\/posts"}],"about":[{"href":"https:\/\/www.hashtag.al\/index.php\/wp-json\/wp\/v2\/types\/post"}],"author":[{"embeddable":true,"href":"https:\/\/www.hashtag.al\/index.php\/wp-json\/wp\/v2\/users\/30"}],"replies":[{"embeddable":true,"href":"https:\/\/www.hashtag.al\/index.php\/wp-json\/wp\/v2\/comments?post=562795"}],"version-history":[{"count":0,"href":"https:\/\/www.hashtag.al\/index.php\/wp-json\/wp\/v2\/posts\/562795\/revisions"}],"wp:featuredmedia":[{"embeddable":true,"href":"https:\/\/www.hashtag.al\/index.php\/wp-json\/wp\/v2\/media\/562796"}],"wp:attachment":[{"href":"https:\/\/www.hashtag.al\/index.php\/wp-json\/wp\/v2\/media?parent=562795"}],"wp:term":[{"taxonomy":"category","embeddable":true,"href":"https:\/\/www.hashtag.al\/index.php\/wp-json\/wp\/v2\/categories?post=562795"},{"taxonomy":"post_tag","embeddable":true,"href":"https:\/\/www.hashtag.al\/index.php\/wp-json\/wp\/v2\/tags?post=562795"}],"curies":[{"name":"wp","href":"https:\/\/api.w.org\/{rel}","templated":true}]}}