{"id":562736,"date":"2022-11-21T10:32:23","date_gmt":"2022-11-21T09:32:23","guid":{"rendered":"https:\/\/www.hashtag.al\/?p=562736"},"modified":"2022-11-21T10:32:23","modified_gmt":"2022-11-21T09:32:23","slug":"partite-fetare-ne-qeverine-izraelite-duan-ndarje-gjinore-media","status":"publish","type":"post","link":"https:\/\/www.hashtag.al\/index.php\/2022\/11\/21\/partite-fetare-ne-qeverine-izraelite-duan-ndarje-gjinore-media\/","title":{"rendered":"Partit\u00eb fetare n\u00eb qeverin\u00eb izraelite duan ndarje gjinore &#8211; Media","gt_translate_keys":[{"key":"rendered","format":"text"}]},"content":{"rendered":"<p><span style=\"color: #000000;\"><img loading=\"lazy\" decoding=\"async\" class=\"aligncenter size-full wp-image-562737\" src=\"https:\/\/www.hashtag.al\/wp-content\/uploads\/2022\/11\/izrael-1.jpg\" alt=\"\" width=\"768\" height=\"432\" srcset=\"https:\/\/www.hashtag.al\/wp-content\/uploads\/2022\/11\/izrael-1.jpg 768w, https:\/\/www.hashtag.al\/wp-content\/uploads\/2022\/11\/izrael-1-300x169.jpg 300w\" sizes=\"auto, (max-width: 768px) 100vw, 768px\" \/><\/span><\/p>\n<p><span style=\"color: #000000;\">Disa parti fetare n\u00eb qeverin\u00eb e koalicionit t\u00eb Izraelit thuhet se i kan\u00eb b\u00ebr\u00eb thirrje kryeministrit t\u00eb zgjedhur Benjamin Netanyahu t\u00eb prezantoj\u00eb legjislacionin q\u00eb do lejonte ndarjen gjinore n\u00eb veprimtarit\u00eb e financuara publikisht. Sugjerimi u kritikua nga opozita, me kryeministrin n\u00eb largim Yair Lapid q\u00eb krahasoi politika t\u00eb tilla me ato t\u00eb zbatuara nga autoritetet fetare n\u00eb Iran.<\/span><\/p>\n<p><span style=\"color: #000000;\">N\u00eb raportin e saj t\u00eb diel\u00ebn, gazeta e p\u00ebrditshme \u2018Israel Hayom\u2019 pretendoi se gjat\u00eb bisedimeve t\u00eb koalicionit n\u00eb vazhdim, partit\u00eb Ortodokse t\u00eb Judaizmit Tora t\u00eb Bashkuar dhe Sionizmit Fetar k\u00ebrkuan q\u00eb t\u00eb gjendje nj\u00eb zgjidhje p\u00ebr t\u00eb anashkaluar ligjet ekzistuese kund\u00ebr diskriminimit.<\/span><\/p>\n<p><span style=\"color: #000000;\">Aktualisht, rregullimet e ve\u00e7anta t\u00eb ndarjeve meshkuj-fem\u00ebr n\u00eb objektet arsimore qeveritare, ngjarjet publike dhe n\u00eb transportin publik jan\u00eb t\u00eb ndaluara n\u00eb m\u00ebnyr\u00eb t\u00eb qart\u00eb n\u00eb vend.<\/span><\/p>\n<p><span style=\"color: #000000;\">Partit\u00eb fetare megjithat\u00eb argumentojn\u00eb se qeveria i diskriminon n\u00eb m\u00ebnyr\u00eb efektive duke ndaluar ndarjen gjinore, t\u00eb cil\u00ebn ata e konsiderojn\u00eb si nj\u00eb urdh\u00ebr fetar. Ata pretendojn\u00eb se legjislacioni n\u00eb fuqi kund\u00ebr diskriminimit u mohon individ\u00ebve t\u00eb till\u00eb t\u00eb drejt\u00ebn p\u00ebr t\u00eb marr\u00eb pjes\u00eb n\u00eb ngjarje publike.<\/span><\/p>\n<p><span style=\"color: #000000;\">Sipas raportit, k\u00ebto parti ultra-ortodokse i b\u00ebn\u00eb disa k\u00ebrkesa t\u00eb tjera Netanyahut, duke p\u00ebrfshir\u00eb kufizime dramatike n\u00eb politikat e emigracionit t\u00eb Izraelit dhe revokimin e njohjes s\u00eb konvertimeve jo-ortodokse n\u00eb judaiz\u00ebm.<\/span><\/p>\n<p><span style=\"color: #000000;\">Nd\u00ebrkoh\u00eb, kryeministri n\u00eb largim Yair Lapid argumentoi se p\u00ebrpjekjet e \u2018nacionalist\u00ebve ultra-ortodoks\u00eb\u2019 p\u00ebr t\u00eb \u2018vendosur grat\u00eb pas barrierave dhe legalizimin e ndarjes s\u00eb burrave nga grat\u00eb\u2019 jan\u00eb ve\u00e7an\u00ebrisht skandaloze n\u00eb nj\u00eb koh\u00eb kur \u2018grat\u00eb e guximshme n\u00eb Iran po luftojn\u00eb p\u00ebr t\u00eb drejtat e tyre\u2019.<\/span><\/p>\n<p><span style=\"color: #000000;\">Kreu i partis\u00eb laburiste Merav Michaeli, nga ana e tij, i kritikoi propozimet si antidemokratike.<\/span><\/p>\n<p><span style=\"color: #000000;\"><em>\u201cAskush nuk ka t\u00eb drejt\u00eb t\u00eb vendos\u00eb p\u00ebr ask\u00ebnd tjet\u00ebr se ku do t\u00eb ulet, \u00e7far\u00eb do t\u00eb veshin, n\u00ebse do t\u00eb nd\u00ebrpres\u00eb apo jo nj\u00eb shtatz\u00ebni.\u201d<\/em> &#8211; deklaroi ai, duke shtuar se \u2018kjo \u00ebsht\u00eb lufta p\u00ebr demokracin\u00eb ton\u00eb\u2019.<\/span><\/p>\n<p><span style=\"color: #000000;\">Sipas Times of Israel, n\u00eb vitin 2019 partit\u00eb fetare i kan\u00eb b\u00ebr\u00eb thirrje partis\u00eb Likud t\u00eb Netanyahut q\u00eb t\u00eb lejoj\u00eb ndarjen gjinore, me k\u00ebt\u00eb t\u00eb fundit q\u00eb thuhet se ka r\u00ebn\u00eb dakord me k\u00ebrkesat.<\/span><\/p>\n","protected":false,"gt_translate_keys":[{"key":"rendered","format":"html"}]},"excerpt":{"rendered":"<p>Disa parti fetare n\u00eb qeverin\u00eb e koalicionit t\u00eb Izraelit thuhet se i kan\u00eb b\u00ebr\u00eb thirrje kryeministrit t\u00eb zgjedhur Benjamin Netanyahu t\u00eb prezantoj\u00eb legjislacionin q\u00eb do lejonte ndarjen gjinore n\u00eb veprimtarit\u00eb e financuara publikisht. Sugjerimi u kritikua nga opozita, me kryeministrin n\u00eb largim Yair Lapid q\u00eb krahasoi politika t\u00eb tilla me ato t\u00eb zbatuara nga autoritetet [&hellip;]<\/p>\n","protected":false,"gt_translate_keys":[{"key":"rendered","format":"html"}]},"author":51,"featured_media":562737,"comment_status":"closed","ping_status":"closed","sticky":false,"template":"","format":"standard","meta":{"footnotes":""},"categories":[53],"tags":[],"class_list":["post-562736","post","type-post","status-publish","format-standard","has-post-thumbnail","hentry","category-fast-foodi"],"gt_translate_keys":[{"key":"link","format":"url"}],"_links":{"self":[{"href":"https:\/\/www.hashtag.al\/index.php\/wp-json\/wp\/v2\/posts\/562736","targetHints":{"allow":["GET"]}}],"collection":[{"href":"https:\/\/www.hashtag.al\/index.php\/wp-json\/wp\/v2\/posts"}],"about":[{"href":"https:\/\/www.hashtag.al\/index.php\/wp-json\/wp\/v2\/types\/post"}],"author":[{"embeddable":true,"href":"https:\/\/www.hashtag.al\/index.php\/wp-json\/wp\/v2\/users\/51"}],"replies":[{"embeddable":true,"href":"https:\/\/www.hashtag.al\/index.php\/wp-json\/wp\/v2\/comments?post=562736"}],"version-history":[{"count":0,"href":"https:\/\/www.hashtag.al\/index.php\/wp-json\/wp\/v2\/posts\/562736\/revisions"}],"wp:featuredmedia":[{"embeddable":true,"href":"https:\/\/www.hashtag.al\/index.php\/wp-json\/wp\/v2\/media\/562737"}],"wp:attachment":[{"href":"https:\/\/www.hashtag.al\/index.php\/wp-json\/wp\/v2\/media?parent=562736"}],"wp:term":[{"taxonomy":"category","embeddable":true,"href":"https:\/\/www.hashtag.al\/index.php\/wp-json\/wp\/v2\/categories?post=562736"},{"taxonomy":"post_tag","embeddable":true,"href":"https:\/\/www.hashtag.al\/index.php\/wp-json\/wp\/v2\/tags?post=562736"}],"curies":[{"name":"wp","href":"https:\/\/api.w.org\/{rel}","templated":true}]}}