{"id":562142,"date":"2022-11-18T12:05:54","date_gmt":"2022-11-18T11:05:54","guid":{"rendered":"https:\/\/www.hashtag.al\/?p=562142"},"modified":"2022-11-18T12:05:54","modified_gmt":"2022-11-18T11:05:54","slug":"rama-dhe-vucici","status":"publish","type":"post","link":"https:\/\/www.hashtag.al\/index.php\/2022\/11\/18\/rama-dhe-vucici\/","title":{"rendered":"RAMA DHE VU\u00c7I\u00c7I","gt_translate_keys":[{"key":"rendered","format":"text"}]},"content":{"rendered":"<p><span style=\"color: #000000;\"><strong><a href=\"https:\/\/www.hashtag.al\/wp-content\/uploads\/2022\/11\/Xhezairi.jpg\"><img loading=\"lazy\" decoding=\"async\" class=\"aligncenter size-full wp-image-562144\" src=\"https:\/\/www.hashtag.al\/wp-content\/uploads\/2022\/11\/Xhezairi.jpg\" alt=\"\" width=\"817\" height=\"414\" srcset=\"https:\/\/www.hashtag.al\/wp-content\/uploads\/2022\/11\/Xhezairi.jpg 817w, https:\/\/www.hashtag.al\/wp-content\/uploads\/2022\/11\/Xhezairi-300x152.jpg 300w, https:\/\/www.hashtag.al\/wp-content\/uploads\/2022\/11\/Xhezairi-768x389.jpg 768w\" sizes=\"auto, (max-width: 817px) 100vw, 817px\" \/><\/a><\/strong><\/span><\/p>\n<p><span style=\"color: #000000;\"><strong>Nga Seladin Xhezairi<\/strong><\/span><\/p>\n<p><span style=\"color: #000000;\">Dy dit\u00eb pas fillimit t\u00eb emetimit t\u00eb transmetimeve\u00a0<em>online<\/em>, n\u00eb serbisht, t\u00eb kanalit shtet\u00ebror rus \u201cRussia Today\u201d, n\u00eb Beograd u mbajt edhe nj\u00eb raund i ri i trojk\u00ebs Vu\u00e7i\u00e7-Rama-Kova\u00e7evski kushtuar \u201c<em>Ballkanit t\u00eb Hapur<\/em>\u201d, nj\u00eb nism\u00eb kjo q\u00eb ka tensionuar raportet edhe ashtu t\u00eb ndera n\u00eb rajon: nisma kund\u00ebrshtohet fuqimisht nga Kosova, nd\u00ebrsa \u00ebsht\u00eb b\u00ebr\u00eb moll\u00eb sherri edhe n\u00eb Mal t\u00eb Zi dhe Bosnj\u00eb e Hercegovin\u00eb. Polarizim-f\u00ebrkimet n\u00eb Evrop\u00ebn Juglindore, po t\u00eb shikohen nga prizmi i zhvillimeve gjeopolitike n\u00eb rrafshin nd\u00ebrkomb\u00ebtar, duket se shp\u00ebrfaqin teket ballkanike p\u00ebr protagoniz\u00ebm q\u00eb n\u00eb esenc\u00eb reflektojn\u00eb p\u00ebr\u00e7apjet p\u00ebr konsolidim t\u00eb aleancave p\u00ebr \u201c<em>larje t\u00eb hesapeve<\/em>\u201d t\u00eb t\u00eb m\u00ebdhenjve n\u00eb kurriz t\u00eb m\u00eb t\u00eb dobt\u00ebve.<\/span><\/p>\n<p><span style=\"color: #000000;\">Nga ky k\u00ebndv\u00ebshtrim, duket se kan\u00eb t\u00eb drejt\u00eb ata t\u00eb cil\u00ebt kur e v\u00ebn\u00eb \u201c<em>Ballkanin e Hapur<\/em>\u201d n\u00ebn llup\u00eb, kur e b\u00ebjn\u00eb hesapin e plus-minuseve p\u00ebr autor\u00ebt e iniciativ\u00ebs s\u00eb k\u00ebsaj\u00a0trojke\u00a0ballkanike, n\u00ebnvizojn\u00eb pa asnj\u00eb m\u00ebdyshje se \u00ebsht\u00eb Serbia e Aleksandar Vu\u00e7i\u00e7it ajo q\u00eb \u201c<em>nxjerr\u00eb dhjam\u00eb nga pleshti<\/em>\u201d: P\u00ebrmes \u201c<em>Ballkanit t\u00eb Hapur<\/em>\u201d Beogradi zyrtar po mundohet q\u00eb sipas yrnekut t\u00eb \u201cBot\u00ebs ruse\u201d t\u00eb \u201crib\u00ebj\u201d \u201cbot\u00ebn serbe\u201d, duke p\u00ebrdorur si mash\u00eb edhe Kish\u00ebn Ortodokse Serbe e cila po e shtrin\u00eb me t\u00eb madhe, pa hi\u00e7 pengesa ndikimin e saj gjithandej Ballkanit.<\/span><\/p>\n<p><span style=\"color: #000000;\">Zhvillimet n\u00eb Ukrain\u00eb, ndryshimet n\u00eb Sht\u00ebpin\u00eb e Bardh\u00eb, po edhe n\u00eb Gjermani, duket se i nxor\u00ebn es\u00ebll edhe politikan\u00ebt e profilit t\u00eb lart\u00eb n\u00eb Per\u00ebndim t\u00eb cil\u00ebt si duket nuk i njohin mir\u00eb teket e homolog\u00ebve t\u00eb tyre n\u00eb Ballkan. Pik\u00ebrisht p\u00ebr k\u00ebt\u00eb arsye, mbase, n\u00eb fillim t\u00eb n\u00ebntorit u riaktivizua \u201c<em>Procesi i Berlinit<\/em>\u201d duke shtyr\u00eb n\u00eb plan t\u00eb dyt\u00eb \u201c<em>Ballkanin e Hapur<\/em>\u201d. Kjo u pa edhe nga mungesa e presidentit serb Vu\u00e7i\u00e7 n\u00eb samitin e Berlinit dhe n\u00eb vendimin e kancelarit gjerman Sholz q\u00eb vazhdimi i tij t\u00eb b\u00ebhet jo n\u00eb Beograd e as n\u00eb Shkup, por n\u00eb Tiran\u00eb! Po t\u00eb jen\u00eb t\u00eb v\u00ebrteta spekulimet Per\u00ebndimi\u00a0(BE&amp;SHBA)\u00a0me mb\u00ebshtetjen q\u00eb i dhan\u00eb \u201cOpen Ballkan\u201d-it n\u00eb fakt desh\u00ebn t\u00eb provojn\u00eb politik\u00ebn e\u00a0kula\u00e7it e t\u00eb k\u00ebrba\u00e7it\u00a0p\u00ebr\u00a0politikan\u00ebt \u00e7apk\u00ebn\u00eb nga rajoni se do din\u00eb t\u00eb vler\u00ebsojn\u00eb (pa)d\u00ebgjueshm\u00ebrin\u00eb e tyre!<\/span><\/p>\n<p><span style=\"color: #000000;\">Dhe, kur pritej q\u00eb me zgjedhjen e qeveris\u00eb s\u00eb re t\u00eb presidentit serb Vu\u00e7i\u00e7, ky i fundit t\u00eb heq dor\u00eb nga ndeja n\u00eb dy karrige, kur pritej harmonizimi i politik\u00ebs s\u00eb vendit t\u00eb tij me at\u00eb t\u00eb Bashkimit Evropian dhe t\u00eb Shteteve t\u00eb Bashkuara t\u00eb Amerik\u00ebs, t\u00eb mart\u00ebn e kaluar me \u201c<em>amin<\/em>\u201d-in serb kanali shtet\u00ebror rus \u201c<em>Russia Today<\/em>\u201d(RT) nisi transmetimet\u00a0online, n\u00eb serbisht! Lajmi n\u00eb Twitter u b\u00eb i ditur nga kryeredaktorja e \u201cRussia Today\u201d Margarita Simonjan. Arsyetimi dhe mesazhi i saj ishte i shkurt\u00ebr dhe tep\u00ebr i qart\u00eb\u00a0<em>\u201cNis\u00ebm RT-n\u00eb n\u00eb Ballkan. Sepse Kosova \u00ebsht\u00eb Serbi\u201d!<\/em>\u00a0Kaq ka shkruar Simonjan p\u00ebr ta kuptuar t\u00eb gjith\u00eb.<\/span><\/p>\n<p><span style=\"color: #000000;\"><a href=\"https:\/\/www.hashtag.al\/wp-content\/uploads\/2022\/11\/postim.jpg\"><img loading=\"lazy\" decoding=\"async\" class=\"aligncenter size-full wp-image-562143\" src=\"https:\/\/www.hashtag.al\/wp-content\/uploads\/2022\/11\/postim.jpg\" alt=\"\" width=\"256\" height=\"300\" \/><\/a><\/span><\/p>\n<p><span style=\"color: #000000;\">P\u00ebrtej k\u00ebsaj, prania e\u00a0 kryeministrave Edi Rama e Dimitar Kova\u00e7evski, n\u00eb samitin e s\u00eb enjtes n\u00eb Beograd, sikur d\u00ebshmoi se ata nuk \u00e7ajn\u00eb kok\u00ebn p\u00ebr thirrjet e Brukselit e t\u00eb Uashingtonit se nuk do ta tolerojn\u00eb m\u00eb q\u00ebndrimin e Vu\u00e7i\u00e7it n\u00eb dy karrige. Kjo p\u00ebr shkak se nuk \u00ebsht\u00eb se n\u00eb esenc\u00eb ka ndonj\u00eb rezultat t\u00eb llojit t\u00eb vet e t\u00eb preksh\u00ebm nga\u00a0\u201cBallkani i Hapur\u201d. Sikur mos t\u00eb ishte k\u00ebshtu, at\u00ebher\u00eb nuk do t\u00eb ekzistonin probleme t\u00eb tipit \u201ctarga, dokumente identifikimi, pritje t\u00eb gjata, t\u00eb mallrave e njer\u00ebzve, n\u00ebp\u00ebr pikat kufitare\u201d\u2026<\/span><\/p>\n<p><span style=\"color: #000000;\">N\u00ebse Vu\u00e7i\u00e7i, Rama e Kova\u00e7evski, rrahin gjoks se ata dhe askush tjet\u00ebr kan\u00eb tapin\u00eb e\u00a0\u201cBallkanit t\u00eb Hapur\u201d, ata duhet ta konfirmojn\u00eb k\u00ebt\u00eb edhe me vepra. Kjo p\u00ebr shkak se zotimet deklarative t\u00eb k\u00ebsaj nisme nuk \u00ebsht\u00eb se nuk i gjejm\u00eb, ta z\u00ebm\u00eb, n\u00eb kriteret p\u00ebr aderim n\u00eb BE ose n\u00eb NATO, apo n\u00eb dokumentet e CEFTA-s\u00eb, n\u00eb q\u00ebllimet e K\u00ebshillit p\u00ebr Bashk\u00ebpunim Rajonal. Letra duron shum\u00eb\u00e7ka dhe shum\u00eb, thon\u00eb edhe n\u00eb Serbi. Beogradi po e v\u00eb gjithnj\u00eb e m\u00eb shum\u00eb n\u00eb jet\u00eb objektivin historik serb p\u00ebr dalje n\u00eb det, p\u00ebrmes Malit t\u00eb Zi dhe Shqip\u00ebris\u00eb. Kjo aspirat\u00eb duket se ka hasur n\u00eb gozhd\u00eb n\u00eb Podgoric\u00eb, nd\u00ebrsa n\u00eb Tiran\u00eb si duket duhet koh\u00eb p\u00ebr ta \u201c<em>p\u00ebrkthyer<\/em>\u201d. Korridori i Dhjet\u00eb \u00a0nga Serbia p\u00ebrmes Maqedonis\u00eb s\u00eb Veriut p\u00ebr n\u00eb Greqi \u00ebsht\u00eb i mir\u00eb qarkulluesh\u00ebm. P\u00ebr k\u00ebt\u00eb t\u00eb Tetin vazhdon t\u00eb flitet e flitet\u2026. H\u00eb, po: Nga data 15 kanali shtet\u00ebror rus \u201c<em>Russia Today<\/em>\u201d nisi\u00a0 transmetimet online, n\u00eb serbisht! Lajmi \u00ebsht\u00eb b\u00ebr\u00eb i ditur nga kryeredaktorja e tij Margarita Simonjan: \u201c<em>Nis\u00ebm RT-n\u00eb n\u00eb Ballkan. Sepse Kosova \u00ebsht\u00eb Serbi<\/em>\u201d!\u00a0\u2013 ishte arsyetimi i nj\u00ebjt\u00eb me mbishkrimin n\u00eb disa ura serbe t\u00eb autostrad\u00ebs n\u00eb drejtim t\u00eb vendit ton\u00eb. Pa \u00e7ka se Rama e Vu\u00e7i\u00e7i na e shesin\u00a0\u201cBallkanin e Hapur\u201d\u00a0si nj\u00eb projekt q\u00eb qysh tash po ia shohim hairin!<\/span><\/p>\n","protected":false,"gt_translate_keys":[{"key":"rendered","format":"html"}]},"excerpt":{"rendered":"<p>Nga Seladin Xhezairi Dy dit\u00eb pas fillimit t\u00eb emetimit t\u00eb transmetimeve\u00a0online, n\u00eb serbisht, t\u00eb kanalit shtet\u00ebror rus \u201cRussia Today\u201d, n\u00eb Beograd u mbajt edhe nj\u00eb raund i ri i trojk\u00ebs Vu\u00e7i\u00e7-Rama-Kova\u00e7evski kushtuar \u201cBallkanit t\u00eb Hapur\u201d, nj\u00eb nism\u00eb kjo q\u00eb ka tensionuar raportet edhe ashtu t\u00eb ndera n\u00eb rajon: nisma kund\u00ebrshtohet fuqimisht nga Kosova, nd\u00ebrsa \u00ebsht\u00eb [&hellip;]<\/p>\n","protected":false,"gt_translate_keys":[{"key":"rendered","format":"html"}]},"author":30,"featured_media":562144,"comment_status":"closed","ping_status":"closed","sticky":false,"template":"","format":"standard","meta":{"footnotes":""},"categories":[20],"tags":[],"class_list":["post-562142","post","type-post","status-publish","format-standard","has-post-thumbnail","hentry","category-blog"],"gt_translate_keys":[{"key":"link","format":"url"}],"_links":{"self":[{"href":"https:\/\/www.hashtag.al\/index.php\/wp-json\/wp\/v2\/posts\/562142","targetHints":{"allow":["GET"]}}],"collection":[{"href":"https:\/\/www.hashtag.al\/index.php\/wp-json\/wp\/v2\/posts"}],"about":[{"href":"https:\/\/www.hashtag.al\/index.php\/wp-json\/wp\/v2\/types\/post"}],"author":[{"embeddable":true,"href":"https:\/\/www.hashtag.al\/index.php\/wp-json\/wp\/v2\/users\/30"}],"replies":[{"embeddable":true,"href":"https:\/\/www.hashtag.al\/index.php\/wp-json\/wp\/v2\/comments?post=562142"}],"version-history":[{"count":0,"href":"https:\/\/www.hashtag.al\/index.php\/wp-json\/wp\/v2\/posts\/562142\/revisions"}],"wp:featuredmedia":[{"embeddable":true,"href":"https:\/\/www.hashtag.al\/index.php\/wp-json\/wp\/v2\/media\/562144"}],"wp:attachment":[{"href":"https:\/\/www.hashtag.al\/index.php\/wp-json\/wp\/v2\/media?parent=562142"}],"wp:term":[{"taxonomy":"category","embeddable":true,"href":"https:\/\/www.hashtag.al\/index.php\/wp-json\/wp\/v2\/categories?post=562142"},{"taxonomy":"post_tag","embeddable":true,"href":"https:\/\/www.hashtag.al\/index.php\/wp-json\/wp\/v2\/tags?post=562142"}],"curies":[{"name":"wp","href":"https:\/\/api.w.org\/{rel}","templated":true}]}}