{"id":562085,"date":"2022-11-17T22:57:59","date_gmt":"2022-11-17T21:57:59","guid":{"rendered":"https:\/\/www.hashtag.al\/?p=562085"},"modified":"2022-11-17T22:57:59","modified_gmt":"2022-11-17T21:57:59","slug":"blinken-rusia-ka-pergjegjesine-perfundimtare-per-raketen-qe-goditi-polonine","status":"publish","type":"post","link":"https:\/\/www.hashtag.al\/index.php\/2022\/11\/17\/blinken-rusia-ka-pergjegjesine-perfundimtare-per-raketen-qe-goditi-polonine\/","title":{"rendered":"Blinken: Rusia ka p\u00ebrgjegj\u00ebsin\u00eb p\u00ebrfundimtare p\u00ebr raket\u00ebn q\u00eb goditi Polonin\u00eb","gt_translate_keys":[{"key":"rendered","format":"text"}]},"content":{"rendered":"<p><span style=\"color: #000000;\"><a href=\"https:\/\/www.hashtag.al\/wp-content\/uploads\/2022\/10\/blinken.jpg\"><img loading=\"lazy\" decoding=\"async\" class=\"aligncenter size-full wp-image-555868\" src=\"https:\/\/www.hashtag.al\/wp-content\/uploads\/2022\/10\/blinken.jpg\" alt=\"\" width=\"796\" height=\"424\" srcset=\"https:\/\/www.hashtag.al\/wp-content\/uploads\/2022\/10\/blinken.jpg 796w, https:\/\/www.hashtag.al\/wp-content\/uploads\/2022\/10\/blinken-300x160.jpg 300w, https:\/\/www.hashtag.al\/wp-content\/uploads\/2022\/10\/blinken-768x409.jpg 768w\" sizes=\"auto, (max-width: 796px) 100vw, 796px\" \/><\/a><\/span><\/p>\n<p><span style=\"color: #000000;\">Sekretari amerikan i Shtetit, Anthony Blinken tha se Rusia mban \u201cp\u00ebrgjegj\u00ebsin\u00eb p\u00ebrfundimtare\u201d p\u00ebr raket\u00ebn q\u00eb ra n\u00eb Poloni mbr\u00ebmjen e s\u00eb mart\u00ebs, duke vrar\u00eb dy persona. <\/span><span style=\"color: #000000;\">Hetimet pritet t\u00eb p\u00ebrcaktoj\u00eb se nga \u00ebsht\u00eb l\u00ebshuar raketa.<\/span><\/p>\n<p><span style=\"color: #000000;\">\u201cSido q\u00eb t\u00eb jet\u00eb p\u00ebrfundimi i hetimit, ne tashm\u00eb e dim\u00eb pal\u00ebn q\u00eb mban p\u00ebrgjegj\u00ebsin\u00eb p\u00ebrfundimtare p\u00ebr k\u00ebt\u00eb ngjarje tragjike: Rusia ,\u201d tha Sekretari i Shtetit i SHBA nga Bangkok, p\u00ebrpara samitit t\u00eb udh\u00ebheq\u00ebsve t\u00eb Bashk\u00ebpunimit Ekonomik Azi-Paq\u00ebsor. (APEC)<\/span><\/p>\n<p><span style=\"color: #000000;\"><em>\u201cAjo q\u00eb ne shohim \u00e7do dit\u00eb sot \u00ebsht\u00eb Rusia q\u00eb hedh raketa n\u00eb Ukrain\u00eb, duke k\u00ebrkuar t\u00eb shkat\u00ebrroj\u00eb infrastruktur\u00ebn e saj kri<\/em>tike,\u201d tha kreu i diplomacis\u00eb amerikane.<\/span><\/p>\n<p><span style=\"color: #000000;\">\u201cUkraina ka t\u00eb drejt\u00eb t\u00eb mbrohet dhe ne jemi t\u00eb p\u00ebrkushtuar t\u00eb mb\u00ebshtesim Ukrain\u00ebn,\u201d shtoi ai.<\/span><\/p>\n<p><span style=\"color: #000000;\">Anthony Blinken p\u00ebrs\u00ebriti se Shtetet e Bashkuara \u201d nuk kan\u00eb par\u00eb asgj\u00eb p\u00ebr t\u00eb kund\u00ebrshtuar \u201d rastin e paraqitur nga Varshava, sipas t\u00eb cilit raketa ka shum\u00eb t\u00eb ngjar\u00eb t\u00eb ket\u00eb ardhur nga mbrojtja ajrore e Ukrain\u00ebs .<\/span><\/p>\n<p><span style=\"color: #000000;\">Ministri i jasht\u00ebm, i cili u takua gjat\u00eb dit\u00ebs me homologun e tij ukrainas Dmitry Kuleba, tha se Uashingtoni \u201d vazhdon t\u00eb vler\u00ebsoj\u00eb situat\u00ebn dhe t\u00eb ndaj\u00eb informacione t\u00eb reja \u201d n\u00eb lidhje me incidentin me Kievin.<\/span><\/p>\n<p>&nbsp;<\/p>\n","protected":false,"gt_translate_keys":[{"key":"rendered","format":"html"}]},"excerpt":{"rendered":"<p>Sekretari amerikan i Shtetit, Anthony Blinken tha se Rusia mban \u201cp\u00ebrgjegj\u00ebsin\u00eb p\u00ebrfundimtare\u201d p\u00ebr raket\u00ebn q\u00eb ra n\u00eb Poloni mbr\u00ebmjen e s\u00eb mart\u00ebs, duke vrar\u00eb dy persona. Hetimet pritet t\u00eb p\u00ebrcaktoj\u00eb se nga \u00ebsht\u00eb l\u00ebshuar raketa. \u201cSido q\u00eb t\u00eb jet\u00eb p\u00ebrfundimi i hetimit, ne tashm\u00eb e dim\u00eb pal\u00ebn q\u00eb mban p\u00ebrgjegj\u00ebsin\u00eb p\u00ebrfundimtare p\u00ebr k\u00ebt\u00eb ngjarje tragjike: [&hellip;]<\/p>\n","protected":false,"gt_translate_keys":[{"key":"rendered","format":"html"}]},"author":32,"featured_media":507399,"comment_status":"closed","ping_status":"closed","sticky":false,"template":"","format":"standard","meta":{"footnotes":""},"categories":[6,13],"tags":[],"class_list":["post-562085","post","type-post","status-publish","format-standard","has-post-thumbnail","hentry","category-nderkombetare","category-te-fundit"],"gt_translate_keys":[{"key":"link","format":"url"}],"_links":{"self":[{"href":"https:\/\/www.hashtag.al\/index.php\/wp-json\/wp\/v2\/posts\/562085","targetHints":{"allow":["GET"]}}],"collection":[{"href":"https:\/\/www.hashtag.al\/index.php\/wp-json\/wp\/v2\/posts"}],"about":[{"href":"https:\/\/www.hashtag.al\/index.php\/wp-json\/wp\/v2\/types\/post"}],"author":[{"embeddable":true,"href":"https:\/\/www.hashtag.al\/index.php\/wp-json\/wp\/v2\/users\/32"}],"replies":[{"embeddable":true,"href":"https:\/\/www.hashtag.al\/index.php\/wp-json\/wp\/v2\/comments?post=562085"}],"version-history":[{"count":0,"href":"https:\/\/www.hashtag.al\/index.php\/wp-json\/wp\/v2\/posts\/562085\/revisions"}],"wp:featuredmedia":[{"embeddable":true,"href":"https:\/\/www.hashtag.al\/index.php\/wp-json\/wp\/v2\/media\/507399"}],"wp:attachment":[{"href":"https:\/\/www.hashtag.al\/index.php\/wp-json\/wp\/v2\/media?parent=562085"}],"wp:term":[{"taxonomy":"category","embeddable":true,"href":"https:\/\/www.hashtag.al\/index.php\/wp-json\/wp\/v2\/categories?post=562085"},{"taxonomy":"post_tag","embeddable":true,"href":"https:\/\/www.hashtag.al\/index.php\/wp-json\/wp\/v2\/tags?post=562085"}],"curies":[{"name":"wp","href":"https:\/\/api.w.org\/{rel}","templated":true}]}}