{"id":562082,"date":"2022-11-17T22:25:43","date_gmt":"2022-11-17T21:25:43","guid":{"rendered":"https:\/\/www.hashtag.al\/?p=562082"},"modified":"2022-11-17T22:25:43","modified_gmt":"2022-11-17T21:25:43","slug":"mijera-protestues-ne-malin-e-zi-dalin-ne-rruge-per-krizen-politike","status":"publish","type":"post","link":"https:\/\/www.hashtag.al\/index.php\/2022\/11\/17\/mijera-protestues-ne-malin-e-zi-dalin-ne-rruge-per-krizen-politike\/","title":{"rendered":"Mij\u00ebra protestues n\u00eb Malin e Zi dalin n\u00eb rrug\u00eb p\u00ebr kriz\u00ebn politike","gt_translate_keys":[{"key":"rendered","format":"text"}]},"content":{"rendered":"<p><span style=\"color: #000000;\"><a style=\"color: #000000;\" href=\"https:\/\/www.hashtag.al\/wp-content\/uploads\/2022\/11\/mal-i-zi-1.png\"><img loading=\"lazy\" decoding=\"async\" class=\"aligncenter size-full wp-image-562083\" src=\"https:\/\/www.hashtag.al\/wp-content\/uploads\/2022\/11\/mal-i-zi-1.png\" alt=\"\" width=\"1478\" height=\"840\" srcset=\"https:\/\/www.hashtag.al\/wp-content\/uploads\/2022\/11\/mal-i-zi-1.png 1478w, https:\/\/www.hashtag.al\/wp-content\/uploads\/2022\/11\/mal-i-zi-1-300x171.png 300w, https:\/\/www.hashtag.al\/wp-content\/uploads\/2022\/11\/mal-i-zi-1-1024x582.png 1024w, https:\/\/www.hashtag.al\/wp-content\/uploads\/2022\/11\/mal-i-zi-1-768x436.png 768w\" sizes=\"auto, (max-width: 1478px) 100vw, 1478px\" \/><\/a><\/span><\/p>\n<p><span style=\"color: #000000;\">Para selis\u00eb s\u00eb parlamentit n\u00eb Podgoric\u00eb, t\u00eb enjten mbr\u00ebma u zhvillua protesta e radh\u00ebs, ku me mij\u00ebra qytetar\u00eb nga t\u00eb gjitha qytetet e vendit, k\u00ebrkuan t\u00ebrheqjen e ndryshimeve t\u00eb Ligjit p\u00ebr Presidentin, miratimin e marr\u00ebveshjes p\u00ebr zgjedhjen e gjyqtar\u00ebve t\u00eb Gjykat\u00ebs Kushtetuese dhe mbajtjen e zgjedhjeve t\u00eb parakohshme parlamentare n\u00eb Mal t\u00eb Zi.<\/span><\/p>\n<p><span style=\"color: #000000;\">Duke iu drejtua qytetar\u00ebve, profesoresha dhe aktivistja Jasmina Nik\u00e7evi\u00e7, e cila \u00ebsht\u00eb edhe bashk\u00eborganizatore e k\u00ebtyre protestave, vuri n\u00eb dukje r\u00ebnd\u00ebsin\u00eb e k\u00ebtyre protestave p\u00ebr mbrojtjen e shtetit t\u00eb Malit t\u00eb Zi.<\/span><\/p>\n<p><span style=\"color: #000000;\">\u201cTubimi i sot\u00ebm, si dhe tubimet e m\u00ebparshme dhe t\u00eb ardhshme, nuk jan\u00eb protesta t\u00eb asnj\u00eb partie, asnj\u00eb grupi partiak, asnj\u00eb individi, por m\u00eb e r\u00ebnd\u00ebsishmja, \u00ebsht\u00eb nj\u00eb thirrje p\u00ebr mbrojtjen dhe ruajtjen e rendin kushtetues dhe institucioneve t\u00eb shtetit n\u00eb Malin e Zi,&#8221; tha zonja Nik\u00e7eviq.<\/span><\/p>\n<p><span style=\"color: #000000;\">N\u00eb protest\u00eb fol\u00ebn edhe student\u00eb dhe p\u00ebrfaq\u00ebsues\u00eb t\u00eb shoq\u00ebris\u00eb civile t\u00eb cil\u00ebt mb\u00ebshtesin Malin e Zi si \u201cnj\u00eb shtet shumetnik dhe t\u00eb barabart\u00eb p\u00ebr t\u00eb gjith\u00eb popujt q\u00eb jetojn\u00eb n\u00eb t\u00eb\u201d.<\/span><\/p>\n<p><span style=\"color: #000000;\">Para dhe pas nd\u00ebrtes\u00ebs s\u00eb parlamentit dhe tek selia e qeveris\u00eb u vu re nj\u00eb prani e shtuar e policis\u00eb, si dhe automjeteve t\u00eb blinduara , nd\u00ebrkoh\u00eb q\u00eb protestat po zhvillohen t\u00eb qeta.<\/span><\/p>\n<p><span style=\"color: #000000;\">Kjo \u00ebsht\u00eb protesta e dyt\u00eb q\u00eb nga fillimi i k\u00ebtij muaji. Me 8 n\u00ebntor protestuesit kund\u00ebrshtuan ndryshimet n\u00eb Ligjin p\u00ebr Presidentin, p\u00ebrmes s\u00eb cilit partit\u00eb n\u00eb pushtet synojn\u00eb kufizimin e p\u00ebrgjegj\u00ebsive kushtetuese t\u00eb presidenti aktual Milo Gjukanovi\u00e7 dhe kalimin e tyre te parlamenti.<\/span><\/p>\n<p><span style=\"color: #000000;\">I till\u00eb \u00ebsht\u00eb vler\u00ebsuar ky ligj edhe nga jurist\u00ebt dhe organizatat joqeveritare, nd\u00ebrsa diplomat\u00ebt e vendeve kryesore per\u00ebndimore than\u00eb se po &#8220;i ndjekin me shqet\u00ebsim zhvillimet politike n\u00eb Malin e Zi&#8221;.<\/span><\/p>\n<p><span style=\"color: #000000;\">Zyra e presidenti t\u00eb Malit t\u00eb Zi, k\u00ebrkoi nga Komisioni i Venecias t\u00eb nxjerr\u00eb nj\u00eb opinion urgjent p\u00ebr ndryshimin e Ligjit p\u00ebr Presidentin e Malit t\u00eb Zi, i cili po shkakton debate t\u00eb shumta, por edhe nj\u00eb kriz\u00eb politike n\u00eb vend.<\/span><\/p>\n<p><span style=\"color: #000000;\">Gjat\u00eb k\u00ebsaj jave jan\u00eb mbledhur mbi 15 mij\u00eb n\u00ebnshkrime n\u00eb mb\u00ebshtetje t\u00eb peticionit t\u00eb qytetar\u00ebve, duke treguar qart\u00eb se ata k\u00ebrkojn\u00eb zgjedhje t\u00eb parakohshme parlamentare dhe zgjidhjen e kriz\u00ebs politike n\u00eb Malin e Zi.<\/span><\/p>\n","protected":false,"gt_translate_keys":[{"key":"rendered","format":"html"}]},"excerpt":{"rendered":"<p>Para selis\u00eb s\u00eb parlamentit n\u00eb Podgoric\u00eb, t\u00eb enjten mbr\u00ebma u zhvillua protesta e radh\u00ebs, ku me mij\u00ebra qytetar\u00eb nga t\u00eb gjitha qytetet e vendit, k\u00ebrkuan t\u00ebrheqjen e ndryshimeve t\u00eb Ligjit p\u00ebr Presidentin, miratimin e marr\u00ebveshjes p\u00ebr zgjedhjen e gjyqtar\u00ebve t\u00eb Gjykat\u00ebs Kushtetuese dhe mbajtjen e zgjedhjeve t\u00eb parakohshme parlamentare n\u00eb Mal t\u00eb Zi. Duke iu [&hellip;]<\/p>\n","protected":false,"gt_translate_keys":[{"key":"rendered","format":"html"}]},"author":32,"featured_media":562083,"comment_status":"closed","ping_status":"closed","sticky":false,"template":"","format":"standard","meta":{"footnotes":""},"categories":[149,13],"tags":[],"class_list":["post-562082","post","type-post","status-publish","format-standard","has-post-thumbnail","hentry","category-kosoverajon","category-te-fundit"],"gt_translate_keys":[{"key":"link","format":"url"}],"_links":{"self":[{"href":"https:\/\/www.hashtag.al\/index.php\/wp-json\/wp\/v2\/posts\/562082","targetHints":{"allow":["GET"]}}],"collection":[{"href":"https:\/\/www.hashtag.al\/index.php\/wp-json\/wp\/v2\/posts"}],"about":[{"href":"https:\/\/www.hashtag.al\/index.php\/wp-json\/wp\/v2\/types\/post"}],"author":[{"embeddable":true,"href":"https:\/\/www.hashtag.al\/index.php\/wp-json\/wp\/v2\/users\/32"}],"replies":[{"embeddable":true,"href":"https:\/\/www.hashtag.al\/index.php\/wp-json\/wp\/v2\/comments?post=562082"}],"version-history":[{"count":0,"href":"https:\/\/www.hashtag.al\/index.php\/wp-json\/wp\/v2\/posts\/562082\/revisions"}],"wp:featuredmedia":[{"embeddable":true,"href":"https:\/\/www.hashtag.al\/index.php\/wp-json\/wp\/v2\/media\/562083"}],"wp:attachment":[{"href":"https:\/\/www.hashtag.al\/index.php\/wp-json\/wp\/v2\/media?parent=562082"}],"wp:term":[{"taxonomy":"category","embeddable":true,"href":"https:\/\/www.hashtag.al\/index.php\/wp-json\/wp\/v2\/categories?post=562082"},{"taxonomy":"post_tag","embeddable":true,"href":"https:\/\/www.hashtag.al\/index.php\/wp-json\/wp\/v2\/tags?post=562082"}],"curies":[{"name":"wp","href":"https:\/\/api.w.org\/{rel}","templated":true}]}}