{"id":561993,"date":"2022-11-17T13:57:47","date_gmt":"2022-11-17T12:57:47","guid":{"rendered":"https:\/\/www.hashtag.al\/?p=561993"},"modified":"2022-11-17T13:57:47","modified_gmt":"2022-11-17T12:57:47","slug":"manja-per-portin-e-durresit-te-mos-i-biem-me-shkelm-nje-investimi-qe-projekton-ekonomine-shqiptare-ne-dekaden-e-ardhshme","status":"publish","type":"post","link":"https:\/\/www.hashtag.al\/index.php\/2022\/11\/17\/manja-per-portin-e-durresit-te-mos-i-biem-me-shkelm-nje-investimi-qe-projekton-ekonomine-shqiptare-ne-dekaden-e-ardhshme\/","title":{"rendered":"Manja p\u00ebr Portin e Durr\u00ebsit: T\u00eb mos i biem me shkelm nj\u00eb investimi q\u00eb projekton ekonomin\u00eb shqiptare n\u00eb dekad\u00ebn e ardhshme","gt_translate_keys":[{"key":"rendered","format":"text"}]},"content":{"rendered":"<p><span style=\"color: #000000;\"><a href=\"https:\/\/www.hashtag.al\/wp-content\/uploads\/2022\/11\/mmmm.jpg\"><img loading=\"lazy\" decoding=\"async\" class=\"aligncenter size-full wp-image-561994\" src=\"https:\/\/www.hashtag.al\/wp-content\/uploads\/2022\/11\/mmmm.jpg\" alt=\"\" width=\"739\" height=\"381\" srcset=\"https:\/\/www.hashtag.al\/wp-content\/uploads\/2022\/11\/mmmm.jpg 739w, https:\/\/www.hashtag.al\/wp-content\/uploads\/2022\/11\/mmmm-300x155.jpg 300w\" sizes=\"auto, (max-width: 739px) 100vw, 739px\" \/><\/a><\/span><\/p>\n<p><span style=\"color: #000000;\">Ministri i Drejt\u00ebsis\u00eb Ulsi Manja n\u00eb seanc\u00ebn e sotme n\u00eb Kuvend iu p\u00ebrgjigj akuzave t\u00eb opozit\u00ebs lidhur me Portin e ri t\u00eb Durr\u00ebsit, por dhe p\u00ebr amnistin\u00eb fiskale.<\/span><\/p>\n<p><span style=\"color: #000000;\">Manja tha se ky projekt do t\u00eb diktoj\u00eb zhvillimin e ekonomis\u00eb shqiptare n\u00eb dekad\u00ebn q\u00eb vijon.<\/span><\/p>\n<p><em><span style=\"color: #000000;\">\u201cM\u00eb 12 n\u00ebntor shqiptar\u00ebt n\u00eb Britani mbajt\u00ebn nj\u00eb protest\u00eb shum\u00eb dinjitoze, pasi sot shqiptar\u00ebt n\u00eb Evrop\u00eb dhe bot\u00eb jan\u00eb t\u00eb integruar dhe kontributor n\u00eb ekonomit\u00eb e k\u00ebtyre vendeve.<\/span><\/em><\/p>\n<p><span style=\"color: #000000;\"><em>M\u00eb b\u00ebri p\u00ebrshtypje se nj\u00ebri nga bashkatdhetar\u00ebt q\u00eb protestonte aty tha se nj\u00eb pjes\u00eb e t\u00eb k\u00ebqijave na vjen nga Shqip\u00ebria. Sepse jemi ne n\u00eb k\u00ebt\u00eb sall\u00eb, nj\u00eb pjes\u00eb e jona k\u00ebtu, q\u00eb nuk flet p\u00ebr modelet pozitive t\u00eb shqiptar\u00ebve n\u00eb bot\u00eb por flet p\u00ebr krim, banda p\u00ebr shitje dhe tradhti. K\u00ebt\u00eb gj\u00eb t\u00eb nderuar koleg e kemi b\u00ebr\u00eb ne. Ju flisni p\u00ebr Portin e Durr\u00ebsit, duroni t\u00eb vij\u00eb marr\u00ebveshja n\u00eb Parlament, pse jo ta diskutojm\u00eb, por nuk mund t\u2019i biem me shkelm nj\u00eb investimi q\u00eb do t\u00eb projektoj\u00eb ekonomin\u00eb shqiptare p\u00ebr dekad\u00ebn n\u00eb vijim.\u201d<\/em>&#8211; tha Manja.<\/span><\/p>\n<p><span style=\"color: #000000;\">Sa i p\u00ebrket amnistis\u00eb fiskale, ministri i Drejt\u00ebsis\u00eb tha se q\u00ebllimi \u00ebsht\u00eb pozitiv, p\u00ebr t\u2019i ardhur n\u00eb nevoj\u00eb shqiptar\u00ebve t\u00eb ndersh\u00ebm q\u00eb kan\u00eb 32 vite q\u00eb punojn\u00eb n\u00eb emigracion.<\/span><\/p>\n<p><em><span style=\"color: #000000;\">\u201cFlisni k\u00ebtu p\u00ebr amnistin\u00eb si nj\u00eb gj\u00ebm\u00eb e madhe, por mir\u00eb mor t\u00eb nderuar koleg\u00eb nuk jan\u00eb pjes\u00eb e jona ata shqiptare q\u00eb kan\u00eb punuar 32-vite n\u00eb emigracion. Nuk mendoni se ka ardhur koha q\u00eb sot q\u00eb kemi nj\u00eb sit\u00ebm drejt\u00ebsie t\u00eb pavarur dhe organe t\u00eb specializuar p\u00ebr pastrimin e parave q\u00eb t\u2019ia japim k\u00ebt\u00eb mund\u00ebsi bashkatdhetar\u00ebve tan\u00eb<\/span><\/em><\/p>\n<p><span style=\"color: #000000;\"><em>Flitet p\u00ebr amnistin\u00eb fiskale sikur po e b\u00ebjm\u00eb fshehtas me partner\u00ebt dhe presim t\u00eb marrim ekspertiz\u00ebn m\u00eb t\u00eb mir\u00eb. Q\u00ebllimi i k\u00ebsaj amnistie \u00ebsht\u00eb pozitiv dhe ka si q\u00ebllim interesat e shqiptar\u00ebve t\u00eb ndersh\u00ebm.\u201d<\/em>&#8211; tha Manja.<\/span><\/p>\n","protected":false,"gt_translate_keys":[{"key":"rendered","format":"html"}]},"excerpt":{"rendered":"<p>Ministri i Drejt\u00ebsis\u00eb Ulsi Manja n\u00eb seanc\u00ebn e sotme n\u00eb Kuvend iu p\u00ebrgjigj akuzave t\u00eb opozit\u00ebs lidhur me Portin e ri t\u00eb Durr\u00ebsit, por dhe p\u00ebr amnistin\u00eb fiskale. Manja tha se ky projekt do t\u00eb diktoj\u00eb zhvillimin e ekonomis\u00eb shqiptare n\u00eb dekad\u00ebn q\u00eb vijon. \u201cM\u00eb 12 n\u00ebntor shqiptar\u00ebt n\u00eb Britani mbajt\u00ebn nj\u00eb protest\u00eb shum\u00eb dinjitoze, [&hellip;]<\/p>\n","protected":false,"gt_translate_keys":[{"key":"rendered","format":"html"}]},"author":30,"featured_media":561994,"comment_status":"closed","ping_status":"closed","sticky":false,"template":"","format":"standard","meta":{"footnotes":""},"categories":[65,13],"tags":[],"class_list":["post-561993","post","type-post","status-publish","format-standard","has-post-thumbnail","hentry","category-lajme","category-te-fundit"],"gt_translate_keys":[{"key":"link","format":"url"}],"_links":{"self":[{"href":"https:\/\/www.hashtag.al\/index.php\/wp-json\/wp\/v2\/posts\/561993","targetHints":{"allow":["GET"]}}],"collection":[{"href":"https:\/\/www.hashtag.al\/index.php\/wp-json\/wp\/v2\/posts"}],"about":[{"href":"https:\/\/www.hashtag.al\/index.php\/wp-json\/wp\/v2\/types\/post"}],"author":[{"embeddable":true,"href":"https:\/\/www.hashtag.al\/index.php\/wp-json\/wp\/v2\/users\/30"}],"replies":[{"embeddable":true,"href":"https:\/\/www.hashtag.al\/index.php\/wp-json\/wp\/v2\/comments?post=561993"}],"version-history":[{"count":0,"href":"https:\/\/www.hashtag.al\/index.php\/wp-json\/wp\/v2\/posts\/561993\/revisions"}],"wp:featuredmedia":[{"embeddable":true,"href":"https:\/\/www.hashtag.al\/index.php\/wp-json\/wp\/v2\/media\/561994"}],"wp:attachment":[{"href":"https:\/\/www.hashtag.al\/index.php\/wp-json\/wp\/v2\/media?parent=561993"}],"wp:term":[{"taxonomy":"category","embeddable":true,"href":"https:\/\/www.hashtag.al\/index.php\/wp-json\/wp\/v2\/categories?post=561993"},{"taxonomy":"post_tag","embeddable":true,"href":"https:\/\/www.hashtag.al\/index.php\/wp-json\/wp\/v2\/tags?post=561993"}],"curies":[{"name":"wp","href":"https:\/\/api.w.org\/{rel}","templated":true}]}}