{"id":561797,"date":"2022-11-16T18:25:12","date_gmt":"2022-11-16T17:25:12","guid":{"rendered":"https:\/\/www.hashtag.al\/?p=561797"},"modified":"2022-11-16T18:31:26","modified_gmt":"2022-11-16T17:31:26","slug":"rama-per-portin-e-durresit-maskaragjozlleqet-qe-thuhen-pasqyrojne-mallkimin-qe-na-ndjek-qe-nga-1912-ta","status":"publish","type":"post","link":"https:\/\/www.hashtag.al\/index.php\/2022\/11\/16\/rama-per-portin-e-durresit-maskaragjozlleqet-qe-thuhen-pasqyrojne-mallkimin-qe-na-ndjek-qe-nga-1912-ta\/","title":{"rendered":"Rama p\u00ebr Portin e Durr\u00ebsit: Maskaragjozll\u00ebqet q\u00eb thuhen pasqyrojn\u00eb mallkimin q\u00eb na ndjek q\u00eb nga 1912-ta","gt_translate_keys":[{"key":"rendered","format":"text"}]},"content":{"rendered":"<p><span style=\"color: #000000;\"><a style=\"color: #000000;\" href=\"https:\/\/www.hashtag.al\/wp-content\/uploads\/2022\/11\/Edi-rama-edi.jpg\"><img loading=\"lazy\" decoding=\"async\" class=\"aligncenter size-full wp-image-561799\" src=\"https:\/\/www.hashtag.al\/wp-content\/uploads\/2022\/11\/Edi-rama-edi.jpg\" alt=\"\" width=\"1620\" height=\"1080\" srcset=\"https:\/\/www.hashtag.al\/wp-content\/uploads\/2022\/11\/Edi-rama-edi.jpg 1620w, https:\/\/www.hashtag.al\/wp-content\/uploads\/2022\/11\/Edi-rama-edi-300x200.jpg 300w, https:\/\/www.hashtag.al\/wp-content\/uploads\/2022\/11\/Edi-rama-edi-1024x683.jpg 1024w, https:\/\/www.hashtag.al\/wp-content\/uploads\/2022\/11\/Edi-rama-edi-768x512.jpg 768w, https:\/\/www.hashtag.al\/wp-content\/uploads\/2022\/11\/Edi-rama-edi-1536x1024.jpg 1536w\" sizes=\"auto, (max-width: 1620px) 100vw, 1620px\" \/><\/a><\/span><\/p>\n<p><span style=\"color: #000000;\">Kryeministri Edi Rama ka adresuar p\u00ebrs\u00ebri akuzat e opozit\u00ebs lidhur me projektin p\u00ebr Portin e ri t\u00eb Durr\u00ebsit.<\/span><\/p>\n<p><span style=\"color: #000000;\">N\u00eb nj\u00eb postim n\u00eb \u201cTwitter\u201d, Rama shkruan se gj\u00ebrat q\u00eb po thuhen jan\u00eb \u201cpasqyr\u00eb e lig\u00ebsis\u00eb\u201d q\u00eb sipas tij e ndjek vendin ton\u00eb si nj\u00eb \u201cmallkin\u201d q\u00eb prej vitit 1912.<\/span><\/p>\n<p><span style=\"color: #000000;\"><em>\u201cNumri i maskaragjozll\u00ebqeve q\u00eb po thuhen p\u00ebr projektin madhor t\u00eb Portit Turistik t\u00eb Durr\u00ebsit, si edhe hap\u00ebsira e paan\u00eb mediatike n\u00eb dispozicion t\u00eb t\u00eb paudh\u00ebve q\u00eb po e luftojn\u00eb projektin si djalli temjanin, jan\u00eb pasqyra e lig\u00ebsis\u00eb q\u00eb e ndjek k\u00ebt\u00eb vend si mallkim qysh n\u00eb vitin 1912!\u201d-<\/em> shkruan kryeministri.<\/span><\/p>\n<p><span style=\"color: #000000;\"><a style=\"color: #000000;\" href=\"https:\/\/www.hashtag.al\/wp-content\/uploads\/2022\/11\/edi-rama-3.jpg\"><img loading=\"lazy\" decoding=\"async\" class=\"aligncenter size-full wp-image-561798\" src=\"https:\/\/www.hashtag.al\/wp-content\/uploads\/2022\/11\/edi-rama-3.jpg\" alt=\"\" width=\"592\" height=\"309\" srcset=\"https:\/\/www.hashtag.al\/wp-content\/uploads\/2022\/11\/edi-rama-3.jpg 592w, https:\/\/www.hashtag.al\/wp-content\/uploads\/2022\/11\/edi-rama-3-300x157.jpg 300w\" sizes=\"auto, (max-width: 592px) 100vw, 592px\" \/><\/a><\/span><\/p>\n<p><span style=\"color: #000000;\">K\u00ebt\u00eb t\u00eb m\u00ebrkur\u00eb Rama nga nj\u00eb takim me qytetar\u00ebt e Beratit foli p\u00ebr Portin e ri t\u00eb Durr\u00ebsit, ku tha se investimi n\u00eb k\u00ebt\u00eb port do t\u00eb ndryshoj\u00eb komplet pozicionin e klasifikimeve t\u00eb destinacioneve turistike t\u00eb mesdheut. Sipas tij, Porti turistik i Durr\u00ebsit do t\u00eb jet\u00eb nj\u00eb nga m\u00eb t\u00eb m\u00ebdhenjt\u00eb n\u00eb Mesdhe.<\/span><\/p>\n<p><span style=\"color: #000000;\"><em>\u201cE dyta, shikoni \u00e7far\u00eb ndodh k\u00ebto dit\u00eb, me investimin m\u00eb t\u00eb madh t\u00eb huaj, p\u00ebr transformimin e portit t\u00eb vjet\u00ebr, ndot\u00ebs t\u00eb Durr\u00ebsit, n\u00eb nj\u00eb port turistik, q\u00eb do t\u00eb jet\u00eb nj\u00eb nd\u00ebr m\u00eb t\u00eb m\u00ebdhenjt\u00eb n\u00eb mesdhe. Ai port do t\u00eb jet\u00eb nj\u00eb port\u00eb e madhe e hapur e nj\u00eb Shqip\u00ebri\u00eb q\u00eb do t\u00eb ndryshoj\u00eb komplet pozicionin e klasifikimeve e destinacioneve turistike t\u00eb mesdheut, nuk do t\u00eb jet\u00eb aktraktive vet\u00ebm p\u00ebr\u00a0t\u00eb ardhur te porti, por p\u00ebr t\u00eb shkuar m\u00eb thell\u00eb dhe p\u00ebr t\u00eb par\u00eb m\u00eb shum\u00eb.\u201d-<\/em> tha ai.<\/span><\/p>\n","protected":false,"gt_translate_keys":[{"key":"rendered","format":"html"}]},"excerpt":{"rendered":"<p>Kryeministri Edi Rama ka adresuar p\u00ebrs\u00ebri akuzat e opozit\u00ebs lidhur me projektin p\u00ebr Portin e ri t\u00eb Durr\u00ebsit. N\u00eb nj\u00eb postim n\u00eb \u201cTwitter\u201d, Rama shkruan se gj\u00ebrat q\u00eb po thuhen jan\u00eb \u201cpasqyr\u00eb e lig\u00ebsis\u00eb\u201d q\u00eb sipas tij e ndjek vendin ton\u00eb si nj\u00eb \u201cmallkin\u201d q\u00eb prej vitit 1912. \u201cNumri i maskaragjozll\u00ebqeve q\u00eb po thuhen p\u00ebr [&hellip;]<\/p>\n","protected":false,"gt_translate_keys":[{"key":"rendered","format":"html"}]},"author":30,"featured_media":561799,"comment_status":"closed","ping_status":"closed","sticky":false,"template":"","format":"standard","meta":{"footnotes":""},"categories":[65,13],"tags":[],"class_list":["post-561797","post","type-post","status-publish","format-standard","has-post-thumbnail","hentry","category-lajme","category-te-fundit"],"gt_translate_keys":[{"key":"link","format":"url"}],"_links":{"self":[{"href":"https:\/\/www.hashtag.al\/index.php\/wp-json\/wp\/v2\/posts\/561797","targetHints":{"allow":["GET"]}}],"collection":[{"href":"https:\/\/www.hashtag.al\/index.php\/wp-json\/wp\/v2\/posts"}],"about":[{"href":"https:\/\/www.hashtag.al\/index.php\/wp-json\/wp\/v2\/types\/post"}],"author":[{"embeddable":true,"href":"https:\/\/www.hashtag.al\/index.php\/wp-json\/wp\/v2\/users\/30"}],"replies":[{"embeddable":true,"href":"https:\/\/www.hashtag.al\/index.php\/wp-json\/wp\/v2\/comments?post=561797"}],"version-history":[{"count":0,"href":"https:\/\/www.hashtag.al\/index.php\/wp-json\/wp\/v2\/posts\/561797\/revisions"}],"wp:featuredmedia":[{"embeddable":true,"href":"https:\/\/www.hashtag.al\/index.php\/wp-json\/wp\/v2\/media\/561799"}],"wp:attachment":[{"href":"https:\/\/www.hashtag.al\/index.php\/wp-json\/wp\/v2\/media?parent=561797"}],"wp:term":[{"taxonomy":"category","embeddable":true,"href":"https:\/\/www.hashtag.al\/index.php\/wp-json\/wp\/v2\/categories?post=561797"},{"taxonomy":"post_tag","embeddable":true,"href":"https:\/\/www.hashtag.al\/index.php\/wp-json\/wp\/v2\/tags?post=561797"}],"curies":[{"name":"wp","href":"https:\/\/api.w.org\/{rel}","templated":true}]}}