{"id":561767,"date":"2022-11-16T15:18:53","date_gmt":"2022-11-16T14:18:53","guid":{"rendered":"https:\/\/www.hashtag.al\/?p=561767"},"modified":"2022-11-16T15:18:53","modified_gmt":"2022-11-16T14:18:53","slug":"kryemadhi-spak-kerkoi-mase-arresti-per-subashin-por-u-frenua-drejtesia-nuk-duhet-te-veproje-me-regji","status":"publish","type":"post","link":"https:\/\/www.hashtag.al\/index.php\/2022\/11\/16\/kryemadhi-spak-kerkoi-mase-arresti-per-subashin-por-u-frenua-drejtesia-nuk-duhet-te-veproje-me-regji\/","title":{"rendered":"Kryemadhi: SPAK k\u00ebrkoi mas\u00eb arresti p\u00ebr Subashin por u frenua, drejt\u00ebsia nuk duhet t\u00eb veproj\u00eb me regji","gt_translate_keys":[{"key":"rendered","format":"text"}]},"content":{"rendered":"<p><span style=\"color: #000000;\"><a style=\"color: #000000;\" href=\"https:\/\/www.hashtag.al\/wp-content\/uploads\/2022\/11\/kryemadhi-subashi.jpg\"><img loading=\"lazy\" decoding=\"async\" class=\"aligncenter size-full wp-image-561768\" src=\"https:\/\/www.hashtag.al\/wp-content\/uploads\/2022\/11\/kryemadhi-subashi.jpg\" alt=\"\" width=\"2000\" height=\"1000\" srcset=\"https:\/\/www.hashtag.al\/wp-content\/uploads\/2022\/11\/kryemadhi-subashi.jpg 2000w, https:\/\/www.hashtag.al\/wp-content\/uploads\/2022\/11\/kryemadhi-subashi-300x150.jpg 300w, https:\/\/www.hashtag.al\/wp-content\/uploads\/2022\/11\/kryemadhi-subashi-1024x512.jpg 1024w, https:\/\/www.hashtag.al\/wp-content\/uploads\/2022\/11\/kryemadhi-subashi-768x384.jpg 768w, https:\/\/www.hashtag.al\/wp-content\/uploads\/2022\/11\/kryemadhi-subashi-1536x768.jpg 1536w\" sizes=\"auto, (max-width: 2000px) 100vw, 2000px\" \/><\/a><\/span><\/p>\n<p><span style=\"color: #000000;\">Deputetja e Partis\u00eb s\u00eb Liris\u00eb, Monika Kryemadhi ka reaguar p\u00ebr aksionin e SPAK-ut lidhur me arrestimet p\u00ebr afer\u00ebn e incenerator\u00ebve.<\/span><\/p>\n<p><span style=\"color: #000000;\">Kryemadhi thekson se drejt\u00ebsia nuk duhet t\u00eb veproj\u00eb me regji dhe favorizime klienteliste.<\/span><\/p>\n<p><span style=\"color: #000000;\">Deputetja e PL-s\u00eb thot\u00eb se SPAK se para disa muajsh ka k\u00ebrkuar arrestimin e kryebashkiakut t\u00eb Fierit, Armando Subashi por \u00ebsht\u00eb frenuar.<\/span><\/p>\n<p><span style=\"color: #000000;\">Deformime t\u00eb nj\u00ebjta ndodhin edhe p\u00ebr t\u00eb shp\u00ebtuar Erion Veliajn.<\/span><\/p>\n<p><span style=\"color: #000000;\"><em>&#8220;P\u00ebrsh\u00ebndes veprimet e sotme p\u00ebr incenerator\u00ebt. Treguan se faktet q\u00eb kam b\u00ebr\u00eb publike jan\u00eb t\u00eb pamohueshme.<\/em><\/span><\/p>\n<p><span style=\"color: #000000;\"><em>Por, drejt\u00ebsia nuk duhet t\u00eb veproj\u00eb me regji dhe favorizime klienteliste!<\/em><\/span><\/p>\n<p><span style=\"color: #000000;\"><em>Burime t\u00eb besueshme tregojn\u00eb se para pak muajsh SPAK ka k\u00ebrkuar mas\u00eb arresti p\u00ebr Armando Subashin dhe \u00ebsht\u00eb frenuar. I njejti deformim po ndodh p\u00ebr hetimet e inceneratorit t\u00eb Tiran\u00ebs, p\u00ebr t\u00eb shp\u00ebtuar Erion Veliajn dhe kokat e v\u00ebrteta t\u00eb afer\u00ebs s\u00eb incenerator\u00ebve.<\/em><\/span><\/p>\n<p><span style=\"color: #000000;\"><em>SPAK duhet t\u00eb godas\u00eb n\u00eb shenj\u00eb p\u00ebr incenerator\u00ebt, mos t\u00eb drejtohet sipas sulmeve q\u00eb vijn\u00eb nga kongresi i partis\u00eb.<\/em><\/span><\/p>\n<p><span style=\"color: #000000;\"><em>Po monitorojm\u00eb \u00e7do veprim t\u00eb autoriteteve p\u00ebr incenerator\u00ebt dhe do t\u00eb b\u00ebjm\u00eb \u00e7do gj\u00eb q\u00eb t\u00eb korruptuarit e qeveris\u00eb t\u00eb njohin ligjin, nd\u00ebrsa parat\u00eb dhe pronat publike t\u2019i kthehen<\/em> shqiptar\u00ebve&#8221;-shkruan Kryemadhi.<\/span><\/p>\n","protected":false,"gt_translate_keys":[{"key":"rendered","format":"html"}]},"excerpt":{"rendered":"<p>Deputetja e Partis\u00eb s\u00eb Liris\u00eb, Monika Kryemadhi ka reaguar p\u00ebr aksionin e SPAK-ut lidhur me arrestimet p\u00ebr afer\u00ebn e incenerator\u00ebve. Kryemadhi thekson se drejt\u00ebsia nuk duhet t\u00eb veproj\u00eb me regji dhe favorizime klienteliste. Deputetja e PL-s\u00eb thot\u00eb se SPAK se para disa muajsh ka k\u00ebrkuar arrestimin e kryebashkiakut t\u00eb Fierit, Armando Subashi por \u00ebsht\u00eb frenuar. [&hellip;]<\/p>\n","protected":false,"gt_translate_keys":[{"key":"rendered","format":"html"}]},"author":32,"featured_media":561768,"comment_status":"closed","ping_status":"closed","sticky":false,"template":"","format":"standard","meta":{"footnotes":""},"categories":[65,13],"tags":[],"class_list":["post-561767","post","type-post","status-publish","format-standard","has-post-thumbnail","hentry","category-lajme","category-te-fundit"],"gt_translate_keys":[{"key":"link","format":"url"}],"_links":{"self":[{"href":"https:\/\/www.hashtag.al\/index.php\/wp-json\/wp\/v2\/posts\/561767","targetHints":{"allow":["GET"]}}],"collection":[{"href":"https:\/\/www.hashtag.al\/index.php\/wp-json\/wp\/v2\/posts"}],"about":[{"href":"https:\/\/www.hashtag.al\/index.php\/wp-json\/wp\/v2\/types\/post"}],"author":[{"embeddable":true,"href":"https:\/\/www.hashtag.al\/index.php\/wp-json\/wp\/v2\/users\/32"}],"replies":[{"embeddable":true,"href":"https:\/\/www.hashtag.al\/index.php\/wp-json\/wp\/v2\/comments?post=561767"}],"version-history":[{"count":0,"href":"https:\/\/www.hashtag.al\/index.php\/wp-json\/wp\/v2\/posts\/561767\/revisions"}],"wp:featuredmedia":[{"embeddable":true,"href":"https:\/\/www.hashtag.al\/index.php\/wp-json\/wp\/v2\/media\/561768"}],"wp:attachment":[{"href":"https:\/\/www.hashtag.al\/index.php\/wp-json\/wp\/v2\/media?parent=561767"}],"wp:term":[{"taxonomy":"category","embeddable":true,"href":"https:\/\/www.hashtag.al\/index.php\/wp-json\/wp\/v2\/categories?post=561767"},{"taxonomy":"post_tag","embeddable":true,"href":"https:\/\/www.hashtag.al\/index.php\/wp-json\/wp\/v2\/tags?post=561767"}],"curies":[{"name":"wp","href":"https:\/\/api.w.org\/{rel}","templated":true}]}}