{"id":561753,"date":"2022-11-16T14:23:36","date_gmt":"2022-11-16T13:23:36","guid":{"rendered":"https:\/\/www.hashtag.al\/?p=561753"},"modified":"2022-11-16T14:23:36","modified_gmt":"2022-11-16T13:23:36","slug":"dyshohet-se-vodhi-nje-automjet-policia-arreston-35-vjecarin-ne-kurbin","status":"publish","type":"post","link":"https:\/\/www.hashtag.al\/index.php\/2022\/11\/16\/dyshohet-se-vodhi-nje-automjet-policia-arreston-35-vjecarin-ne-kurbin\/","title":{"rendered":"Dyshohet se vodhi nj\u00eb automjet, policia arreston 35-vje\u00e7arin n\u00eb Kurbin","gt_translate_keys":[{"key":"rendered","format":"text"}]},"content":{"rendered":"<p><span style=\"color: #000000;\"><a style=\"color: #000000;\" href=\"https:\/\/www.hashtag.al\/wp-content\/uploads\/2022\/11\/makina-e-vjedhur.jpg\"><img loading=\"lazy\" decoding=\"async\" class=\"aligncenter size-full wp-image-561754\" src=\"https:\/\/www.hashtag.al\/wp-content\/uploads\/2022\/11\/makina-e-vjedhur.jpg\" alt=\"\" width=\"958\" height=\"720\" srcset=\"https:\/\/www.hashtag.al\/wp-content\/uploads\/2022\/11\/makina-e-vjedhur.jpg 958w, https:\/\/www.hashtag.al\/wp-content\/uploads\/2022\/11\/makina-e-vjedhur-300x225.jpg 300w, https:\/\/www.hashtag.al\/wp-content\/uploads\/2022\/11\/makina-e-vjedhur-768x577.jpg 768w\" sizes=\"auto, (max-width: 958px) 100vw, 958px\" \/><\/a><\/span><\/p>\n<p><span style=\"color: #000000;\">Nj\u00eb 35-vje\u00e7ar \u00ebsht\u00eb arrestuar nga Policia e Kurbinit pasi dyshohet se vodhi gjat\u00eb nat\u00ebs nj\u00eb automjet.<\/span><\/p>\n<p><span style=\"color: #000000;\">Policia gjithashtu ka gjetur edhe automjetin e vjedhur.<\/span><\/p>\n<p><span style=\"color: #000000;\">I arrestuari shtetasi, A.P ka qen\u00eb me precedent t\u00eb m\u00ebparsh\u00ebm kriminal, po p\u00ebr vjedhje.<\/span><\/p>\n<p><span style=\"color: #000000;\">\u201c<em>Specialist\u00ebt p\u00ebr Hetimin e Krimeve t\u00eb Komisariatit t\u00eb Policis\u00eb Kurbin, sapo jan\u00eb njoftuar se n\u00eb Fush\u00eb Milot, ishte vjedhur automjeti i parkuar i nj\u00eb shtetasi, kan\u00eb organizuar menj\u00ebher\u00eb pun\u00ebn p\u00ebr identifikimin dhe kapjen e autorit t\u00eb vjedhjes dhe mb\u00ebshtetur nga inteligjenca informative, kan\u00eb finalizuar operacionin policor t\u00eb koduar \u201cNdjekja\u201d, si rezultat i t\u00eb cilit u vu n\u00eb pranga shtetasi:<\/em><\/span><\/p>\n<p><span style=\"color: #000000;\"><em>\u2013 A. P., 35 vje\u00e7, banues n\u00eb Kurbin, p\u00ebr vepr\u00ebn penale \u201cVjedhja\u201d, pasi dyshohet se gjat\u00ebs nat\u00ebs, n\u00eb Fush\u00eb Milot, ka vjedhur automjetin e nj\u00eb shtetasi, t\u00eb cilin ky i fundit e kishte parkuar n\u00eb af\u00ebrsi t\u00eb banes\u00ebs s\u00eb tij. Nga verifikimet p\u00ebr k\u00ebt\u00eb rast, ka rezultuar se 35-vje\u00e7ari ishte p\u00ebrs\u00ebrit\u00ebs p\u00ebr veprimtari kriminale n\u00eb fush\u00ebn e vjedhjeve.<\/em><\/span><\/p>\n<p><span style=\"color: #000000;\"><em>Sh\u00ebrbimet e Policis\u00eb, n\u00eb vijim t\u00eb veprimeve n\u00eb kuad\u00ebr t\u00eb operacionit \u201cNdjekja\u201d, kan\u00eb lokalizuar dhe gjetur n\u00eb fshatin Gorre, automjetin e vjedhur nga shtetasi A. P<\/em>\u201d-njofton policia.<\/span><\/p>\n<p>&nbsp;<\/p>\n","protected":false,"gt_translate_keys":[{"key":"rendered","format":"html"}]},"excerpt":{"rendered":"<p>Nj\u00eb 35-vje\u00e7ar \u00ebsht\u00eb arrestuar nga Policia e Kurbinit pasi dyshohet se vodhi gjat\u00eb nat\u00ebs nj\u00eb automjet. Policia gjithashtu ka gjetur edhe automjetin e vjedhur. I arrestuari shtetasi, A.P ka qen\u00eb me precedent t\u00eb m\u00ebparsh\u00ebm kriminal, po p\u00ebr vjedhje. \u201cSpecialist\u00ebt p\u00ebr Hetimin e Krimeve t\u00eb Komisariatit t\u00eb Policis\u00eb Kurbin, sapo jan\u00eb njoftuar se n\u00eb Fush\u00eb Milot, [&hellip;]<\/p>\n","protected":false,"gt_translate_keys":[{"key":"rendered","format":"html"}]},"author":32,"featured_media":561754,"comment_status":"closed","ping_status":"closed","sticky":false,"template":"","format":"standard","meta":{"footnotes":""},"categories":[65,13],"tags":[],"class_list":["post-561753","post","type-post","status-publish","format-standard","has-post-thumbnail","hentry","category-lajme","category-te-fundit"],"gt_translate_keys":[{"key":"link","format":"url"}],"_links":{"self":[{"href":"https:\/\/www.hashtag.al\/index.php\/wp-json\/wp\/v2\/posts\/561753","targetHints":{"allow":["GET"]}}],"collection":[{"href":"https:\/\/www.hashtag.al\/index.php\/wp-json\/wp\/v2\/posts"}],"about":[{"href":"https:\/\/www.hashtag.al\/index.php\/wp-json\/wp\/v2\/types\/post"}],"author":[{"embeddable":true,"href":"https:\/\/www.hashtag.al\/index.php\/wp-json\/wp\/v2\/users\/32"}],"replies":[{"embeddable":true,"href":"https:\/\/www.hashtag.al\/index.php\/wp-json\/wp\/v2\/comments?post=561753"}],"version-history":[{"count":0,"href":"https:\/\/www.hashtag.al\/index.php\/wp-json\/wp\/v2\/posts\/561753\/revisions"}],"wp:featuredmedia":[{"embeddable":true,"href":"https:\/\/www.hashtag.al\/index.php\/wp-json\/wp\/v2\/media\/561754"}],"wp:attachment":[{"href":"https:\/\/www.hashtag.al\/index.php\/wp-json\/wp\/v2\/media?parent=561753"}],"wp:term":[{"taxonomy":"category","embeddable":true,"href":"https:\/\/www.hashtag.al\/index.php\/wp-json\/wp\/v2\/categories?post=561753"},{"taxonomy":"post_tag","embeddable":true,"href":"https:\/\/www.hashtag.al\/index.php\/wp-json\/wp\/v2\/tags?post=561753"}],"curies":[{"name":"wp","href":"https:\/\/api.w.org\/{rel}","templated":true}]}}