{"id":561745,"date":"2022-11-16T13:07:32","date_gmt":"2022-11-16T12:07:32","guid":{"rendered":"https:\/\/www.hashtag.al\/?p=561745"},"modified":"2022-11-16T13:07:32","modified_gmt":"2022-11-16T12:07:32","slug":"arrestimet-e-spak-paloka-rama-kerkon-te-heqe-vemendjen-nga-porti-i-durresit","status":"publish","type":"post","link":"https:\/\/www.hashtag.al\/index.php\/2022\/11\/16\/arrestimet-e-spak-paloka-rama-kerkon-te-heqe-vemendjen-nga-porti-i-durresit\/","title":{"rendered":"Arrestimet e SPAK, Paloka: Rama k\u00ebrkon t\u00eb heq\u00eb v\u00ebmendjen nga Porti i Durr\u00ebsit","gt_translate_keys":[{"key":"rendered","format":"text"}]},"content":{"rendered":"<p><span style=\"color: #000000;\"><a href=\"https:\/\/www.hashtag.al\/wp-content\/uploads\/2018\/11\/palokarama.jpg\"><img loading=\"lazy\" decoding=\"async\" class=\"aligncenter size-full wp-image-247750\" src=\"https:\/\/www.hashtag.al\/wp-content\/uploads\/2018\/11\/palokarama.jpg\" alt=\"\" width=\"1921\" height=\"1304\" srcset=\"https:\/\/www.hashtag.al\/wp-content\/uploads\/2018\/11\/palokarama.jpg 1921w, https:\/\/www.hashtag.al\/wp-content\/uploads\/2018\/11\/palokarama-300x204.jpg 300w, https:\/\/www.hashtag.al\/wp-content\/uploads\/2018\/11\/palokarama-768x521.jpg 768w, https:\/\/www.hashtag.al\/wp-content\/uploads\/2018\/11\/palokarama-1024x695.jpg 1024w\" sizes=\"auto, (max-width: 1921px) 100vw, 1921px\" \/><\/a>Deputeti i Partis\u00eb Demokratike, Edi Paloka, ka reaguar pas arrestimeve p\u00ebr inceneratorin e Fierit. <\/span><\/p>\n<p><span style=\"color: #000000;\"> N\u00eb nj\u00eb reagim n\u00eb Facebook, Paloka shkruan se SPAK dhe kryeministri i vendit, po t\u00ebrheqin v\u00ebmendjen nga projekti p\u00ebr Portin e Durr\u00ebsit.<\/span><\/p>\n<p><span style=\"color: #000000;\">\u201c<em>Me \u201carrestimet\u201d per inceneratoret, SKAP-i bashke me Ramziun , po kerkojne te terheqin sadopak vemendjen nga nje vjedhje edhe me e madhe qe eshte duke ndodhur, ate te Portit te Durresit. Vetem kjo i ka mbetur te beje, perpiqet te shuaje zhurrmen e nje vjedhjeje te madhe me nje vjedhje gjigande. Nderkohe ata qe i japin fleta lavderimi SPAK-ut, qe gjejne qimen ne veze tek opozita, nuk arrijne te shohin traun qe ju ka hyre ne sy\u2026Ne fakt , thjeshte bejne sikur nuk shohin!<\/em>\u201d, shkruan Paloka.<\/span><\/p>\n","protected":false,"gt_translate_keys":[{"key":"rendered","format":"html"}]},"excerpt":{"rendered":"<p>Deputeti i Partis\u00eb Demokratike, Edi Paloka, ka reaguar pas arrestimeve p\u00ebr inceneratorin e Fierit. N\u00eb nj\u00eb reagim n\u00eb Facebook, Paloka shkruan se SPAK dhe kryeministri i vendit, po t\u00ebrheqin v\u00ebmendjen nga projekti p\u00ebr Portin e Durr\u00ebsit. \u201cMe \u201carrestimet\u201d per inceneratoret, SKAP-i bashke me Ramziun , po kerkojne te terheqin sadopak vemendjen nga nje vjedhje edhe [&hellip;]<\/p>\n","protected":false,"gt_translate_keys":[{"key":"rendered","format":"html"}]},"author":32,"featured_media":247750,"comment_status":"closed","ping_status":"closed","sticky":false,"template":"","format":"standard","meta":{"footnotes":""},"categories":[65,13],"tags":[],"class_list":["post-561745","post","type-post","status-publish","format-standard","has-post-thumbnail","hentry","category-lajme","category-te-fundit"],"gt_translate_keys":[{"key":"link","format":"url"}],"_links":{"self":[{"href":"https:\/\/www.hashtag.al\/index.php\/wp-json\/wp\/v2\/posts\/561745","targetHints":{"allow":["GET"]}}],"collection":[{"href":"https:\/\/www.hashtag.al\/index.php\/wp-json\/wp\/v2\/posts"}],"about":[{"href":"https:\/\/www.hashtag.al\/index.php\/wp-json\/wp\/v2\/types\/post"}],"author":[{"embeddable":true,"href":"https:\/\/www.hashtag.al\/index.php\/wp-json\/wp\/v2\/users\/32"}],"replies":[{"embeddable":true,"href":"https:\/\/www.hashtag.al\/index.php\/wp-json\/wp\/v2\/comments?post=561745"}],"version-history":[{"count":0,"href":"https:\/\/www.hashtag.al\/index.php\/wp-json\/wp\/v2\/posts\/561745\/revisions"}],"wp:featuredmedia":[{"embeddable":true,"href":"https:\/\/www.hashtag.al\/index.php\/wp-json\/wp\/v2\/media\/247750"}],"wp:attachment":[{"href":"https:\/\/www.hashtag.al\/index.php\/wp-json\/wp\/v2\/media?parent=561745"}],"wp:term":[{"taxonomy":"category","embeddable":true,"href":"https:\/\/www.hashtag.al\/index.php\/wp-json\/wp\/v2\/categories?post=561745"},{"taxonomy":"post_tag","embeddable":true,"href":"https:\/\/www.hashtag.al\/index.php\/wp-json\/wp\/v2\/tags?post=561745"}],"curies":[{"name":"wp","href":"https:\/\/api.w.org\/{rel}","templated":true}]}}