{"id":560951,"date":"2022-11-12T17:13:06","date_gmt":"2022-11-12T16:13:06","guid":{"rendered":"https:\/\/www.hashtag.al\/?p=560951"},"modified":"2022-11-12T17:31:47","modified_gmt":"2022-11-12T16:31:47","slug":"na-kane-fikur-dritat-ne-bulevard-qe-te-mos-shihet-sa-jemi-organizatoret-e-protestes","status":"publish","type":"post","link":"https:\/\/www.hashtag.al\/index.php\/2022\/11\/12\/na-kane-fikur-dritat-ne-bulevard-qe-te-mos-shihet-sa-jemi-organizatoret-e-protestes\/","title":{"rendered":"\u201cNa kan\u00eb fikur dritat n\u00eb Bulevard q\u00eb t\u00eb mos shihet sa jemi\u201d- Organizator\u00ebt e Protest\u00ebs","gt_translate_keys":[{"key":"rendered","format":"text"}]},"content":{"rendered":"<p><span style=\"color: #000000;\"><a href=\"https:\/\/www.hashtag.al\/wp-content\/uploads\/2022\/11\/protestee.png\"><img loading=\"lazy\" decoding=\"async\" class=\"aligncenter size-full wp-image-560952\" src=\"https:\/\/www.hashtag.al\/wp-content\/uploads\/2022\/11\/protestee.png\" alt=\"\" width=\"1600\" height=\"1065\" srcset=\"https:\/\/www.hashtag.al\/wp-content\/uploads\/2022\/11\/protestee.png 1600w, https:\/\/www.hashtag.al\/wp-content\/uploads\/2022\/11\/protestee-300x200.png 300w, https:\/\/www.hashtag.al\/wp-content\/uploads\/2022\/11\/protestee-1024x682.png 1024w, https:\/\/www.hashtag.al\/wp-content\/uploads\/2022\/11\/protestee-768x511.png 768w, https:\/\/www.hashtag.al\/wp-content\/uploads\/2022\/11\/protestee-1536x1022.png 1536w\" sizes=\"auto, (max-width: 1600px) 100vw, 1600px\" \/><\/a><\/span><\/p>\n<p><span style=\"color: #000000;\">Jan\u00eb fikur dritat p\u00ebrgjat\u00eb Bulevardit D\u00ebshmor\u00ebt e Kombit, nga Sheshi Sk\u00ebnderbej tek Kryeministria ku po protestohet.<\/span><\/p>\n<p><span style=\"color: #000000;\">Nj\u00eb nga organizator\u00ebt e protest\u00ebs s\u00eb opozit\u00ebs s\u00eb bashkuar akuzoi qeverin\u00eb se i kan\u00eb fikur dritat q\u00ebllimisht q\u00eb t\u00eb mos duket se sa shum\u00eb qytetar\u00eb jan\u00eb mbledhur n\u00eb protest\u00eb.<\/span><\/p>\n<p><span style=\"color: #000000;\"><em>\u201cBalluku dhe Rama ka kan\u00eb fikur dritat nga ura drejt Sheshit Skenderbej, se nuk duan qe te shihet se sa jemi. Ju lutem, ndizni telefonat. Ta shofin v\u00ebrtet\u00eb se sa jemi n\u00eb k\u00ebt\u00eb shesh. T\u00eb gjith\u00eb deri te Sheshi Sk\u00ebnderbej. Ndizni dritat, Ndizni dritat!<\/em>\u201d- tha nj\u00eb prej organizator\u00ebve. Bulevardi m\u00eb pas u ndri\u00e7ua nga dritat e celular\u00ebve.<\/span><\/p>\n<p><a href=\"https:\/\/www.hashtag.al\/wp-content\/uploads\/2022\/11\/drit.jpg\"><img loading=\"lazy\" decoding=\"async\" class=\"aligncenter size-full wp-image-560953\" src=\"https:\/\/www.hashtag.al\/wp-content\/uploads\/2022\/11\/drit.jpg\" alt=\"\" width=\"753\" height=\"323\" \/><\/a><a href=\"https:\/\/www.hashtag.al\/wp-content\/uploads\/2022\/11\/drt.jpg\"><img loading=\"lazy\" decoding=\"async\" class=\"aligncenter size-full wp-image-560954\" src=\"https:\/\/www.hashtag.al\/wp-content\/uploads\/2022\/11\/drt.jpg\" alt=\"\" width=\"737\" height=\"310\" srcset=\"https:\/\/www.hashtag.al\/wp-content\/uploads\/2022\/11\/drt.jpg 737w, https:\/\/www.hashtag.al\/wp-content\/uploads\/2022\/11\/drt-300x126.jpg 300w\" sizes=\"auto, (max-width: 737px) 100vw, 737px\" \/><\/a><\/p>\n","protected":false,"gt_translate_keys":[{"key":"rendered","format":"html"}]},"excerpt":{"rendered":"<p>Jan\u00eb fikur dritat p\u00ebrgjat\u00eb Bulevardit D\u00ebshmor\u00ebt e Kombit, nga Sheshi Sk\u00ebnderbej tek Kryeministria ku po protestohet. Nj\u00eb nga organizator\u00ebt e protest\u00ebs s\u00eb opozit\u00ebs s\u00eb bashkuar akuzoi qeverin\u00eb se i kan\u00eb fikur dritat q\u00ebllimisht q\u00eb t\u00eb mos duket se sa shum\u00eb qytetar\u00eb jan\u00eb mbledhur n\u00eb protest\u00eb. \u201cBalluku dhe Rama ka kan\u00eb fikur dritat nga ura drejt [&hellip;]<\/p>\n","protected":false,"gt_translate_keys":[{"key":"rendered","format":"html"}]},"author":30,"featured_media":560952,"comment_status":"closed","ping_status":"closed","sticky":false,"template":"","format":"standard","meta":{"footnotes":""},"categories":[65,13],"tags":[],"class_list":["post-560951","post","type-post","status-publish","format-standard","has-post-thumbnail","hentry","category-lajme","category-te-fundit"],"gt_translate_keys":[{"key":"link","format":"url"}],"_links":{"self":[{"href":"https:\/\/www.hashtag.al\/index.php\/wp-json\/wp\/v2\/posts\/560951","targetHints":{"allow":["GET"]}}],"collection":[{"href":"https:\/\/www.hashtag.al\/index.php\/wp-json\/wp\/v2\/posts"}],"about":[{"href":"https:\/\/www.hashtag.al\/index.php\/wp-json\/wp\/v2\/types\/post"}],"author":[{"embeddable":true,"href":"https:\/\/www.hashtag.al\/index.php\/wp-json\/wp\/v2\/users\/30"}],"replies":[{"embeddable":true,"href":"https:\/\/www.hashtag.al\/index.php\/wp-json\/wp\/v2\/comments?post=560951"}],"version-history":[{"count":0,"href":"https:\/\/www.hashtag.al\/index.php\/wp-json\/wp\/v2\/posts\/560951\/revisions"}],"wp:featuredmedia":[{"embeddable":true,"href":"https:\/\/www.hashtag.al\/index.php\/wp-json\/wp\/v2\/media\/560952"}],"wp:attachment":[{"href":"https:\/\/www.hashtag.al\/index.php\/wp-json\/wp\/v2\/media?parent=560951"}],"wp:term":[{"taxonomy":"category","embeddable":true,"href":"https:\/\/www.hashtag.al\/index.php\/wp-json\/wp\/v2\/categories?post=560951"},{"taxonomy":"post_tag","embeddable":true,"href":"https:\/\/www.hashtag.al\/index.php\/wp-json\/wp\/v2\/tags?post=560951"}],"curies":[{"name":"wp","href":"https:\/\/api.w.org\/{rel}","templated":true}]}}