{"id":560869,"date":"2022-11-12T12:13:47","date_gmt":"2022-11-12T11:13:47","guid":{"rendered":"https:\/\/www.hashtag.al\/?p=560869"},"modified":"2022-11-12T12:13:47","modified_gmt":"2022-11-12T11:13:47","slug":"opozita-mban-sot-protesten-kryeministria-blindon-dyert","status":"publish","type":"post","link":"https:\/\/www.hashtag.al\/index.php\/2022\/11\/12\/opozita-mban-sot-protesten-kryeministria-blindon-dyert\/","title":{"rendered":"Opozita mban sot protest\u00ebn, kryeministria blindon dyert","gt_translate_keys":[{"key":"rendered","format":"text"}]},"content":{"rendered":"<p><span style=\"color: #000000;\"><a style=\"color: #000000;\" href=\"https:\/\/www.hashtag.al\/wp-content\/uploads\/2022\/11\/kryeministriaaaa-1280x720-1.jpg\"><img loading=\"lazy\" decoding=\"async\" class=\"aligncenter size-full wp-image-560870\" src=\"https:\/\/www.hashtag.al\/wp-content\/uploads\/2022\/11\/kryeministriaaaa-1280x720-1.jpg\" alt=\"\" width=\"1280\" height=\"720\" srcset=\"https:\/\/www.hashtag.al\/wp-content\/uploads\/2022\/11\/kryeministriaaaa-1280x720-1.jpg 1280w, https:\/\/www.hashtag.al\/wp-content\/uploads\/2022\/11\/kryeministriaaaa-1280x720-1-300x169.jpg 300w, https:\/\/www.hashtag.al\/wp-content\/uploads\/2022\/11\/kryeministriaaaa-1280x720-1-1024x576.jpg 1024w, https:\/\/www.hashtag.al\/wp-content\/uploads\/2022\/11\/kryeministriaaaa-1280x720-1-768x432.jpg 768w\" sizes=\"auto, (max-width: 1280px) 100vw, 1280px\" \/><\/a><\/span><\/p>\n<p><span style=\"color: #000000;\">Opozita mban sot pasdite n\u00eb or\u00ebn 16:00 protest\u00ebn komb\u00ebtare.<\/span><\/p>\n<p><span style=\"color: #000000;\">Nd\u00ebrsa kreu i PD-s\u00eb Sali Berisha u shpreh dje se do t\u00eb p\u00ebrdor\u00eb t\u00eb gjitha metodat e mosbindjes civile, por pa specifikuar detaje, n\u00eb godin\u00ebn e Kryeministris\u00eb jan\u00eb marr\u00eb masat paraprake.<\/span><\/p>\n<p><span style=\"color: #000000;\">Dyert e saj jan\u00eb blinduar, ashtu si\u00e7 \u00ebsht\u00eb vepruar sa her\u00eb q\u00eb ka pasur organizime tubimesh.<\/span><\/p>\n<p><span style=\"color: #000000;\">Po ashtu edhe Policia e Shtetit \u00ebsht\u00eb n\u00eb gatishm\u00ebri, nd\u00ebrsa pas or\u00ebs 15:00 do t\u00eb bllokohen edhe disa akse rrugore.<\/span><\/p>\n<p><span style=\"color: #000000;\">\u201cBulevardi \u201cD\u00ebshmor\u00ebt e Kombit\u201d, sheshi \u201cN\u00ebn\u00eb Tereza\u201d, rruga \u201cIsmail Qemali\u201d, nga kryq\u00ebzimi i rrug\u00ebs s\u00eb Elbasanit me rrug\u00ebn \u201cIbrahim Rugova\u201d, rruga \u201cPapa Gjon Pali II\u201d, bulevardi \u201cZhan D\u2019Ark\u201d dhe bulevardi \u201cBajram Curri\u201d, nga kryq\u00ebzimi i Rrug\u00ebs s\u00eb Elbasanit me rrug\u00ebn \u201cIbrahim Rugova\u201d\u201d, njoftoi policia.<\/span><\/p>\n","protected":false,"gt_translate_keys":[{"key":"rendered","format":"html"}]},"excerpt":{"rendered":"<p>Opozita mban sot pasdite n\u00eb or\u00ebn 16:00 protest\u00ebn komb\u00ebtare. Nd\u00ebrsa kreu i PD-s\u00eb Sali Berisha u shpreh dje se do t\u00eb p\u00ebrdor\u00eb t\u00eb gjitha metodat e mosbindjes civile, por pa specifikuar detaje, n\u00eb godin\u00ebn e Kryeministris\u00eb jan\u00eb marr\u00eb masat paraprake. Dyert e saj jan\u00eb blinduar, ashtu si\u00e7 \u00ebsht\u00eb vepruar sa her\u00eb q\u00eb ka pasur organizime [&hellip;]<\/p>\n","protected":false,"gt_translate_keys":[{"key":"rendered","format":"html"}]},"author":32,"featured_media":560870,"comment_status":"closed","ping_status":"closed","sticky":false,"template":"","format":"standard","meta":{"footnotes":""},"categories":[65,13],"tags":[],"class_list":["post-560869","post","type-post","status-publish","format-standard","has-post-thumbnail","hentry","category-lajme","category-te-fundit"],"gt_translate_keys":[{"key":"link","format":"url"}],"_links":{"self":[{"href":"https:\/\/www.hashtag.al\/index.php\/wp-json\/wp\/v2\/posts\/560869","targetHints":{"allow":["GET"]}}],"collection":[{"href":"https:\/\/www.hashtag.al\/index.php\/wp-json\/wp\/v2\/posts"}],"about":[{"href":"https:\/\/www.hashtag.al\/index.php\/wp-json\/wp\/v2\/types\/post"}],"author":[{"embeddable":true,"href":"https:\/\/www.hashtag.al\/index.php\/wp-json\/wp\/v2\/users\/32"}],"replies":[{"embeddable":true,"href":"https:\/\/www.hashtag.al\/index.php\/wp-json\/wp\/v2\/comments?post=560869"}],"version-history":[{"count":0,"href":"https:\/\/www.hashtag.al\/index.php\/wp-json\/wp\/v2\/posts\/560869\/revisions"}],"wp:featuredmedia":[{"embeddable":true,"href":"https:\/\/www.hashtag.al\/index.php\/wp-json\/wp\/v2\/media\/560870"}],"wp:attachment":[{"href":"https:\/\/www.hashtag.al\/index.php\/wp-json\/wp\/v2\/media?parent=560869"}],"wp:term":[{"taxonomy":"category","embeddable":true,"href":"https:\/\/www.hashtag.al\/index.php\/wp-json\/wp\/v2\/categories?post=560869"},{"taxonomy":"post_tag","embeddable":true,"href":"https:\/\/www.hashtag.al\/index.php\/wp-json\/wp\/v2\/tags?post=560869"}],"curies":[{"name":"wp","href":"https:\/\/api.w.org\/{rel}","templated":true}]}}