{"id":559948,"date":"2022-11-07T20:39:14","date_gmt":"2022-11-07T19:39:14","guid":{"rendered":"https:\/\/www.hashtag.al\/?p=559948"},"modified":"2022-11-07T20:39:14","modified_gmt":"2022-11-07T19:39:14","slug":"11-ish-peshkope-franceze-akuzohen-per-ngacmime-seksuale-mes-tyre-kardinali-i-emeruar-nga-papa-francesku","status":"publish","type":"post","link":"https:\/\/www.hashtag.al\/index.php\/2022\/11\/07\/11-ish-peshkope-franceze-akuzohen-per-ngacmime-seksuale-mes-tyre-kardinali-i-emeruar-nga-papa-francesku\/","title":{"rendered":"11 ish-peshkop\u00eb francez\u00eb akuzohen p\u00ebr ngacmime seksuale mes tyre kardinali i em\u00ebruar nga Papa Fran\u00e7esku","gt_translate_keys":[{"key":"rendered","format":"text"}]},"content":{"rendered":"<p><span style=\"color: #000000;\"><a href=\"https:\/\/www.hashtag.al\/wp-content\/uploads\/2022\/11\/french-bishop.jpg\"><img loading=\"lazy\" decoding=\"async\" class=\"aligncenter size-full wp-image-559949\" src=\"https:\/\/www.hashtag.al\/wp-content\/uploads\/2022\/11\/french-bishop.jpg\" alt=\"\" width=\"1230\" height=\"757\" srcset=\"https:\/\/www.hashtag.al\/wp-content\/uploads\/2022\/11\/french-bishop.jpg 1230w, https:\/\/www.hashtag.al\/wp-content\/uploads\/2022\/11\/french-bishop-300x185.jpg 300w, https:\/\/www.hashtag.al\/wp-content\/uploads\/2022\/11\/french-bishop-1024x630.jpg 1024w, https:\/\/www.hashtag.al\/wp-content\/uploads\/2022\/11\/french-bishop-768x473.jpg 768w\" sizes=\"auto, (max-width: 1230px) 100vw, 1230px\" \/><\/a><\/span><\/p>\n<p><span style=\"color: #000000;\">Kisha Katolike e Franc\u00ebs zbuloi t\u00eb h\u00ebn\u00ebn se 11 ish-peshkop\u00eb francez\u00eb ose n\u00eb sh\u00ebrbim jan\u00eb akuzuar p\u00ebr dhun\u00eb seksuale, duke p\u00ebrfshir\u00eb nj\u00eb kardinal q\u00eb pranoi se kishte ngacmuar nj\u00eb vajz\u00eb dekada m\u00eb par\u00eb.<\/span><\/p>\n<p><span style=\"color: #000000;\">N\u00eb nj\u00eb zbulim shokues, presidenti i Konferenc\u00ebs s\u00eb Peshkop\u00ebve t\u00eb Franc\u00ebs, Eric de Moulins-Beaufort, u tha gazetar\u00ebve se disa nga zyrtar\u00ebt e lart\u00eb t\u00eb kish\u00ebs u p\u00ebrball\u00ebn me ndjekje penale, ose nj\u00eb gjykim kishtar, ose t\u00eb dyja bashk\u00eb.<\/span><\/p>\n<p><span style=\"color: #000000;\">Midis tyre \u00ebsht\u00eb Jean-Pierre Ricard, nj\u00eb peshkop i vjet\u00ebr i Bordos\u00eb, i cili u b\u00eb kardinal nga Papa Fran\u00e7esku n\u00eb vitin 2016 dhe i cili kishte pranuar nj\u00eb akt &#8220;t\u00eb pahijsh\u00ebm&#8221; ndaj nj\u00eb 14-vje\u00e7ari, tha de Moulins-Beaufort<\/span><\/p>\n<p><span style=\"color: #000000;\">&#8220;Tridhjet\u00eb e pes\u00eb vjet m\u00eb par\u00eb, kur isha prift, u solla n\u00eb m\u00ebnyr\u00eb t\u00eb pahijshme ndaj nj\u00eb vajze 14-vje\u00e7are,&#8221; shkroi Ricard n\u00eb nj\u00eb mesazh drejtuar Konferenc\u00ebs t\u00eb lexuar nga de Moulins-Beaufort.<\/span><\/p>\n<p><span style=\"color: #000000;\">\u201cNuk ka dyshim se sjellja ime shkaktoi pasoja t\u00eb r\u00ebnda dhe afatgjata p\u00ebr at\u00eb person\u201d, tha kardinali, duke shtuar se q\u00eb at\u00ebher\u00eb ai i kishte k\u00ebrkuar gruas falje.<\/span><\/p>\n<p><span style=\"color: #000000;\">Peshkop\u00ebt francez\u00eb do takohen n\u00eb Lourdes n\u00eb Franc\u00ebn jugper\u00ebndimore p\u00ebr konferenc\u00ebn e tyre t\u00eb vjesht\u00ebs p\u00ebr t\u00eb diskutuar m\u00ebnyrat p\u00ebr t\u00eb p\u00ebrmir\u00ebsuar komunikimin dhe transparenc\u00ebn e tyre n\u00eb lidhje me akuzat historike p\u00ebr krime seksuale kund\u00ebr klerit.<\/span><\/p>\n<p><span style=\"color: #000000;\">Rr\u00ebfimi publik nga Ricard, 78 vje\u00e7, u prit &#8220;si nj\u00eb tronditje&#8221; nga peshkop\u00ebt, tha de Moulins-Beaufort.<\/span><\/p>\n<p><span style=\"color: #000000;\">Ricard, 78 vje\u00e7, ishte peshkop n\u00eb Coutances, Montpellier dhe m\u00eb n\u00eb fund n\u00eb Bordo midis 2001 dhe 2019.<\/span><\/p>\n<p><span style=\"color: #000000;\">T\u00eb gjith\u00eb t\u00eb akuzuarit do t\u00eb p\u00ebrballen ose me ndjekje penale ose procedura disiplinore t\u00eb kish\u00ebs, tha de Moulins-Beaufort, i cili \u00ebsht\u00eb kryepeshkop i qytetit verilindor t\u00eb Reims.<\/span><\/p>\n<p><span style=\"color: #000000;\">Ai tha se gjasht\u00eb ish-peshkop\u00eb tashm\u00eb ishin akuzuar p\u00ebr abuzim seksual &#8220;nga gjykatat, ose nga gjykata e kish\u00ebs&#8221;, nj\u00ebri prej t\u00eb cil\u00ebve kishte vdekur q\u00eb at\u00ebher\u00eb.<\/span><\/p>\n<p><span style=\"color: #000000;\">Ricard tani do t&#8217;i shtohej k\u00ebsaj liste, ashtu si edhe Michel Santier, i cili u sanksionua nga Vatikani p\u00ebr &#8220;abuzimin shpirt\u00ebror q\u00eb \u00e7oi n\u00eb vojeuriz\u00ebm q\u00eb p\u00ebrfshin dy burra t\u00eb rritur&#8221;.<\/span><\/p>\n<p><span style=\"color: #000000;\">Duke komentuar rastin e Santier, Moulins-Beaufort pranoi se kishte pasur &#8220;mang\u00ebsi serioze dhe mosfunksionim n\u00eb \u00e7do nivel&#8221;.<\/span><\/p>\n<p><span style=\"color: #000000;\">Dy peshkop\u00eb n\u00eb pension po hetoheshin nga drejt\u00ebsia franceze dhe ishin gjithashtu objektiv i nj\u00eb procedure kishtare.<\/span><\/p>\n<p><span style=\"color: #000000;\">Emri i nj\u00eb peshkopi tjet\u00ebr ishte v\u00ebn\u00eb n\u00eb \u201crrethin\u201d e autoriteteve, por prokuror\u00ebt nuk ishin p\u00ebrgjigjur ende, nd\u00ebrsa Vatikani i kishte kufizuar detyrat.<\/span><\/p>\n<p><span style=\"color: #000000;\">Nj\u00eb peshkop, Andre Fort, u d\u00ebnua n\u00eb vitin 2018 me nj\u00eb d\u00ebnim me burg t\u00eb kusht\u00ebzuar prej tet\u00eb muajsh.<\/span><\/p>\n<p><span style=\"color: #000000;\">Olivier Savignac, n\u00eb shoqat\u00ebn Parler et Revivre q\u00eb mb\u00ebshtet viktimat e dhun\u00ebs seksuale, i tha AFP-s\u00eb se ishte &#8220;tronditur&#8221; nga zbulimet e s\u00eb h\u00ebn\u00ebs n\u00eb lidhje me nj\u00eb num\u00ebr &#8220;marramend\u00ebs&#8221; t\u00eb peshkop\u00ebve.<\/span><\/p>\n<p><span style=\"color: #000000;\">&#8220;Kaq shum\u00eb gj\u00ebra jan\u00eb fshehur. Sa t\u00eb tjera do t\u00eb dalin?&#8221; ai pyeti.<\/span><\/p>\n<p><span style=\"color: #000000;\">Savignac shtoi: &#8220;Kisha reagon vet\u00ebm kur vendoset me shpatulla pas murit.&#8221;<\/span><\/p>\n<p><span style=\"color: #000000;\">Nj\u00eb tjet\u00ebr shoqat\u00eb, Agir Pour Notre Eglise, e cila mbron reform\u00ebn e kish\u00ebs p\u00ebrball\u00eb akuzave, u k\u00ebrkoi peshkop\u00ebve t\u00eb dalin me &#8220;deklarata t\u00eb qarta&#8221; deri n\u00eb mbylljen e takimit t\u00eb tyre t\u00eb mart\u00ebn.<\/span><\/p>\n","protected":false,"gt_translate_keys":[{"key":"rendered","format":"html"}]},"excerpt":{"rendered":"<p>Kisha Katolike e Franc\u00ebs zbuloi t\u00eb h\u00ebn\u00ebn se 11 ish-peshkop\u00eb francez\u00eb ose n\u00eb sh\u00ebrbim jan\u00eb akuzuar p\u00ebr dhun\u00eb seksuale, duke p\u00ebrfshir\u00eb nj\u00eb kardinal q\u00eb pranoi se kishte ngacmuar nj\u00eb vajz\u00eb dekada m\u00eb par\u00eb. N\u00eb nj\u00eb zbulim shokues, presidenti i Konferenc\u00ebs s\u00eb Peshkop\u00ebve t\u00eb Franc\u00ebs, Eric de Moulins-Beaufort, u tha gazetar\u00ebve se disa nga zyrtar\u00ebt e [&hellip;]<\/p>\n","protected":false,"gt_translate_keys":[{"key":"rendered","format":"html"}]},"author":32,"featured_media":559949,"comment_status":"closed","ping_status":"closed","sticky":false,"template":"","format":"standard","meta":{"footnotes":""},"categories":[6,13],"tags":[],"class_list":["post-559948","post","type-post","status-publish","format-standard","has-post-thumbnail","hentry","category-nderkombetare","category-te-fundit"],"gt_translate_keys":[{"key":"link","format":"url"}],"_links":{"self":[{"href":"https:\/\/www.hashtag.al\/index.php\/wp-json\/wp\/v2\/posts\/559948","targetHints":{"allow":["GET"]}}],"collection":[{"href":"https:\/\/www.hashtag.al\/index.php\/wp-json\/wp\/v2\/posts"}],"about":[{"href":"https:\/\/www.hashtag.al\/index.php\/wp-json\/wp\/v2\/types\/post"}],"author":[{"embeddable":true,"href":"https:\/\/www.hashtag.al\/index.php\/wp-json\/wp\/v2\/users\/32"}],"replies":[{"embeddable":true,"href":"https:\/\/www.hashtag.al\/index.php\/wp-json\/wp\/v2\/comments?post=559948"}],"version-history":[{"count":0,"href":"https:\/\/www.hashtag.al\/index.php\/wp-json\/wp\/v2\/posts\/559948\/revisions"}],"wp:featuredmedia":[{"embeddable":true,"href":"https:\/\/www.hashtag.al\/index.php\/wp-json\/wp\/v2\/media\/559949"}],"wp:attachment":[{"href":"https:\/\/www.hashtag.al\/index.php\/wp-json\/wp\/v2\/media?parent=559948"}],"wp:term":[{"taxonomy":"category","embeddable":true,"href":"https:\/\/www.hashtag.al\/index.php\/wp-json\/wp\/v2\/categories?post=559948"},{"taxonomy":"post_tag","embeddable":true,"href":"https:\/\/www.hashtag.al\/index.php\/wp-json\/wp\/v2\/tags?post=559948"}],"curies":[{"name":"wp","href":"https:\/\/api.w.org\/{rel}","templated":true}]}}