{"id":559945,"date":"2022-11-07T20:11:05","date_gmt":"2022-11-07T19:11:05","guid":{"rendered":"https:\/\/www.hashtag.al\/?p=559945"},"modified":"2022-11-07T20:11:05","modified_gmt":"2022-11-07T19:11:05","slug":"tensionet-ne-veri-kurti-therret-ne-takim-kreret-e-partive-opozitare","status":"publish","type":"post","link":"https:\/\/www.hashtag.al\/index.php\/2022\/11\/07\/tensionet-ne-veri-kurti-therret-ne-takim-kreret-e-partive-opozitare\/","title":{"rendered":"Tensionet n\u00eb veri, Kurti th\u00ebrret n\u00eb takim krer\u00ebt e partive opozitare","gt_translate_keys":[{"key":"rendered","format":"text"}]},"content":{"rendered":"<p><span style=\"color: #000000;\"><a href=\"https:\/\/www.hashtag.al\/wp-content\/uploads\/2022\/11\/kurti-opozita.jpg\"><img loading=\"lazy\" decoding=\"async\" class=\"aligncenter size-full wp-image-559946\" src=\"https:\/\/www.hashtag.al\/wp-content\/uploads\/2022\/11\/kurti-opozita.jpg\" alt=\"\" width=\"600\" height=\"360\" srcset=\"https:\/\/www.hashtag.al\/wp-content\/uploads\/2022\/11\/kurti-opozita.jpg 600w, https:\/\/www.hashtag.al\/wp-content\/uploads\/2022\/11\/kurti-opozita-300x180.jpg 300w\" sizes=\"auto, (max-width: 600px) 100vw, 600px\" \/><\/a><\/span><\/p>\n<p><span style=\"color: #000000;\">Kryeministri i Kosov\u00ebs, Albin Kurti sonte u ka b\u00ebr\u00eb ftes\u00eb krer\u00ebve t\u00eb tri partive opozitare parlamentare, PDK, LDK, AAK p\u00ebr takim nes\u00ebr paradite.<\/span><\/p>\n<p><span style=\"color: #000000;\">Gazeta Express raporton se nga Zyra e Kryeministrit b\u00ebjn\u00eb t\u00eb ditur se Albin Kurti u ka d\u00ebrguar ftes\u00eb liderit t\u00eb PDK-s\u00eb Memli Krasniqi, atij t\u00eb LDK-s\u00eb, Lumir Abdixhiku dhe t\u00eb AAK-s\u00eb Ramush Haradinaj p\u00ebr takim t\u00eb mart\u00ebn.<\/span><\/p>\n<p><span style=\"color: #000000;\">Po ashtu, burime brenda PDK-s\u00eb kan\u00eb konfirmuar se kreu i PDK-s\u00eb Memli Krasniqi ka konfirmuar takimin me kryeministrin Kurti.<\/span><\/p>\n<p><span style=\"color: #000000;\">Ndryshe, kryetari i Partis\u00eb Demokratike t\u00eb Kosov\u00ebs, Memli Krasniqi, i ka d\u00ebrguar sot let\u00ebr Kryeministrit Albin Kurti p\u00ebr situat\u00ebn n\u00eb pjes\u00ebn veriore t\u00eb Kosov\u00ebs, duke i shprehur gatishm\u00ebrin\u00eb e PDK-s\u00eb p\u00ebr t\u00eb komunikuar dhe harmonizuar veprimet e institucioneve n\u00eb vazhdimin e ushtrimit t\u00eb sovranitetit n\u00eb \u00e7do pjes\u00eb t\u00eb territorit t\u00eb vendit.<\/span><\/p>\n<p><span style=\"color: #000000;\">N\u00eb letr\u00ebn e tij, lideri i Opozit\u00ebs, Memli Krasniqi, ka th\u00ebn\u00eb se situata n\u00eb pjes\u00ebn veriore \u00ebsht\u00eb shqet\u00ebsuese, me rrezik t\u00eb p\u00ebrshkall\u00ebzimit, nd\u00ebrsa epilogu nuk \u00ebsht\u00eb i qart\u00eb. Andaj, sipas tij, nj\u00eb koordinim i Qeveris\u00eb me Opozit\u00ebn dhe harmonizimi i veprimeve institucionale me partner\u00ebt nd\u00ebrkomb\u00ebtar\u00eb \u00ebsht\u00eb i domosdosh\u00ebm.<\/span><\/p>\n<p><span style=\"color: #000000;\">\u201cKosov\u00ebs i duhen veprime t\u00eb p\u00ebrgjegjshme q\u00eb e ruajn\u00eb stabilitetin e shtetit ton\u00eb. Me k\u00ebt\u00eb rast, ju shpreh gatishm\u00ebrin\u00eb e Partis\u00eb Demokratike t\u00eb Kosov\u00ebs p\u00ebr t\u00eb komunikuar hapur dhe n\u00eb vazhdim\u00ebsi rreth situat\u00ebs s\u00eb krijuar n\u00eb pjes\u00ebn veriore t\u00eb vendit, si dhe p\u00ebr t\u00eb ndihmuar institucionet n\u00eb vazhdimin e ushtrimit t\u00eb sovranitetit n\u00eb \u00e7do pjes\u00eb t\u00eb territorit ton\u00eb\u201d, ka th\u00ebn\u00eb Krasniqi.<\/span><\/p>\n","protected":false,"gt_translate_keys":[{"key":"rendered","format":"html"}]},"excerpt":{"rendered":"<p>Kryeministri i Kosov\u00ebs, Albin Kurti sonte u ka b\u00ebr\u00eb ftes\u00eb krer\u00ebve t\u00eb tri partive opozitare parlamentare, PDK, LDK, AAK p\u00ebr takim nes\u00ebr paradite. Gazeta Express raporton se nga Zyra e Kryeministrit b\u00ebjn\u00eb t\u00eb ditur se Albin Kurti u ka d\u00ebrguar ftes\u00eb liderit t\u00eb PDK-s\u00eb Memli Krasniqi, atij t\u00eb LDK-s\u00eb, Lumir Abdixhiku dhe t\u00eb AAK-s\u00eb Ramush [&hellip;]<\/p>\n","protected":false,"gt_translate_keys":[{"key":"rendered","format":"html"}]},"author":32,"featured_media":559946,"comment_status":"closed","ping_status":"closed","sticky":false,"template":"","format":"standard","meta":{"footnotes":""},"categories":[149,13],"tags":[],"class_list":["post-559945","post","type-post","status-publish","format-standard","has-post-thumbnail","hentry","category-kosoverajon","category-te-fundit"],"gt_translate_keys":[{"key":"link","format":"url"}],"_links":{"self":[{"href":"https:\/\/www.hashtag.al\/index.php\/wp-json\/wp\/v2\/posts\/559945","targetHints":{"allow":["GET"]}}],"collection":[{"href":"https:\/\/www.hashtag.al\/index.php\/wp-json\/wp\/v2\/posts"}],"about":[{"href":"https:\/\/www.hashtag.al\/index.php\/wp-json\/wp\/v2\/types\/post"}],"author":[{"embeddable":true,"href":"https:\/\/www.hashtag.al\/index.php\/wp-json\/wp\/v2\/users\/32"}],"replies":[{"embeddable":true,"href":"https:\/\/www.hashtag.al\/index.php\/wp-json\/wp\/v2\/comments?post=559945"}],"version-history":[{"count":0,"href":"https:\/\/www.hashtag.al\/index.php\/wp-json\/wp\/v2\/posts\/559945\/revisions"}],"wp:featuredmedia":[{"embeddable":true,"href":"https:\/\/www.hashtag.al\/index.php\/wp-json\/wp\/v2\/media\/559946"}],"wp:attachment":[{"href":"https:\/\/www.hashtag.al\/index.php\/wp-json\/wp\/v2\/media?parent=559945"}],"wp:term":[{"taxonomy":"category","embeddable":true,"href":"https:\/\/www.hashtag.al\/index.php\/wp-json\/wp\/v2\/categories?post=559945"},{"taxonomy":"post_tag","embeddable":true,"href":"https:\/\/www.hashtag.al\/index.php\/wp-json\/wp\/v2\/tags?post=559945"}],"curies":[{"name":"wp","href":"https:\/\/api.w.org\/{rel}","templated":true}]}}