{"id":559824,"date":"2022-11-07T11:08:09","date_gmt":"2022-11-07T10:08:09","guid":{"rendered":"https:\/\/www.hashtag.al\/?p=559824"},"modified":"2022-11-07T11:08:09","modified_gmt":"2022-11-07T10:08:09","slug":"pedagoget-njoftojne-proteste-neser-rikthehemi-ne-auditore-sdo-heqim-dore-nga-kerkesat","status":"publish","type":"post","link":"https:\/\/www.hashtag.al\/index.php\/2022\/11\/07\/pedagoget-njoftojne-proteste-neser-rikthehemi-ne-auditore-sdo-heqim-dore-nga-kerkesat\/","title":{"rendered":"Pedagog\u00ebt njoftojn\u00eb protest\u00eb nes\u00ebr: Rikthehemi n\u00eb auditore, s\u2019do heqim dor\u00eb nga k\u00ebrkesat","gt_translate_keys":[{"key":"rendered","format":"text"}]},"content":{"rendered":"<p><span style=\"color: #000000;\"><img loading=\"lazy\" decoding=\"async\" class=\"aligncenter size-full wp-image-559825\" src=\"https:\/\/www.hashtag.al\/wp-content\/uploads\/2022\/11\/kovaci-1.png\" alt=\"\" width=\"1097\" height=\"538\" srcset=\"https:\/\/www.hashtag.al\/wp-content\/uploads\/2022\/11\/kovaci-1.png 1097w, https:\/\/www.hashtag.al\/wp-content\/uploads\/2022\/11\/kovaci-1-300x147.png 300w, https:\/\/www.hashtag.al\/wp-content\/uploads\/2022\/11\/kovaci-1-1024x502.png 1024w, https:\/\/www.hashtag.al\/wp-content\/uploads\/2022\/11\/kovaci-1-768x377.png 768w\" sizes=\"auto, (max-width: 1097px) 100vw, 1097px\" \/><\/span><\/p>\n<p><span style=\"color: #000000;\">Kreu i sindikat\u00ebs s\u00eb arsimit t\u00eb lart\u00eb, Sand\u00ebr Kova\u00e7i, ka deklaruar sot se protestat p\u00ebr t\u00eb drejtat e pedagog\u00ebve do vijojn\u00eb n\u00eb m\u00ebnyr\u00eb periodike. <\/span><\/p>\n<p><span style=\"color: #000000;\">N\u00eb nj\u00eb deklarat\u00eb p\u00ebr mediat ai tha se ndaj pedagog\u00ebve ka pasur k\u00ebrc\u00ebnim e shantazh nga qeveria. Kova\u00e7i theksoi se ndaj arsimit t\u00eb lart\u00eb \u00ebsht\u00eb b\u00ebr\u00eb shum\u00eb pak deri tani. <\/span><\/p>\n<p><span style=\"color: #000000;\">Pedagog\u00ebt njoftuan p\u00ebrmes nj\u00eb deklarate p\u00ebr shtyp mbr\u00ebmjen e djeshme se do hiqnin dor\u00eb nga bojkoti e do riktheheshin n\u00eb auditore. Megjithat\u00eb ata kan\u00eb pohuar se do vijojn\u00eb protestat periodike. <\/span><\/p>\n<p><span style=\"color: #000000;\">Pas shtat\u00eb jav\u00ebsh protesta pak dit\u00eb m\u00eb par\u00eb pedagog\u00ebt se do futeshin n\u00eb grev\u00eb urie. Megjithat\u00eb para futjes ata b\u00ebn\u00eb k\u00ebrkesa t\u00eb \u00e7uditshme e pakuptimta duke k\u00ebrkuar garanci p\u00ebr jet\u00ebn nga ambasada amerikane e president Begaj.<\/span><\/p>\n<p><span style=\"color: #000000;\"><em>\u201cTani m\u00eb 9 jav\u00eb nga d\u00ebrgimi i peticionit, 7 jav\u00eb protesta dhe 3 jav\u00eb bojkot t\u00eb procesit m\u00ebsimor me synim t\u00eb reagimit, p\u00ebrshkall\u00ebzimi i hapave t\u00eb ndjekura erdhi si rrjedhoj\u00eb e indiferentizmit. E kemi fjal\u00ebn p\u00ebr ministrin\u00eb dhe institucionet. Parlamenti dhe politika u nxit dhe e b\u00ebri k\u00ebt\u00eb \u00e7\u00ebshtje t\u00eb dit\u00ebs. Qeveria b\u00ebri zgjidhje kozmetike. \u00cbsht\u00eb b\u00ebr\u00eb pak p\u00ebr universitetin. Flitet shum\u00eb dhe b\u00ebhet pak p\u00ebr universitetet. Ndaj nesh pati intimidime dhe shantazhe. Vazhdimin e protestave t\u00eb gjitha proceset demokratike, p\u00ebrfshir\u00eb protestat komb\u00ebtare periodike, por duke pezulluar p\u00ebrkoh\u00ebsisht bojkotin e procesit m\u00ebsimor,, duke p\u00ebrmbushur detyrimin akademik, at\u00eb t\u00eb m\u00ebsimit p\u00ebr student\u00ebt. Ne vazhdojm\u00eb t\u00eb k\u00ebrkojm\u00eb k\u00ebrkesat tona. <\/em><\/span><\/p>\n<p><span style=\"color: #000000;\"><em>Vendos\u00ebm q\u00eb nes\u00ebr n\u00eb 8 n\u00ebntor do t\u00eb mbajm\u00eb protest\u00ebn e radh\u00ebs n\u00eb or\u00ebn 11 para Politeknikut. Nj\u00eb pjes\u00eb e rektoratit mendoi se nuk ishte koha e p\u00ebrshtatshme p\u00ebr bojkot. Presioni erdhi q\u00eb nga kryeministri. Dua t\u00eb denoncoj faktin se vet\u00ebm 3 universitete kan\u00eb premtuar q\u00eb do t\u00eb financojn\u00eb 8%. Ne dua 30%. N\u00eb Shkod\u00ebr \u00ebsht\u00eb miratuar 2%, pasi s\u2019ka asnj\u00eb shans q\u00eb t\u00eb b\u00ebj\u00eb rritjen 8%. Bojkoti i sezonit t\u00eb provimeve \u00ebsht\u00eb nj\u00eb variant i mundsh\u00ebm i bojkotimit t\u00eb m\u00ebsimit n\u00eb sezonin e shkurtit.\u201d<\/em> &#8211; tha ai.<\/span><\/p>\n","protected":false,"gt_translate_keys":[{"key":"rendered","format":"html"}]},"excerpt":{"rendered":"<p>Kreu i sindikat\u00ebs s\u00eb arsimit t\u00eb lart\u00eb, Sand\u00ebr Kova\u00e7i, ka deklaruar sot se protestat p\u00ebr t\u00eb drejtat e pedagog\u00ebve do vijojn\u00eb n\u00eb m\u00ebnyr\u00eb periodike. N\u00eb nj\u00eb deklarat\u00eb p\u00ebr mediat ai tha se ndaj pedagog\u00ebve ka pasur k\u00ebrc\u00ebnim e shantazh nga qeveria. Kova\u00e7i theksoi se ndaj arsimit t\u00eb lart\u00eb \u00ebsht\u00eb b\u00ebr\u00eb shum\u00eb pak deri tani. Pedagog\u00ebt [&hellip;]<\/p>\n","protected":false,"gt_translate_keys":[{"key":"rendered","format":"html"}]},"author":51,"featured_media":559825,"comment_status":"closed","ping_status":"closed","sticky":false,"template":"","format":"standard","meta":{"footnotes":""},"categories":[65,13],"tags":[],"class_list":["post-559824","post","type-post","status-publish","format-standard","has-post-thumbnail","hentry","category-lajme","category-te-fundit"],"gt_translate_keys":[{"key":"link","format":"url"}],"_links":{"self":[{"href":"https:\/\/www.hashtag.al\/index.php\/wp-json\/wp\/v2\/posts\/559824","targetHints":{"allow":["GET"]}}],"collection":[{"href":"https:\/\/www.hashtag.al\/index.php\/wp-json\/wp\/v2\/posts"}],"about":[{"href":"https:\/\/www.hashtag.al\/index.php\/wp-json\/wp\/v2\/types\/post"}],"author":[{"embeddable":true,"href":"https:\/\/www.hashtag.al\/index.php\/wp-json\/wp\/v2\/users\/51"}],"replies":[{"embeddable":true,"href":"https:\/\/www.hashtag.al\/index.php\/wp-json\/wp\/v2\/comments?post=559824"}],"version-history":[{"count":0,"href":"https:\/\/www.hashtag.al\/index.php\/wp-json\/wp\/v2\/posts\/559824\/revisions"}],"wp:featuredmedia":[{"embeddable":true,"href":"https:\/\/www.hashtag.al\/index.php\/wp-json\/wp\/v2\/media\/559825"}],"wp:attachment":[{"href":"https:\/\/www.hashtag.al\/index.php\/wp-json\/wp\/v2\/media?parent=559824"}],"wp:term":[{"taxonomy":"category","embeddable":true,"href":"https:\/\/www.hashtag.al\/index.php\/wp-json\/wp\/v2\/categories?post=559824"},{"taxonomy":"post_tag","embeddable":true,"href":"https:\/\/www.hashtag.al\/index.php\/wp-json\/wp\/v2\/tags?post=559824"}],"curies":[{"name":"wp","href":"https:\/\/api.w.org\/{rel}","templated":true}]}}