{"id":559730,"date":"2022-11-06T20:23:19","date_gmt":"2022-11-06T19:23:19","guid":{"rendered":"https:\/\/www.hashtag.al\/?p=559730"},"modified":"2022-11-06T20:23:19","modified_gmt":"2022-11-06T19:23:19","slug":"kalimi-te-makinat-elektrike-mund-te-coje-ne-humbjen-e-600-mije-vendeve-te-punes-ne-be","status":"publish","type":"post","link":"https:\/\/www.hashtag.al\/index.php\/2022\/11\/06\/kalimi-te-makinat-elektrike-mund-te-coje-ne-humbjen-e-600-mije-vendeve-te-punes-ne-be\/","title":{"rendered":"Kalimi te makinat elektrike mund t\u00eb \u00e7oj\u00eb n\u00eb humbjen e 600 mij\u00eb vendeve t\u00eb pun\u00ebs n\u00eb BE","gt_translate_keys":[{"key":"rendered","format":"text"}]},"content":{"rendered":"<p><span style=\"color: #000000;\"><img loading=\"lazy\" decoding=\"async\" class=\"aligncenter size-full wp-image-559731\" src=\"https:\/\/www.hashtag.al\/wp-content\/uploads\/2022\/11\/makinaelektrike.jpg\" alt=\"\" width=\"768\" height=\"432\" srcset=\"https:\/\/www.hashtag.al\/wp-content\/uploads\/2022\/11\/makinaelektrike.jpg 768w, https:\/\/www.hashtag.al\/wp-content\/uploads\/2022\/11\/makinaelektrike-300x169.jpg 300w\" sizes=\"auto, (max-width: 768px) 100vw, 768px\" \/><\/span><\/p>\n<p><span style=\"color: #000000;\">Kalimi i BE-s\u00eb drejt makinave elektrike mund t\u00eb \u00e7oj\u00eb n\u00eb humbjen e 600,000 vendeve t\u00eb pun\u00ebs n\u00eb t\u00eb gjith\u00eb bllokun, ka paralajm\u00ebruar Komisioneri p\u00ebr Tregun e Brendsh\u00ebm, Thierry Breton.<\/span><\/p>\n<p><span style=\"color: #000000;\">Zyrtari po komentonte planin e bllokut p\u00ebr t&#8217;u k\u00ebrkuar prodhuesve t\u00eb makinave t\u00eb arrijn\u00eb nj\u00eb ulje 100% t\u00eb \u00e7lirimit t\u00eb dioksidit t\u00eb karbonit deri n\u00eb vitin 2035, gj\u00eb q\u00eb do ndalonte n\u00eb m\u00ebnyr\u00eb efektive shitjen e makinave t\u00eb reja me benzin\u00eb \u200b\u200be naft\u00eb n\u00eb bllok.<\/span><\/p>\n<p><span style=\"color: #000000;\"><em>\u201cSektori evropian i automobilave pun\u00ebson 12.7 milion\u00eb njer\u00ebz n\u00eb nj\u00eb form\u00eb ose n\u00eb nj\u00eb tjet\u00ebr, q\u00eb p\u00ebrfaq\u00ebson 6.6% t\u00eb t\u00eb gjith\u00eb pun\u00ebsimit n\u00eb BE. Kalimi te makinat elektrike do shkat\u00ebrroj\u00eb qindra mij\u00ebra vende pune, deri n\u00eb 600,000 n\u00eb t\u00eb gjith\u00eb BE-n\u00eb.\u201d<\/em> &#8211; tha Breton n\u00eb nj\u00eb intervist\u00eb me gazet\u00ebn Corriere della Sera, t\u00eb publikuar t\u00eb premten.<\/span><\/p>\n<p><span style=\"color: #000000;\">Ai e quajti kalimin, \u2018shnd\u00ebrrimin m\u00eb t\u00eb madh industrial\u2019 me t\u00eb cilin po p\u00ebrballet BE<\/span><\/p>\n<p><span style=\"color: #000000;\">-ja, ve\u00e7an\u00ebrisht duke marr\u00eb parasysh afatet e shkurtra.<\/span><\/p>\n<p><span style=\"color: #000000;\">Plani u vulos jav\u00ebn e kaluar me nj\u00eb marr\u00ebveshje paraprake t\u00eb arritur mes negociator\u00ebve nga vendet an\u00ebtare t\u00eb BE-s\u00eb, Parlamenti Evropian dhe Komisioni Evropian. Ai tani do k\u00ebrkoj\u00eb miratimin zyrtar nga Parlamenti Evropian dhe K\u00ebshilli i BE-s\u00eb p\u00ebr t&#8217;u kthyer n\u00eb ligj.<\/span><\/p>\n<p><span style=\"color: #000000;\">Nd\u00ebrsa afati kohor p\u00ebr miratimin e rregullores \u00ebsht\u00eb i paqart\u00eb, Breton tha se ka n\u00eb plan t\u00eb ngrej\u00eb nj\u00eb grup pune t\u00eb posa\u00e7\u00ebm t\u00eb p\u00ebrb\u00ebr\u00eb nga p\u00ebrfaq\u00ebsues nga industria e automobilave, sindikatat e pun\u00ebtor\u00ebve, konsumator\u00ebt dhe prodhuesit e energjis\u00eb elektrike p\u00ebr t\u00eb zgjidhur \u00e7\u00ebshtjet praktike. P\u00ebr shembull, ai tha se numri i pikave t\u00eb karikimit n\u00eb BE \u00ebsht\u00eb aktualisht shum\u00eb i vog\u00ebl dhe nevojitet nj\u00eb rrjet n\u00eb t\u00eb gjith\u00eb bllokun.<\/span><\/p>\n<p><span style=\"color: #000000;\">Grupi i pun\u00ebs do shqyrtoj\u00eb gjithashtu burimet e nevojshme p\u00ebr prodhimin e baterive, do k\u00ebrkoj\u00eb m\u00ebnyra p\u00ebr t\u00eb ndihmuar ata q\u00eb humbasin pun\u00ebn p\u00ebr shkak t\u00eb kalimit te makinat elektrike t\u00eb gjejn\u00eb pun\u00eb t\u00eb reja dhe t\u00eb analizoj\u00eb m\u00ebnyra p\u00ebr t&#8217;i b\u00ebr\u00eb makinat elektrike m\u00eb t\u00eb disponueshme p\u00ebr konsumator\u00ebt. Breton vler\u00ebson se deri n\u00eb vitin 2050, vet\u00ebm 20% e makinave n\u00eb p\u00ebrdorim brenda BE-s\u00eb do t\u00eb funksionojn\u00eb me motor\u00eb me djegie t\u00eb brendshme.<\/span><\/p>\n","protected":false,"gt_translate_keys":[{"key":"rendered","format":"html"}]},"excerpt":{"rendered":"<p>Kalimi i BE-s\u00eb drejt makinave elektrike mund t\u00eb \u00e7oj\u00eb n\u00eb humbjen e 600,000 vendeve t\u00eb pun\u00ebs n\u00eb t\u00eb gjith\u00eb bllokun, ka paralajm\u00ebruar Komisioneri p\u00ebr Tregun e Brendsh\u00ebm, Thierry Breton. Zyrtari po komentonte planin e bllokut p\u00ebr t&#8217;u k\u00ebrkuar prodhuesve t\u00eb makinave t\u00eb arrijn\u00eb nj\u00eb ulje 100% t\u00eb \u00e7lirimit t\u00eb dioksidit t\u00eb karbonit deri n\u00eb vitin [&hellip;]<\/p>\n","protected":false,"gt_translate_keys":[{"key":"rendered","format":"html"}]},"author":51,"featured_media":559731,"comment_status":"closed","ping_status":"closed","sticky":false,"template":"","format":"standard","meta":{"footnotes":""},"categories":[53],"tags":[],"class_list":["post-559730","post","type-post","status-publish","format-standard","has-post-thumbnail","hentry","category-fast-foodi"],"gt_translate_keys":[{"key":"link","format":"url"}],"_links":{"self":[{"href":"https:\/\/www.hashtag.al\/index.php\/wp-json\/wp\/v2\/posts\/559730","targetHints":{"allow":["GET"]}}],"collection":[{"href":"https:\/\/www.hashtag.al\/index.php\/wp-json\/wp\/v2\/posts"}],"about":[{"href":"https:\/\/www.hashtag.al\/index.php\/wp-json\/wp\/v2\/types\/post"}],"author":[{"embeddable":true,"href":"https:\/\/www.hashtag.al\/index.php\/wp-json\/wp\/v2\/users\/51"}],"replies":[{"embeddable":true,"href":"https:\/\/www.hashtag.al\/index.php\/wp-json\/wp\/v2\/comments?post=559730"}],"version-history":[{"count":0,"href":"https:\/\/www.hashtag.al\/index.php\/wp-json\/wp\/v2\/posts\/559730\/revisions"}],"wp:featuredmedia":[{"embeddable":true,"href":"https:\/\/www.hashtag.al\/index.php\/wp-json\/wp\/v2\/media\/559731"}],"wp:attachment":[{"href":"https:\/\/www.hashtag.al\/index.php\/wp-json\/wp\/v2\/media?parent=559730"}],"wp:term":[{"taxonomy":"category","embeddable":true,"href":"https:\/\/www.hashtag.al\/index.php\/wp-json\/wp\/v2\/categories?post=559730"},{"taxonomy":"post_tag","embeddable":true,"href":"https:\/\/www.hashtag.al\/index.php\/wp-json\/wp\/v2\/tags?post=559730"}],"curies":[{"name":"wp","href":"https:\/\/api.w.org\/{rel}","templated":true}]}}