{"id":559628,"date":"2022-11-06T09:22:13","date_gmt":"2022-11-06T08:22:13","guid":{"rendered":"https:\/\/www.hashtag.al\/?p=559628"},"modified":"2022-11-06T09:22:13","modified_gmt":"2022-11-06T08:22:13","slug":"rasti-kurti","status":"publish","type":"post","link":"https:\/\/www.hashtag.al\/index.php\/2022\/11\/06\/rasti-kurti\/","title":{"rendered":"Rasti \u201cKurti\u201d","gt_translate_keys":[{"key":"rendered","format":"text"}]},"content":{"rendered":"<p><span style=\"color: #000000;\"><strong><a href=\"https:\/\/www.hashtag.al\/wp-content\/uploads\/2022\/11\/nikolaidis.jpg\"><img loading=\"lazy\" decoding=\"async\" class=\"aligncenter size-full wp-image-559629\" src=\"https:\/\/www.hashtag.al\/wp-content\/uploads\/2022\/11\/nikolaidis.jpg\" alt=\"\" width=\"512\" height=\"288\" srcset=\"https:\/\/www.hashtag.al\/wp-content\/uploads\/2022\/11\/nikolaidis.jpg 512w, https:\/\/www.hashtag.al\/wp-content\/uploads\/2022\/11\/nikolaidis-300x169.jpg 300w\" sizes=\"auto, (max-width: 512px) 100vw, 512px\" \/><\/a><\/strong><\/span><\/p>\n<p><span style=\"color: #000000;\"><strong>Nga Andrej Nikolaidis<\/strong><\/span><\/p>\n<p><span style=\"color: #000000;\">Rasti \u201cKurti\u201d na m\u00ebson pse p\u00ebr popujt e vegj\u00ebl ballkanik \u00ebsht\u00eb e r\u00ebnd\u00ebsishme t\u00eb ken\u00eb lider\u00eb t\u00eb pa korruptuar: sepse vet\u00ebm t\u00eb till\u00ebt mund t\u00eb thon\u00eb \u201cjo\u201d. T\u00eb tjer\u00ebt firmosin \u00e7far\u00ebdo q\u00eb ambasadat e Kuintit t\u00eb v\u00ebn\u00eb p\u00ebrpara tyre. Lider\u00ebt e korruptuar jan\u00eb garancia m\u00eb e mir\u00eb e statusit (neo)kolonial t\u00eb shteteve t\u00eb tyre. K\u00ebt\u00eb e din\u00eb miqt\u00eb tan\u00eb t\u00eb m\u00ebdhenj, dhe prandaj investojn\u00eb me k\u00ebnaq\u00ebsi pik\u00ebrisht tek k\u00ebta. Dhe m\u00eb pas, kur k\u00ebta imb\u00ebrthen iluzioni se mund t\u00eb mbajn\u00eb qoft\u00eb edhe nj\u00eb gjurm\u00eb autonomie, i p\u00ebrmbysin.<\/span><\/p>\n<p><span style=\"color: #000000;\">Korrupsioni \u00ebsht\u00eb heqje dor\u00eb nga norma, ajo q\u00eb prish norm\u00ebn. Kjo n\u00ebnkupton se ndershm\u00ebria \u00ebsht\u00eb standard. Ndoshta, por ku kjo: N\u00eb Disneyland? Ose n\u00eb rr\u00ebfenjat p\u00ebr \u201ckoh\u00ebt e mira, t\u00eb vjetra\u201d, kur \u201cdihej rendi\u201d\u2026 Megjithat\u00eb\u2026 n\u00ebse korrupsioni \u00ebsht\u00eb aq i p\u00ebrhapur sa \u00ebsht\u00eb norm\u00eb \u2013 dhe \u00ebsht\u00eb \u2013 at\u00ebher\u00eb ndershm\u00ebria \u00ebsht\u00eb ajo q\u00eb \u00ebsht\u00eb problematike. Ajo, n\u00eb fakt, korrupton deri n\u00eb palc\u00eb sistemin e korruptuar. Me k\u00ebt\u00eb rast, ndershm\u00ebria \u00ebsht\u00eb ajo q\u00eb nuk do t\u00eb tolerohet. Ajo \u00ebsht\u00eb \u00a0ajo q\u00eb ti mbyll t\u00eb gjitha dyert dhe pengon ngritjen t\u00ebnde n\u00eb hierarkin\u00eb shoq\u00ebrore.<\/span><\/p>\n<p><span style=\"color: #000000;\">Prandaj para do vjet\u00ebsh e revokuan Kurtin. Sepse nuk ishte i korruptuar dhe nuk donte t\u00eb sillej sikur t\u00eb ishte i korruptuar: Ai, dometh\u00ebn\u00eb, nuk ishte i d\u00ebgjuesh\u00ebm.<\/span><\/p>\n<p><span style=\"color: #000000;\">Korrupsioni \u00ebsht\u00eb gjendja baz\u00eb e politik\u00ebs. Njer\u00ebzit nuk merren me politik\u00eb dhe nuk e duan pushtetin p\u00ebr t\u00eb \u201crealizuar idet\u00eb e tyre\u201d dhe p\u00ebr t\u00eb \u201ckonsoliduar vlerat e tyre\u201d, por p\u00ebr shkak t\u00eb: seksit, paras\u00eb dhe pushtetit. Dhe ajo Trini Jo e shenjt\u00eb \u00ebsht\u00eb e lidhur pazgjidhshm\u00ebrisht\u2026 Sikurse tha nj\u00eb i men\u00e7ur: gjith\u00e7ka n\u00eb bot\u00eb ka lidhje me seksin. P\u00ebrve\u00e7 vet\u00eb seksit. Q\u00eb \u00ebsht\u00eb \u00e7\u00ebshtje takati.<\/span><\/p>\n<p><span style=\"color: #000000;\">G\u00ebnjeshtra \u00ebsht\u00eb vegla themelore e politik\u00ebs. N\u00eb politik\u00eb, g\u00ebnjeshtra \u00ebsht\u00eb konvent\u00eb. Ndryshe nga shum\u00eb, shihni, un\u00eb nuk besoj se politikan\u00ebt tan\u00eb po mashtrojn\u00eb popullin. Politika nuk \u00ebsht\u00eb fizik\u00eb kuantike. T\u00eb gjith\u00eb kuptojn\u00eb gjith\u00e7ka. Kur qytetar\u00ebt mb\u00ebshtesin politikanin, ata nuk e b\u00ebjn\u00eb k\u00ebt\u00eb sepse nuk e kuptojn\u00eb se ai\/ajo g\u00ebnjen, por pik\u00ebrisht se e kuptojn\u00eb pse g\u00ebnjen \u2013 \u00e7\u2019\u00ebsht\u00eb ajo q\u00eb me g\u00ebnjeshtra \u00a0p\u00ebrpiqet ta mbuloj\u00eb. Dhe k\u00ebt\u00eb e tumirin, sepse mendojn\u00eb se q\u00ebllimi i p\u00ebrbashk\u00ebt i justifikon mjetet.<\/span><\/p>\n<p><span style=\"color: #000000;\">K\u00ebshtu \u00ebsht\u00eb lokalisht, k\u00ebshtu \u00ebsht\u00eb globalisht. Struktura e g\u00ebnjeshtrave dhe e hipokrizis\u00eb \u00ebsht\u00eb universale. Shihni, fjala vjen, se si amerikan\u00ebt n\u00eb rajon po e forcojn\u00eb sundimin e ligjit p\u00ebr t\u00eb cilin angazhohen n\u00eb m\u00ebnyr\u00eb retorike \u2013 ashtu q\u00eb nga Kosova k\u00ebrkojn\u00eb t\u00eb suspendoj\u00eb zbatimin e ligjeve t\u00eb veta, p\u00ebr shkak se grupet kriminale nga veriu n\u00ebn kontrollin e Vu\u00e7iqit nuk duan t\u00eb pranojn\u00eb ligjin. Problem \u00ebsht\u00eb mungesa e shtetit ligjor, thon\u00eb amerikan\u00ebt. Dhe pastaj k\u00ebrkojn\u00eb q\u00eb ligji t\u00eb mos zbatohet, sepse i p\u00ebrk\u00ebdheluri i tyre \u00e7etnik qahet, ndaj duhet qet\u00ebsuar.<\/span><\/p>\n<p><span style=\"color: #000000;\">Dhe, sakaq Kurti u thot\u00eb: \u201cNuk mundet\u201d.<\/span><\/p>\n<p><span style=\"color: #000000;\">At\u00eb q\u00eb n\u00eb Kosov\u00eb e b\u00ebn Kurti, n\u00eb Bosnj\u00eb e Hercegovin\u00eb e b\u00ebn Komshiqi. Dallimi \u00ebsht\u00eb se Kurti ka pushtetin ekzekutiv, nd\u00ebrsa Komshiqi jo. E megjithat\u00eb, edhe nj\u00ebri, edhe tjetri, demonstrojn\u00eb mosbindje dhe refuzim t\u00eb konvent\u00ebs q\u00eb thot\u00eb se vendimeve t\u00eb Perandoris\u00eb, \u00e7far\u00ebdo qofshin ato, vet\u00ebm u thuhet amin.<\/span><\/p>\n<p><span style=\"color: #000000;\">Kjo, natyrisht, nuk do t\u00eb mbetet pa u nd\u00ebshkuar.<\/span><\/p>\n<p><span style=\"color: #000000;\">N\u00ebse un\u00eb prej vitesh t\u00ebrheq v\u00ebrejtjen se n\u00eb Ballkan politika ruse dhe amerikane jan\u00eb n\u00eb sinergji dhe jo t\u00eb kund\u00ebrv\u00ebna: Se objektivisht u konvenojn\u00eb tre projekteve p\u00ebr shtete t\u00eb m\u00ebdha: serb, kroat dhe shqiptar; se, n\u00eb vend q\u00eb t\u00eb shtypnin nacionalizmat e shteteve t\u00eb m\u00ebdha, ata nacionalizma vendos\u00ebn t\u2019i trajtonin si partner\u00eb n\u00eb rajon; se, t\u00eb gjith\u00eb s\u00eb bashku, e b\u00ebjn\u00eb rajonin t\u00eb paq\u00ebndruesh\u00ebm dhe aktor\u00ebt n\u00eb rajon jan\u00eb t\u00eb fokusuar n\u00eb zgjerimin e territorit, dhe jo n\u00eb demokratizimin dhe integrimin evropian \u2013 kjo, t\u00eb mos mashtrohemi, ka pasoja. Dalin njer\u00ebz me q\u00ebllime t\u00eb mira t\u00eb cil\u00ebt paralajm\u00ebrojn\u00eb se ky \u00ebsht\u00eb \u00a0\u201cantiamerikaniz\u00ebm\u201d, dhe shum\u00eb dyer u mbyllen.<\/span><\/p>\n<p><span style=\"color: #000000;\">Sigurisht se e keni v\u00ebn\u00eb re se, si\u00e7 thuhet, partner\u00ebt tan\u00eb per\u00ebndimor\u00eb angazhohen n\u00eb m\u00ebnyr\u00eb parimore p\u00ebr lirin\u00eb e fjal\u00ebs. Po, por mos dhasht\u00eb Zoti t\u2019u thuash \u00e7far\u00eb mendon p\u00ebr ta. Sakaq sh\u00ebrb\u00ebtori i tyre dhe yni kolonial shpjegon se me zot\u00ebrin\u00eb nuk guxon t\u00eb flitet k\u00ebshtu, madje edhe n\u00ebse zot\u00ebria nuk ka t\u00eb drejt\u00eb.<\/span><\/p>\n<p><span style=\"color: #000000;\">H\u00ebm, k\u00ebt\u00eb po dua t\u2019ju them: M\u00eb shum\u00eb njer\u00ebz si Kurti. Kjo na duhet. P\u00ebrndryshe, do t\u00eb keni nj\u00eb elit\u00eb politike e cila kinse \u00ebsht\u00eb qytetare dhe kund\u00ebr nacionalizmit, kurse n\u00eb praktik\u00eb betonon nacionalizmin dhe pasojat e nacionalizmit tek dy \u201cpopujt konstitutiv\u00eb\u201d (lexo: betonon HDZ-n\u00eb dhe RS-n\u00eb). N\u00eb t\u00eb kund\u00ebrt\u00ebn, do t\u00eb keni elit\u00ebn intelektuale e cila angazhohetp\u00ebr lirin\u00eb e fjal\u00ebs, gjithnj\u00eb p\u00ebrderisa nuk thoni di\u00e7ka kund\u00ebr financuesve t\u00eb tyre \u2013 at\u00ebher\u00eb do t\u00eb censuroheni brutalisht. N\u00eb t\u00eb kund\u00ebrt\u00ebn, do t\u00eb keni nj\u00eb vend q\u00eb \u00ebsht\u00eb formalisht sovran, nd\u00ebrsa n\u00eb thelb \u00a0koloni, nj\u00eb vend n\u00eb t\u00eb cilin n\u00eb pushtet do t\u00eb vihet dhe nga pushteti do t\u00eb zbritet me vullnetin nga jasht\u00eb.<\/span><\/p>\n<p><span style=\"color: #000000;\">N\u00ebse fituam BeH-n\u00eb, e cila, n\u00eb vend se nga Zagrebi dhe Beogradi, drejtohet nga Brukseli dhe Uashingtoni \u2013 gjith\u00e7ka ishte e kot\u00eb.<\/span><\/p>\n<p><span style=\"color: #000000;\">Ve\u00e7 k\u00ebsaj: pse n\u00eb k\u00ebt\u00eb vend kaq shum\u00eb njer\u00ebz q\u00eb, si t\u00eb p\u00ebrv\u00ebluar, si me komand\u00eb, k\u00ebrcejn\u00eb vet\u00ebm me p\u00ebrmendjen e mund\u00ebsis\u00eb q\u00eb Bosnja t\u00eb qeveriset nga Sarajeva?<\/span><\/p>\n<p><span style=\"color: #000000;\">Duket se kjo \u00ebsht\u00eb ideja m\u00eb skandaloze n\u00eb Bosnje dhe Hercegovin\u00eb.<\/span><\/p>\n<p><span style=\"color: #000000;\">Ajo q\u00eb \u00ebsht\u00eb aq irrituese, q\u00eb kushtrimi p\u00ebr alarm dhe thirravaj\u00eb, dikur quhej liri dhe vet\u00ebvendosje.<\/span><\/p>\n<p><span style=\"color: #000000;\"><span style=\"color: #ff0000;\"><strong>VINI RE:<\/strong><\/span> Artikulli \u00ebsht\u00eb pron\u00eb intelektuale e <a href=\"https:\/\/kdpolitik.com\/2022\/11\/05\/rasti-kurti\/\"><span style=\"color: #0000ff;\"><strong>KDPolitik<\/strong><\/span><\/a><\/span><\/p>\n","protected":false,"gt_translate_keys":[{"key":"rendered","format":"html"}]},"excerpt":{"rendered":"<p>Nga Andrej Nikolaidis Rasti \u201cKurti\u201d na m\u00ebson pse p\u00ebr popujt e vegj\u00ebl ballkanik \u00ebsht\u00eb e r\u00ebnd\u00ebsishme t\u00eb ken\u00eb lider\u00eb t\u00eb pa korruptuar: sepse vet\u00ebm t\u00eb till\u00ebt mund t\u00eb thon\u00eb \u201cjo\u201d. T\u00eb tjer\u00ebt firmosin \u00e7far\u00ebdo q\u00eb ambasadat e Kuintit t\u00eb v\u00ebn\u00eb p\u00ebrpara tyre. Lider\u00ebt e korruptuar jan\u00eb garancia m\u00eb e mir\u00eb e statusit (neo)kolonial t\u00eb shteteve [&hellip;]<\/p>\n","protected":false,"gt_translate_keys":[{"key":"rendered","format":"html"}]},"author":32,"featured_media":559629,"comment_status":"closed","ping_status":"closed","sticky":false,"template":"","format":"standard","meta":{"footnotes":""},"categories":[20,13],"tags":[],"class_list":["post-559628","post","type-post","status-publish","format-standard","has-post-thumbnail","hentry","category-blog","category-te-fundit"],"gt_translate_keys":[{"key":"link","format":"url"}],"_links":{"self":[{"href":"https:\/\/www.hashtag.al\/index.php\/wp-json\/wp\/v2\/posts\/559628","targetHints":{"allow":["GET"]}}],"collection":[{"href":"https:\/\/www.hashtag.al\/index.php\/wp-json\/wp\/v2\/posts"}],"about":[{"href":"https:\/\/www.hashtag.al\/index.php\/wp-json\/wp\/v2\/types\/post"}],"author":[{"embeddable":true,"href":"https:\/\/www.hashtag.al\/index.php\/wp-json\/wp\/v2\/users\/32"}],"replies":[{"embeddable":true,"href":"https:\/\/www.hashtag.al\/index.php\/wp-json\/wp\/v2\/comments?post=559628"}],"version-history":[{"count":0,"href":"https:\/\/www.hashtag.al\/index.php\/wp-json\/wp\/v2\/posts\/559628\/revisions"}],"wp:featuredmedia":[{"embeddable":true,"href":"https:\/\/www.hashtag.al\/index.php\/wp-json\/wp\/v2\/media\/559629"}],"wp:attachment":[{"href":"https:\/\/www.hashtag.al\/index.php\/wp-json\/wp\/v2\/media?parent=559628"}],"wp:term":[{"taxonomy":"category","embeddable":true,"href":"https:\/\/www.hashtag.al\/index.php\/wp-json\/wp\/v2\/categories?post=559628"},{"taxonomy":"post_tag","embeddable":true,"href":"https:\/\/www.hashtag.al\/index.php\/wp-json\/wp\/v2\/tags?post=559628"}],"curies":[{"name":"wp","href":"https:\/\/api.w.org\/{rel}","templated":true}]}}