{"id":559605,"date":"2022-11-05T20:35:59","date_gmt":"2022-11-05T19:35:59","guid":{"rendered":"https:\/\/www.hashtag.al\/?p=559605"},"modified":"2022-11-05T20:35:59","modified_gmt":"2022-11-05T19:35:59","slug":"vasili-qeveria-peng-e-aferes-ne-portin-e-durresit-bllokon-informacionin","status":"publish","type":"post","link":"https:\/\/www.hashtag.al\/index.php\/2022\/11\/05\/vasili-qeveria-peng-e-aferes-ne-portin-e-durresit-bllokon-informacionin\/","title":{"rendered":"Vasili: Qeveria peng e afer\u00ebs n\u00eb Portin e Durr\u00ebsit, bllokon informacionin","gt_translate_keys":[{"key":"rendered","format":"text"}]},"content":{"rendered":"<p><span style=\"color: #000000;\"><a href=\"https:\/\/www.hashtag.al\/wp-content\/uploads\/2022\/10\/VASILI-5.jpg\"><img loading=\"lazy\" decoding=\"async\" class=\"aligncenter size-full wp-image-557989\" src=\"https:\/\/www.hashtag.al\/wp-content\/uploads\/2022\/10\/VASILI-5.jpg\" alt=\"\" width=\"1185\" height=\"706\" srcset=\"https:\/\/www.hashtag.al\/wp-content\/uploads\/2022\/10\/VASILI-5.jpg 1185w, https:\/\/www.hashtag.al\/wp-content\/uploads\/2022\/10\/VASILI-5-300x179.jpg 300w, https:\/\/www.hashtag.al\/wp-content\/uploads\/2022\/10\/VASILI-5-1024x610.jpg 1024w, https:\/\/www.hashtag.al\/wp-content\/uploads\/2022\/10\/VASILI-5-768x458.jpg 768w\" sizes=\"auto, (max-width: 1185px) 100vw, 1185px\" \/><\/a><\/span><\/p>\n<p><span style=\"color: #000000;\">Deputeti i Partis\u00eb s\u00eb Liris\u00eb, Petrit Vasili ka reaguar n\u00eb lidhje me koncensionin e Portit t\u00eb Durr\u00ebsit, ku sipas tij qeveria \u00ebsht\u00eb peng e k\u00ebsaj afere dhe bllokon n\u00eb m\u00ebnyr\u00eb mafioze informacionin.<\/span><\/p>\n<p><span style=\"color: #000000;\">Vasili thekson se q\u00eb nga 8 gusht i k\u00ebtij viti, plot 3 muaj m\u00eb par\u00eb, i jam drejtuar zyrtarisht qeveris\u00eb dhe p\u00ebr dijeni Edi Ram\u00ebs p\u00ebr ta informuar p\u00ebr Portin e Durr\u00ebsit, por qeveria nuk jep asnj\u00eb informacion dhe nd\u00ebrkoh\u00eb miraton p\u00ebr 2 miliard euro.<\/span><\/p>\n<p><span style=\"color: #000000;\"><strong>Postimi i plot\u00eb:<\/strong><\/span><\/p>\n<p><span style=\"color: #000000;\"><em>Qeveria, peng e afer\u00ebs, bllokon ne m\u00ebnyr\u00eb mafioze informacionin per Portin e Durresit!<\/em><\/span><\/p>\n<p><span style=\"color: #000000;\"><em>Qe ne 8 gusht te k\u00ebtij viti, plot 3 muaj me pare, i jam drejtuar zyrtarisht qeverise dhe per dijeni Edi Rames per te me informuar per Portin e Durresit.<\/em><\/span><\/p>\n<p><span style=\"color: #000000;\"><em>Kerkesa zyrtare eshte detyrim absolut ligjor bazuar ne Statusin e Deputetit dhe ligjin e te drejtes per informim.<\/em><\/span><\/p>\n<p><span style=\"color: #000000;\"><em>Qeveria nuk jep asnj\u00eb informacion dhe nd\u00ebrkoh\u00eb miraton p\u00ebr 2 miliard euro<\/em><\/span><\/p>\n<p><span style=\"color: #000000;\"><em>marr\u00ebveshjen kuad\u00ebr, nd\u00ebrmjet K\u00ebshillit t\u00eb Ministrave dhe Eagle Hills Real Estate Development, Albanian Seaports Development Company, sh.a. dhe Nshmi Development L.L.C.<\/em><\/span><\/p>\n<p><span style=\"color: #000000;\"><em>Cfare pandehin keta pala\u00e7o qeveritare me Edi Ramen ne krye se jane ne mallin e babait dhe mund te pla\u00e7kitin dhe te bejne \u00e7te duan pa dhene llogari per pronat strategjike te vendit.<\/em><\/span><\/p>\n<p><span style=\"color: #000000;\"><em>Bllokimi i informacionit eshte nje veprim mafioz qe demaskon aferen e Portit te Durresit.<\/em><\/span><\/p>\n<p><span style=\"color: #000000;\"><em>K\u00ebta pala\u00e7ot e qeverise lodhen kot, sepse letrat jane sheshit.<\/em><\/span><\/p>\n<p><span style=\"color: #000000;\"><em>Keta vetem sa po rendojne shume keq veten edhe individualisht perpara drejtesise, se letrat do te hapen shume shpejt dhe asgje nuk do ti shpetoje.<\/em><\/span><\/p>\n<p><span style=\"color: #000000;\"><em>Ja pyetjet drejtuar Qeverise ne k\u00ebrkes\u00ebn time zyrtare:<\/em><\/span><\/p>\n<p><span style=\"color: #000000;\"><em>1\ufe0f<\/em><em>.A \u00ebsht\u00eb dh\u00ebn\u00eb statusi i investitorit strategjik?<\/em><\/span><\/p>\n<p><span style=\"color: #000000;\"><em>2\ufe0f<\/em><em>. N\u00ebse po, cil\u00ebs kompanie i \u00ebsht\u00eb dh\u00ebn\u00eb ky status?<\/em><\/span><\/p>\n<p><span style=\"color: #000000;\"><em>3\ufe0f<\/em><em>.Jeni shprehur publikisht se investitori do t\u00eb jet\u00eb \u201cEmaar Group\u201d nd\u00ebrkoh\u00eb n\u00eb memorandumin e firmosur nuk p\u00ebrmendet gj\u00ebkundi \u201cEmaar Group\u201d ?<\/em><\/span><\/p>\n<p><span style=\"color: #000000;\"><em>4\ufe0f<\/em><em>.Analiza financiare si detyrim ligjor p\u00ebr marrjen e statusit t\u00eb investitorit strategjik nga cila kompani \u00ebsht\u00eb paraqitur?<\/em><\/span><\/p>\n<p><span style=\"color: #000000;\"><em>5\ufe0f<\/em><em>. A parashikohet, q\u00eb ashtu sikurse n\u00eb rastin e incenerator\u00ebve prona publike t\u00eb mund t\u00eb lihet kolateral n\u00eb Bankat Shqiptare apo t\u00eb huaja n\u00eb funksion t\u00eb marrjes s\u00eb kredive nga kompanit\u00eb e p\u00ebrfshira n\u00eb memorandum?<\/em><\/span><\/p>\n<p><span style=\"color: #000000;\"><em>6\ufe0f<\/em><em>.Cilat jan\u00eb masat garantuese q\u00eb Porti i Durr\u00ebsit t\u00eb mos sekuestrohet nga Bankat vendase apo t\u00eb huaja p\u00ebr shkak t\u00eb problemeve eventuale t\u00eb kompanive huamarr\u00ebse?<\/em><\/span><\/p>\n<p><span style=\"color: #000000;\"><em>7\ufe0f<\/em><em>.Investimi detyron spostimin e Portit Tregtar aktual, cilat jan\u00eb masat e marra q\u00eb Dogana t\u00eb funksionoj\u00eb normalisht dhe kjo t\u00eb mos ndikoj\u00eb negativisht n\u00eb realizimin e t\u00eb ardhurave q\u00eb lidhen me biznesin ashtu dhe p\u00ebr Buxhetin e Shtetit?<\/em><\/span><\/p>\n<p><span style=\"color: #000000;\"><em>8\ufe0f<\/em><em>.Cila \u00ebsht\u00eb kosto e Portit t\u00eb ri tregtar dhe sa \u00ebsht\u00eb koh\u00ebzgjatja e realizimit t\u00eb nd\u00ebrtimit t\u00eb k\u00ebtij porti?<\/em><\/span><\/p>\n<p><span style=\"color: #000000;\"><em>9\ufe0f<\/em><em>.N\u00eb k\u00ebt\u00eb periudh\u00eb t\u00eb nd\u00ebrmjetme pra t\u00eb fillimit t\u00eb nd\u00ebrtimit t\u00eb portit turistik nga nj\u00ebra an\u00eb dhe Portit tregtare nga ana tjet\u00ebr, ku do jet\u00eb vendodhja e funksionimit t\u00eb Dogan\u00ebs portuale Durr\u00ebs?<\/em><\/span><\/p>\n<p><span style=\"color: #000000;\"><em>10.Nd\u00ebrtimi i Portit t\u00eb ri tregtar do t\u00eb realizohet me fonde t\u00eb\u00a0 buxhetit apo do k\u00ebrkohet nj\u00eb tjet\u00ebr borxh?<\/em><\/span><\/p>\n<p><span style=\"color: #000000;\"><em>11.Cili \u00ebsht\u00eb q\u00ebndrimi zyrtar i institucioneve t\u00eb Bashkimit\u00a0 Evropian p\u00ebr k\u00ebt\u00eb projekt?<\/em><\/span><\/p>\n<p><span style=\"color: #000000;\"><em>12.K\u00ebrkojm\u00eb nga ju t\u00eb na vihet n\u00eb dispozicion i gjith\u00eb\u00a0 komunikimi zyrtare me Bashkimin Europian p\u00ebr k\u00ebt\u00eb\u00a0 projekt.<\/em><\/span><\/p>\n<p><a href=\"https:\/\/www.hashtag.al\/wp-content\/uploads\/2022\/11\/vasili-infoq.jpg\"><img loading=\"lazy\" decoding=\"async\" class=\"aligncenter size-full wp-image-559606\" src=\"https:\/\/www.hashtag.al\/wp-content\/uploads\/2022\/11\/vasili-infoq.jpg\" alt=\"\" width=\"900\" height=\"1247\" srcset=\"https:\/\/www.hashtag.al\/wp-content\/uploads\/2022\/11\/vasili-infoq.jpg 900w, https:\/\/www.hashtag.al\/wp-content\/uploads\/2022\/11\/vasili-infoq-217x300.jpg 217w, https:\/\/www.hashtag.al\/wp-content\/uploads\/2022\/11\/vasili-infoq-739x1024.jpg 739w, https:\/\/www.hashtag.al\/wp-content\/uploads\/2022\/11\/vasili-infoq-768x1064.jpg 768w\" sizes=\"auto, (max-width: 900px) 100vw, 900px\" \/><\/a><a href=\"https:\/\/www.hashtag.al\/wp-content\/uploads\/2022\/11\/vasili-info2.jpg\"><img loading=\"lazy\" decoding=\"async\" class=\"aligncenter size-full wp-image-559607\" src=\"https:\/\/www.hashtag.al\/wp-content\/uploads\/2022\/11\/vasili-info2.jpg\" alt=\"\" width=\"900\" height=\"1225\" srcset=\"https:\/\/www.hashtag.al\/wp-content\/uploads\/2022\/11\/vasili-info2.jpg 900w, https:\/\/www.hashtag.al\/wp-content\/uploads\/2022\/11\/vasili-info2-220x300.jpg 220w, https:\/\/www.hashtag.al\/wp-content\/uploads\/2022\/11\/vasili-info2-752x1024.jpg 752w, https:\/\/www.hashtag.al\/wp-content\/uploads\/2022\/11\/vasili-info2-768x1045.jpg 768w\" sizes=\"auto, (max-width: 900px) 100vw, 900px\" \/><\/a><\/p>\n","protected":false,"gt_translate_keys":[{"key":"rendered","format":"html"}]},"excerpt":{"rendered":"<p>Deputeti i Partis\u00eb s\u00eb Liris\u00eb, Petrit Vasili ka reaguar n\u00eb lidhje me koncensionin e Portit t\u00eb Durr\u00ebsit, ku sipas tij qeveria \u00ebsht\u00eb peng e k\u00ebsaj afere dhe bllokon n\u00eb m\u00ebnyr\u00eb mafioze informacionin. Vasili thekson se q\u00eb nga 8 gusht i k\u00ebtij viti, plot 3 muaj m\u00eb par\u00eb, i jam drejtuar zyrtarisht qeveris\u00eb dhe p\u00ebr dijeni [&hellip;]<\/p>\n","protected":false,"gt_translate_keys":[{"key":"rendered","format":"html"}]},"author":32,"featured_media":556582,"comment_status":"closed","ping_status":"closed","sticky":false,"template":"","format":"standard","meta":{"footnotes":""},"categories":[65,13],"tags":[],"class_list":["post-559605","post","type-post","status-publish","format-standard","has-post-thumbnail","hentry","category-lajme","category-te-fundit"],"gt_translate_keys":[{"key":"link","format":"url"}],"_links":{"self":[{"href":"https:\/\/www.hashtag.al\/index.php\/wp-json\/wp\/v2\/posts\/559605","targetHints":{"allow":["GET"]}}],"collection":[{"href":"https:\/\/www.hashtag.al\/index.php\/wp-json\/wp\/v2\/posts"}],"about":[{"href":"https:\/\/www.hashtag.al\/index.php\/wp-json\/wp\/v2\/types\/post"}],"author":[{"embeddable":true,"href":"https:\/\/www.hashtag.al\/index.php\/wp-json\/wp\/v2\/users\/32"}],"replies":[{"embeddable":true,"href":"https:\/\/www.hashtag.al\/index.php\/wp-json\/wp\/v2\/comments?post=559605"}],"version-history":[{"count":0,"href":"https:\/\/www.hashtag.al\/index.php\/wp-json\/wp\/v2\/posts\/559605\/revisions"}],"wp:featuredmedia":[{"embeddable":true,"href":"https:\/\/www.hashtag.al\/index.php\/wp-json\/wp\/v2\/media\/556582"}],"wp:attachment":[{"href":"https:\/\/www.hashtag.al\/index.php\/wp-json\/wp\/v2\/media?parent=559605"}],"wp:term":[{"taxonomy":"category","embeddable":true,"href":"https:\/\/www.hashtag.al\/index.php\/wp-json\/wp\/v2\/categories?post=559605"},{"taxonomy":"post_tag","embeddable":true,"href":"https:\/\/www.hashtag.al\/index.php\/wp-json\/wp\/v2\/tags?post=559605"}],"curies":[{"name":"wp","href":"https:\/\/api.w.org\/{rel}","templated":true}]}}