{"id":559561,"date":"2022-11-05T14:38:48","date_gmt":"2022-11-05T13:38:48","guid":{"rendered":"https:\/\/www.hashtag.al\/?p=559561"},"modified":"2022-11-05T14:38:48","modified_gmt":"2022-11-05T13:38:48","slug":"erion-veliaj-askujt-nuk-do-i-preke-me-kemba-ne-balte-do-shtroj-cdo-rrugice-te-tiranes","status":"publish","type":"post","link":"https:\/\/www.hashtag.al\/index.php\/2022\/11\/05\/erion-veliaj-askujt-nuk-do-i-preke-me-kemba-ne-balte-do-shtroj-cdo-rrugice-te-tiranes\/","title":{"rendered":"Erion Veliaj: Askujt nuk do i prek\u00eb m\u00eb k\u00ebmba n\u00eb balt\u00eb, do shtroj \u00e7do rrugic\u00eb t\u00eb Tiran\u00ebs","gt_translate_keys":[{"key":"rendered","format":"text"}]},"content":{"rendered":"<p><span style=\"color: #000000;\"><a href=\"https:\/\/www.hashtag.al\/wp-content\/uploads\/2022\/11\/Erion-V.jpeg\"><img loading=\"lazy\" decoding=\"async\" class=\"aligncenter size-full wp-image-559562\" src=\"https:\/\/www.hashtag.al\/wp-content\/uploads\/2022\/11\/Erion-V.jpeg\" alt=\"\" width=\"500\" height=\"271\" srcset=\"https:\/\/www.hashtag.al\/wp-content\/uploads\/2022\/11\/Erion-V.jpeg 500w, https:\/\/www.hashtag.al\/wp-content\/uploads\/2022\/11\/Erion-V-300x163.jpeg 300w\" sizes=\"auto, (max-width: 500px) 100vw, 500px\" \/><\/a><\/span><\/p>\n<p><span style=\"color: #000000;\">Kryebashkiaku i Tiran\u00ebs Erion Veliaj ka premtuar se do t\u00eb shtroj\u00eb \u00e7do rrugic\u00eb t\u00eb Tiran\u00ebs dhe theksoi se askujt s\u2019do i prek\u00eb m\u00eb k\u00ebmba n\u00eb balt\u00eb.<\/span><\/p>\n<p><span style=\"color: #000000;\"><em>\u00a0\u201cM\u00eb vjen shum\u00eb mir\u00eb q\u00eb, edhe Nj\u00ebsia 9, ku ne kemi b\u00ebr\u00eb nj\u00eb super shkoll\u00eb si \u2018Hasan Vogli\u2019, \u00ebsht\u00eb prekur nga nd\u00ebrhyrjet n\u00eb nivel kapilar. \u00cbsht\u00eb shum\u00eb e r\u00ebnd\u00ebsishme q\u00eb, tani q\u00eb b\u00ebjm\u00eb edhe infrastruktur\u00ebn dhe q\u00eb nuk i prek k\u00ebmba askujt n\u00eb balt\u00eb n\u00eb t\u00eb gjith\u00eb k\u00ebt\u00eb m\u00ebhall\u00eb, t\u00eb kompletojm\u00eb edhe pjes\u00ebt n\u00eb brend\u00ebsi t\u00eb pallateve. Kemi pasur nd\u00ebrtesa t\u00eb vjetra, nd\u00ebrtesa q\u00eb kan\u00eb qen\u00eb t\u00eb amortizuara, jan\u00eb b\u00ebr\u00eb edhe dy pallate, tashm\u00eb duhet q\u00eb t\u00eb kujdesen administrator\u00ebt. Pra, n\u00ebse Bashkia paguan gjysm\u00ebn p\u00ebr kafazin e ashensorit, p\u00ebr instalimet, p\u00ebr veshjen me kapot\u00eb, duhet ta mir\u00ebmbajm\u00eb.\u201d-<\/em> tha Veliaj nd\u00ebrsa inspektonte punimet n\u00eb rrug\u00ebn e asfaltuar s\u00eb fundmi t\u00eb \u201cRamazan Kasa\u201d, af\u00ebr shkoll\u00ebs \u201cHasan Vogli\u201d n\u00eb Tiran\u00eb.<\/span><\/p>\n<p><span style=\"color: #000000;\">Kryebashkiaku premtoi se do t\u00eb investohen n\u00eb 300 mij\u00eb metra katror\u00eb asfaltim dhe sistemim rrug\u00ebsh.<\/span><\/p>\n<p><span style=\"color: #000000;\"><em>\u201cDo t\u00eb thot\u00eb se do t\u00eb futemi n\u00eb t\u00eb gjitha xhepat pallateve, n\u00eb t\u00eb gjitha rrugicat\u201d<\/em>&#8211; shtoi Veliaj, t\u00eb cilit si duket nuk Ii kan\u00eb dal\u00eb dy mandate dhe k\u00ebrkon mandatin e tret\u00eb n\u00eb zgjedhjet lokale q\u00eb do t\u00eb zhvillohen n\u00eb Maj t\u00eb vitit t\u00eb ardhsh\u00ebm.<\/span><\/p>\n","protected":false,"gt_translate_keys":[{"key":"rendered","format":"html"}]},"excerpt":{"rendered":"<p>Kryebashkiaku i Tiran\u00ebs Erion Veliaj ka premtuar se do t\u00eb shtroj\u00eb \u00e7do rrugic\u00eb t\u00eb Tiran\u00ebs dhe theksoi se askujt s\u2019do i prek\u00eb m\u00eb k\u00ebmba n\u00eb balt\u00eb. \u00a0\u201cM\u00eb vjen shum\u00eb mir\u00eb q\u00eb, edhe Nj\u00ebsia 9, ku ne kemi b\u00ebr\u00eb nj\u00eb super shkoll\u00eb si \u2018Hasan Vogli\u2019, \u00ebsht\u00eb prekur nga nd\u00ebrhyrjet n\u00eb nivel kapilar. \u00cbsht\u00eb shum\u00eb e r\u00ebnd\u00ebsishme [&hellip;]<\/p>\n","protected":false,"gt_translate_keys":[{"key":"rendered","format":"html"}]},"author":30,"featured_media":559562,"comment_status":"closed","ping_status":"closed","sticky":false,"template":"","format":"standard","meta":{"footnotes":""},"categories":[65,13],"tags":[],"class_list":["post-559561","post","type-post","status-publish","format-standard","has-post-thumbnail","hentry","category-lajme","category-te-fundit"],"gt_translate_keys":[{"key":"link","format":"url"}],"_links":{"self":[{"href":"https:\/\/www.hashtag.al\/index.php\/wp-json\/wp\/v2\/posts\/559561","targetHints":{"allow":["GET"]}}],"collection":[{"href":"https:\/\/www.hashtag.al\/index.php\/wp-json\/wp\/v2\/posts"}],"about":[{"href":"https:\/\/www.hashtag.al\/index.php\/wp-json\/wp\/v2\/types\/post"}],"author":[{"embeddable":true,"href":"https:\/\/www.hashtag.al\/index.php\/wp-json\/wp\/v2\/users\/30"}],"replies":[{"embeddable":true,"href":"https:\/\/www.hashtag.al\/index.php\/wp-json\/wp\/v2\/comments?post=559561"}],"version-history":[{"count":0,"href":"https:\/\/www.hashtag.al\/index.php\/wp-json\/wp\/v2\/posts\/559561\/revisions"}],"wp:featuredmedia":[{"embeddable":true,"href":"https:\/\/www.hashtag.al\/index.php\/wp-json\/wp\/v2\/media\/559562"}],"wp:attachment":[{"href":"https:\/\/www.hashtag.al\/index.php\/wp-json\/wp\/v2\/media?parent=559561"}],"wp:term":[{"taxonomy":"category","embeddable":true,"href":"https:\/\/www.hashtag.al\/index.php\/wp-json\/wp\/v2\/categories?post=559561"},{"taxonomy":"post_tag","embeddable":true,"href":"https:\/\/www.hashtag.al\/index.php\/wp-json\/wp\/v2\/tags?post=559561"}],"curies":[{"name":"wp","href":"https:\/\/api.w.org\/{rel}","templated":true}]}}