{"id":559433,"date":"2022-11-04T19:54:11","date_gmt":"2022-11-04T18:54:11","guid":{"rendered":"https:\/\/www.hashtag.al\/?p=559433"},"modified":"2022-11-04T19:54:11","modified_gmt":"2022-11-04T18:54:11","slug":"arrestohet-ne-mal-te-zi-kreu-i-komunes-se-tuzit-nik-gjeloshaj","status":"publish","type":"post","link":"https:\/\/www.hashtag.al\/index.php\/2022\/11\/04\/arrestohet-ne-mal-te-zi-kreu-i-komunes-se-tuzit-nik-gjeloshaj\/","title":{"rendered":"Arrestohet n\u00eb Mal t\u00eb Zi kreu i komun\u00ebs s\u00eb Tuzit, Nik Gjeloshaj","gt_translate_keys":[{"key":"rendered","format":"text"}]},"content":{"rendered":"<p><span style=\"color: #000000;\"><img loading=\"lazy\" decoding=\"async\" class=\"aligncenter size-full wp-image-559434\" src=\"https:\/\/www.hashtag.al\/wp-content\/uploads\/2022\/11\/nikgjeloshaj.jpg\" alt=\"\" width=\"2048\" height=\"1160\" srcset=\"https:\/\/www.hashtag.al\/wp-content\/uploads\/2022\/11\/nikgjeloshaj.jpg 2048w, https:\/\/www.hashtag.al\/wp-content\/uploads\/2022\/11\/nikgjeloshaj-300x170.jpg 300w, https:\/\/www.hashtag.al\/wp-content\/uploads\/2022\/11\/nikgjeloshaj-1024x580.jpg 1024w, https:\/\/www.hashtag.al\/wp-content\/uploads\/2022\/11\/nikgjeloshaj-768x435.jpg 768w, https:\/\/www.hashtag.al\/wp-content\/uploads\/2022\/11\/nikgjeloshaj-1536x870.jpg 1536w\" sizes=\"auto, (max-width: 2048px) 100vw, 2048px\" \/><\/span><\/p>\n<p><span style=\"color: #000000;\">Kreu i Komun\u00ebs s\u00eb Tuzit n\u00eb Mal t\u00eb Zi, Nik Gjeloshaj \u00ebsht\u00eb arrestuar nga policia n\u00eb kryeqytetin e vendit, Podgoric\u00eb. <\/span><\/p>\n<p><span style=\"color: #000000;\">Sipas mediave vendase, ai \u00ebsht\u00eb ndaluar nga policia p\u00ebr nj\u00eb kontroll t\u00eb mjetit p\u00ebr shkak t\u00eb xhamave t\u00eb zinj. <\/span><\/p>\n<p><span style=\"color: #000000;\">N\u00eb mjet bashk\u00eb me kreun e Alternativ\u00ebs Shqiptare, ndodheshin edhe bashk\u00ebshortja me f\u00ebmij\u00ebt. <\/span><\/p>\n<p><span style=\"color: #000000;\">Pas ndalimit ai \u00ebsht\u00eb p\u00ebrplasur me policin\u00eb duke b\u00ebr\u00eb q\u00eb kjo e fundit ta arrestoj\u00eb.<\/span><\/p>\n","protected":false,"gt_translate_keys":[{"key":"rendered","format":"html"}]},"excerpt":{"rendered":"<p>Kreu i Komun\u00ebs s\u00eb Tuzit n\u00eb Mal t\u00eb Zi, Nik Gjeloshaj \u00ebsht\u00eb arrestuar nga policia n\u00eb kryeqytetin e vendit, Podgoric\u00eb. Sipas mediave vendase, ai \u00ebsht\u00eb ndaluar nga policia p\u00ebr nj\u00eb kontroll t\u00eb mjetit p\u00ebr shkak t\u00eb xhamave t\u00eb zinj. N\u00eb mjet bashk\u00eb me kreun e Alternativ\u00ebs Shqiptare, ndodheshin edhe bashk\u00ebshortja me f\u00ebmij\u00ebt. Pas ndalimit ai [&hellip;]<\/p>\n","protected":false,"gt_translate_keys":[{"key":"rendered","format":"html"}]},"author":51,"featured_media":559434,"comment_status":"closed","ping_status":"closed","sticky":false,"template":"","format":"standard","meta":{"footnotes":""},"categories":[65,13],"tags":[],"class_list":["post-559433","post","type-post","status-publish","format-standard","has-post-thumbnail","hentry","category-lajme","category-te-fundit"],"gt_translate_keys":[{"key":"link","format":"url"}],"_links":{"self":[{"href":"https:\/\/www.hashtag.al\/index.php\/wp-json\/wp\/v2\/posts\/559433","targetHints":{"allow":["GET"]}}],"collection":[{"href":"https:\/\/www.hashtag.al\/index.php\/wp-json\/wp\/v2\/posts"}],"about":[{"href":"https:\/\/www.hashtag.al\/index.php\/wp-json\/wp\/v2\/types\/post"}],"author":[{"embeddable":true,"href":"https:\/\/www.hashtag.al\/index.php\/wp-json\/wp\/v2\/users\/51"}],"replies":[{"embeddable":true,"href":"https:\/\/www.hashtag.al\/index.php\/wp-json\/wp\/v2\/comments?post=559433"}],"version-history":[{"count":0,"href":"https:\/\/www.hashtag.al\/index.php\/wp-json\/wp\/v2\/posts\/559433\/revisions"}],"wp:featuredmedia":[{"embeddable":true,"href":"https:\/\/www.hashtag.al\/index.php\/wp-json\/wp\/v2\/media\/559434"}],"wp:attachment":[{"href":"https:\/\/www.hashtag.al\/index.php\/wp-json\/wp\/v2\/media?parent=559433"}],"wp:term":[{"taxonomy":"category","embeddable":true,"href":"https:\/\/www.hashtag.al\/index.php\/wp-json\/wp\/v2\/categories?post=559433"},{"taxonomy":"post_tag","embeddable":true,"href":"https:\/\/www.hashtag.al\/index.php\/wp-json\/wp\/v2\/tags?post=559433"}],"curies":[{"name":"wp","href":"https:\/\/api.w.org\/{rel}","templated":true}]}}