{"id":559404,"date":"2022-11-04T18:34:19","date_gmt":"2022-11-04T17:34:19","guid":{"rendered":"https:\/\/www.hashtag.al\/?p=559404"},"modified":"2022-11-04T18:34:19","modified_gmt":"2022-11-04T17:34:19","slug":"meta-qytetaret-e-presin-me-padurim-protesten-e-12-nentorit-kunder-skandaleve-te-llahtarshme-te-qeverise","status":"publish","type":"post","link":"https:\/\/www.hashtag.al\/index.php\/2022\/11\/04\/meta-qytetaret-e-presin-me-padurim-protesten-e-12-nentorit-kunder-skandaleve-te-llahtarshme-te-qeverise\/","title":{"rendered":"Meta: Qytetar\u00ebt e presin me padurim protest\u00ebn e 12 n\u00ebntorit kund\u00ebr skandaleve t\u00eb llahtarshme t\u00eb qeveris\u00eb","gt_translate_keys":[{"key":"rendered","format":"text"}]},"content":{"rendered":"<p><span style=\"color: #000000;\"><img loading=\"lazy\" decoding=\"async\" class=\"aligncenter size-full wp-image-559405\" src=\"https:\/\/www.hashtag.al\/wp-content\/uploads\/2022\/11\/meta2.png\" alt=\"\" width=\"1334\" height=\"749\" srcset=\"https:\/\/www.hashtag.al\/wp-content\/uploads\/2022\/11\/meta2.png 1334w, https:\/\/www.hashtag.al\/wp-content\/uploads\/2022\/11\/meta2-300x168.png 300w, https:\/\/www.hashtag.al\/wp-content\/uploads\/2022\/11\/meta2-1024x575.png 1024w, https:\/\/www.hashtag.al\/wp-content\/uploads\/2022\/11\/meta2-768x431.png 768w\" sizes=\"auto, (max-width: 1334px) 100vw, 1334px\" \/><\/span><\/p>\n<p><span style=\"color: #000000;\">Ilir Meta akuzoi kryeministrin Rama p\u00ebr shpopullimin e vendit e kriz\u00ebn e gjithanshme, sidomos at\u00eb ekonomike q\u00eb ka prekur vendin. <\/span><\/p>\n<p><span style=\"color: #000000;\">N\u00eb nj\u00eb bashk\u00ebbisedime me gazetar\u00ebt nga selia e Partis\u00eb s\u00eb Liris\u00eb, ai tha se qytetar\u00ebt e kan\u00eb pritur me padurim dat\u00ebn e protest\u00ebs kund\u00ebr atyre q\u00eb i quajti skandale t\u00eb llahtarshme t\u00eb qeveris\u00eb.<\/span><\/p>\n<p><span style=\"color: #000000;\"><em>\u201cK\u00ebtu n\u00eb vend ky kryeminist\u00ebr i pap\u00ebrgjegjsh\u00ebm vijon t\u00eb godas\u00eb investitor\u00ebt vendas. \u00cbsht\u00eb skandaloze q\u00eb paketa fiskale p\u00ebr vitin e ardhsh\u00ebm t\u00eb shoh\u00ebsh masa si 10 fishimi i gjobave, t\u00ebr\u00ebsisht antikushtetues, po k\u00ebshtu n\u00eb k\u00ebto kushte papun\u00ebsie dhe krize, heqja e akciz\u00ebs s\u00eb diferencuar p\u00ebr birr\u00ebn, kund\u00ebrv\u00ebnie ndaj direktiv\u00ebs s\u00eb BE, jo vet\u00ebm q\u00eb godet prodhimin vendas, por rrezikon mbylljen e mij\u00ebra vendeve t\u00eb pun\u00ebs. Ne i kemi ftuar qytetar\u00ebt dhe jemi t\u00eb sigurt se mezi e kan\u00eb pritur nj\u00eb dat\u00eb p\u00ebr t\u00eb shprehur padurimin e tyre p\u00ebr ndryshim dhe protest\u00ebn e tyre p\u00ebr t\u00eb gjitha k\u00ebto skandale t\u00eb llahtarshme ku \u00ebsht\u00eb zhytur kjo qeveri q\u00eb ka goditur perspektiv\u00ebn e vendit dhe ka vrar\u00eb shpres\u00ebn e t\u00eb rinjve. 12 n\u00ebntori do t\u00eb jet\u00eb nj\u00eb dit\u00eb e r\u00ebnd\u00ebsishme p\u00ebr demokracin\u00eb dhe rizgjimin e dinjitetit komb\u00ebtar.\u201d<\/em> &#8211; tha Meta.<\/span><\/p>\n<p><span style=\"color: #000000;\">Meta preku edhe samitin BE-Ballkani per\u00ebndimor n\u00eb Berlin duke vler\u00ebsuar nd\u00ebrhyrjen e Gjermanis\u00eb si dhe n\u00ebnshkrimin e tre marr\u00ebveshjeve.<\/span><\/p>\n<p><span style=\"color: #000000;\"><em>\u201cKemi shprehur vendosm\u00ebri q\u00eb procesi i Berlinit t\u00eb vijoj\u00eb, proces q\u00eb mund t\u00eb sjell\u00eb p\u00ebrparimin bashk\u00ebpunimit rajonal dhe p\u00ebrafrimit t\u00eb rajonit me BE. Kjo u provua dje me tre marr\u00ebveshjet e n\u00ebnshkruara. Jemi t\u00eb lumtur q\u00eb Scholz mbajti premtimet e tij. Shum\u00eb e r\u00ebnd\u00ebsishme t\u00eb vijohet p\u00ebrmes Procesit t\u00eb Berlinit, si proces gjith\u00ebp\u00ebrfshir\u00ebs, me kuad\u00ebr t\u00eb qart\u00eb europianizues. \u00c7do drejtim tjet\u00ebr nuk \u00ebsht\u00eb asgj\u00eb ve\u00e7 humbje kohe.\u201d &#8211; <\/em>tha ai.<\/span><\/p>\n","protected":false,"gt_translate_keys":[{"key":"rendered","format":"html"}]},"excerpt":{"rendered":"<p>Ilir Meta akuzoi kryeministrin Rama p\u00ebr shpopullimin e vendit e kriz\u00ebn e gjithanshme, sidomos at\u00eb ekonomike q\u00eb ka prekur vendin. N\u00eb nj\u00eb bashk\u00ebbisedime me gazetar\u00ebt nga selia e Partis\u00eb s\u00eb Liris\u00eb, ai tha se qytetar\u00ebt e kan\u00eb pritur me padurim dat\u00ebn e protest\u00ebs kund\u00ebr atyre q\u00eb i quajti skandale t\u00eb llahtarshme t\u00eb qeveris\u00eb. \u201cK\u00ebtu n\u00eb [&hellip;]<\/p>\n","protected":false,"gt_translate_keys":[{"key":"rendered","format":"html"}]},"author":51,"featured_media":559405,"comment_status":"closed","ping_status":"closed","sticky":false,"template":"","format":"standard","meta":{"footnotes":""},"categories":[65,13],"tags":[],"class_list":["post-559404","post","type-post","status-publish","format-standard","has-post-thumbnail","hentry","category-lajme","category-te-fundit"],"gt_translate_keys":[{"key":"link","format":"url"}],"_links":{"self":[{"href":"https:\/\/www.hashtag.al\/index.php\/wp-json\/wp\/v2\/posts\/559404","targetHints":{"allow":["GET"]}}],"collection":[{"href":"https:\/\/www.hashtag.al\/index.php\/wp-json\/wp\/v2\/posts"}],"about":[{"href":"https:\/\/www.hashtag.al\/index.php\/wp-json\/wp\/v2\/types\/post"}],"author":[{"embeddable":true,"href":"https:\/\/www.hashtag.al\/index.php\/wp-json\/wp\/v2\/users\/51"}],"replies":[{"embeddable":true,"href":"https:\/\/www.hashtag.al\/index.php\/wp-json\/wp\/v2\/comments?post=559404"}],"version-history":[{"count":0,"href":"https:\/\/www.hashtag.al\/index.php\/wp-json\/wp\/v2\/posts\/559404\/revisions"}],"wp:featuredmedia":[{"embeddable":true,"href":"https:\/\/www.hashtag.al\/index.php\/wp-json\/wp\/v2\/media\/559405"}],"wp:attachment":[{"href":"https:\/\/www.hashtag.al\/index.php\/wp-json\/wp\/v2\/media?parent=559404"}],"wp:term":[{"taxonomy":"category","embeddable":true,"href":"https:\/\/www.hashtag.al\/index.php\/wp-json\/wp\/v2\/categories?post=559404"},{"taxonomy":"post_tag","embeddable":true,"href":"https:\/\/www.hashtag.al\/index.php\/wp-json\/wp\/v2\/tags?post=559404"}],"curies":[{"name":"wp","href":"https:\/\/api.w.org\/{rel}","templated":true}]}}