{"id":559298,"date":"2022-11-04T10:42:22","date_gmt":"2022-11-04T09:42:22","guid":{"rendered":"https:\/\/www.hashtag.al\/?p=559298"},"modified":"2022-11-04T10:58:21","modified_gmt":"2022-11-04T09:58:21","slug":"kandidati-ilir-alimehmeti-mesazh-per-qytetaret-e-tiranes-gjerat-qe-nuk-duhet-te-prisni-nga-une","status":"publish","type":"post","link":"https:\/\/www.hashtag.al\/index.php\/2022\/11\/04\/kandidati-ilir-alimehmeti-mesazh-per-qytetaret-e-tiranes-gjerat-qe-nuk-duhet-te-prisni-nga-une\/","title":{"rendered":"Kandidati Ilir Alimehmeti mesazh p\u00ebr qytetar\u00ebt e Tiran\u00ebs: Gj\u00ebrat q\u00eb nuk duhet t\u00eb prisni nga un\u00eb","gt_translate_keys":[{"key":"rendered","format":"text"}]},"content":{"rendered":"<p><span style=\"color: #000000;\"><a href=\"https:\/\/www.hashtag.al\/wp-content\/uploads\/2022\/11\/alimehmeti.png\"><img loading=\"lazy\" decoding=\"async\" class=\"aligncenter size-full wp-image-558874\" src=\"https:\/\/www.hashtag.al\/wp-content\/uploads\/2022\/11\/alimehmeti.png\" alt=\"\" width=\"1170\" height=\"651\" srcset=\"https:\/\/www.hashtag.al\/wp-content\/uploads\/2022\/11\/alimehmeti.png 1170w, https:\/\/www.hashtag.al\/wp-content\/uploads\/2022\/11\/alimehmeti-300x167.png 300w, https:\/\/www.hashtag.al\/wp-content\/uploads\/2022\/11\/alimehmeti-1024x570.png 1024w, https:\/\/www.hashtag.al\/wp-content\/uploads\/2022\/11\/alimehmeti-768x427.png 768w\" sizes=\"auto, (max-width: 1170px) 100vw, 1170px\" \/><\/a><\/span><\/p>\n<p><span style=\"color: #000000;\">Mjeku Ilir Alimehmeti i cili \u00ebsht\u00eb nj\u00eb nga kandidat\u00ebt p\u00ebr bashkin\u00eb e Tiran\u00ebs n\u00eb primaret q\u00eb po zhvillohen nga Partia Demokratike, ka treguar p\u00ebr qytetar\u00ebt disa gj\u00ebra q\u00eb nuk duhet t\u2019i presin nga ai, pasi nuk \u00ebsht\u00eb i gatsh\u00ebm t\u2019i b\u00ebj\u00eb.<\/span><\/p>\n<p><span style=\"color: #000000;\">N\u00eb nj\u00eb postim n\u00eb rrjetet sociale, Alimehmeti u thot\u00eb banor\u00ebve t\u00eb Tiran\u00ebs t\u00eb mos presin puthje apo p\u00ebrqafime e fotografi nga ai.<\/span><\/p>\n<p><em><span style=\"color: #000000;\">\u201cMos prit q\u00eb t\u00eb t\u00eb puth apo t\u00eb t\u00eb p\u00ebrqafoj teksa fotografohemi nga nj\u00eb fotograf profesionist,i pajtuar nga un\u00eb n\u00eb koh\u00eb fushate. Jo, as nuk do t\u00eb t\u00eb puth dhe as nuk do t\u00eb p\u00ebrfaqoj.<\/span><\/em><br \/>\n<span style=\"color: #000000;\"><em>Do vij t\u00eb takohem me ty dhe jo t\u00eb fotografohem me ty.\u201d-<\/em> shkruan ai.<\/span><br \/>\n<span style=\"color: #000000;\">Po ashtu ai thekson se nuk do i p\u00ebrdor\u00eb f\u00ebmij\u00ebt p\u00ebr fushat\u00eb.<\/span><\/p>\n<p><em><span style=\"color: #000000;\">\u201cMos prit q\u00eb t\u00eb takoj f\u00ebmij\u00ebn t\u00ebnd dhe ta marr n\u00eb krah\u00eb dhe ta p\u00ebrdor p\u00ebr t\u00eb nd\u00ebrtuar sloganin -Do ta b\u00ebjm\u00eb p\u00ebr f\u00ebmij\u00ebt tan\u00eb-.<\/span><\/em><br \/>\n<em><span style=\"color: #000000;\">Jo nuk dua t\u00eb takoj f\u00ebmij\u00ebn t\u00ebnd.<\/span><\/em><br \/>\n<span style=\"color: #000000;\"><em>Dua t\u00eb takoj ty prind.\u201d-<\/em> shkruan Alimehmeti.<\/span><\/p>\n<p><span style=\"color: #000000;\">Kandidati p\u00ebr bashkin\u00eb ashtu ai u thot\u00eb qytetar\u00ebve mos t\u00eb presin nga ai t\u00eb organizoj\u00eb takime me regji, ku njer\u00ebzit e lavd\u00ebrojn\u00eb.<\/span><\/p>\n<p><strong><span style=\"color: #000000;\">POSTIMI I PLOT\u00cb<\/span><\/strong><\/p>\n<p><span style=\"color: #000000;\">Mos prit q\u00eb un\u00eb\u2026..<\/span><br \/>\n<span style=\"color: #000000;\">I gjendur zyrtarisht para nj\u00eb gare p\u00ebr primaret n\u00eb Partin\u00eb Demokratike si kandidat i mundsh\u00ebm i frontit opozitar n\u00eb zgjedhjet lokale, jam p\u00ebrballur shpesh me pyetjen;<\/span><br \/>\n<span style=\"color: #000000;\">\u00c7far\u00eb pritet nga ti?!<\/span><br \/>\n<span style=\"color: #000000;\">Kam vendosur t\u2019i p\u00ebrgjigjem t\u00eb kund\u00ebrt\u00ebs s\u00eb k\u00ebsaj pyetjeje:<\/span><br \/>\n<span style=\"color: #000000;\">\u201c\u00c7far\u00eb nuk pritet nga un\u00eb\u201d dhe p\u00ebr ty banor i Tiran\u00ebs kam k\u00ebt\u00eb p\u00ebrgjigje;<\/span><br \/>\n<span style=\"color: #000000;\">Mos prit q\u00eb un\u00eb t\u00eb konsultohem me nj\u00eb k\u00ebshilltar p\u00ebr ngjyr\u00ebn e xhaket\u00ebs sime apo t\u00eb k\u00ebpuc\u00ebve t\u00eb mia.<\/span><br \/>\n<span style=\"color: #000000;\">Besimi nuk fitohet me panair veshjesh, por me panair mendimesh.<\/span><br \/>\n<span style=\"color: #000000;\">Mos prit q\u00eb t\u00eb t\u00eb puth apo t\u00eb t\u00eb p\u00ebrqafoj teksa fotografohemi nga nj\u00eb fotograf profesionist,i pajtuar nga un\u00eb n\u00eb koh\u00eb fushate. Jo, as nuk do t\u00eb t\u00eb puth dhe as nuk do t\u00eb p\u00ebrfaqoj.<\/span><br \/>\n<span style=\"color: #000000;\">Do vij t\u00eb takohem me ty dhe jo t\u00eb fotografohem me ty.<\/span><br \/>\n<span style=\"color: #000000;\">Do vij t\u00eb flas me ty dhe jo t\u00eb fotografohem me ty.<\/span><br \/>\n<span style=\"color: #000000;\">Biseda nuk \u00ebsht\u00eb album fotografish, por album shqet\u00ebsimesh q\u00eb ti ke p\u00ebr qytetin.<\/span><br \/>\n<span style=\"color: #000000;\">Do t\u00eb jem d\u00ebgjuesi yt dhe jo p\u00ebrqafuesi apo puth\u00ebsi yt hipokrit.<\/span><br \/>\n<span style=\"color: #000000;\">Mos prit q\u00eb t\u00eb takoj f\u00ebmij\u00ebn t\u00ebnd dhe ta marr n\u00eb krah\u00eb dhe ta p\u00ebrdor p\u00ebr t\u00eb nd\u00ebrtuar sloganin -Do ta b\u00ebjm\u00eb p\u00ebr f\u00ebmij\u00ebt tan\u00eb-.<\/span><br \/>\n<span style=\"color: #000000;\">Jo nuk dua t\u00eb takoj f\u00ebmij\u00ebn t\u00ebnd.<\/span><br \/>\n<span style=\"color: #000000;\">Dua t\u00eb takoj ty prind.<\/span><br \/>\n<span style=\"color: #000000;\">N\u00eb radh\u00eb t\u00eb par\u00eb Tirana duhet sh\u00ebruar p\u00ebr prind\u00ebrit e pastaj p\u00ebr f\u00ebmij\u00ebt, pasi nj\u00eb prind i qet\u00eb mund\u00ebson nj\u00eb ambient t\u00eb qet\u00eb familjar.<\/span><br \/>\n<span style=\"color: #000000;\">Nj\u00eb prind n\u00eb ankth p\u00ebrcjell ve\u00e7 ankth.<\/span><br \/>\n<span style=\"color: #000000;\">Mos prit nga un\u00eb \u201d rast\u00ebsi\u201d t\u00eb stisura me regji q\u00ebndrore ku njer\u00ebzit m\u00eb thurin vargje dhe poezi.<\/span><br \/>\n<span style=\"color: #000000;\">D\u00ebshiroj q\u00eb njer\u00ebzit t\u00eb m\u00eb shohin si nj\u00eb individ q\u00eb e do qytetin e tij dhe ka vullnetin dhe energjin\u00eb p\u00ebr t\u00eb punuar p\u00ebr t\u00eb.<\/span><br \/>\n<span style=\"color: #000000;\">K\u00ebto jan\u00eb gj\u00ebrat thelb\u00ebsore t\u00eb cilat nuk duhet t\u2019i pres\u00ebsh nga un\u00eb.<\/span><br \/>\n<span style=\"color: #000000;\">Her\u00ebn tjet\u00ebr do t\u00eb p\u00ebrgjigjem p\u00ebr gj\u00ebrat q\u00eb mund t\u2019i pres\u00ebsh nga un\u00eb.<\/span><br \/>\n<span style=\"color: #000000;\">Sinqerisht yti<\/span><\/p>\n<p><span style=\"color: #000000;\">Ilir Alimehmeti<\/span><\/p>\n<p><a href=\"https:\/\/www.hashtag.al\/wp-content\/uploads\/2022\/11\/Ilir-alimehmeti.jpg\"><img loading=\"lazy\" decoding=\"async\" class=\"aligncenter size-full wp-image-559300\" src=\"https:\/\/www.hashtag.al\/wp-content\/uploads\/2022\/11\/Ilir-alimehmeti.jpg\" alt=\"\" width=\"946\" height=\"960\" srcset=\"https:\/\/www.hashtag.al\/wp-content\/uploads\/2022\/11\/Ilir-alimehmeti.jpg 946w, https:\/\/www.hashtag.al\/wp-content\/uploads\/2022\/11\/Ilir-alimehmeti-296x300.jpg 296w, https:\/\/www.hashtag.al\/wp-content\/uploads\/2022\/11\/Ilir-alimehmeti-768x779.jpg 768w, https:\/\/www.hashtag.al\/wp-content\/uploads\/2022\/11\/Ilir-alimehmeti-80x80.jpg 80w\" sizes=\"auto, (max-width: 946px) 100vw, 946px\" \/><\/a><\/p>\n","protected":false,"gt_translate_keys":[{"key":"rendered","format":"html"}]},"excerpt":{"rendered":"<p>Mjeku Ilir Alimehmeti i cili \u00ebsht\u00eb nj\u00eb nga kandidat\u00ebt p\u00ebr bashkin\u00eb e Tiran\u00ebs n\u00eb primaret q\u00eb po zhvillohen nga Partia Demokratike, ka treguar p\u00ebr qytetar\u00ebt disa gj\u00ebra q\u00eb nuk duhet t\u2019i presin nga ai, pasi nuk \u00ebsht\u00eb i gatsh\u00ebm t\u2019i b\u00ebj\u00eb. N\u00eb nj\u00eb postim n\u00eb rrjetet sociale, Alimehmeti u thot\u00eb banor\u00ebve t\u00eb Tiran\u00ebs t\u00eb mos [&hellip;]<\/p>\n","protected":false,"gt_translate_keys":[{"key":"rendered","format":"html"}]},"author":30,"featured_media":558874,"comment_status":"closed","ping_status":"closed","sticky":false,"template":"","format":"standard","meta":{"footnotes":""},"categories":[65,13],"tags":[],"class_list":["post-559298","post","type-post","status-publish","format-standard","has-post-thumbnail","hentry","category-lajme","category-te-fundit"],"gt_translate_keys":[{"key":"link","format":"url"}],"_links":{"self":[{"href":"https:\/\/www.hashtag.al\/index.php\/wp-json\/wp\/v2\/posts\/559298","targetHints":{"allow":["GET"]}}],"collection":[{"href":"https:\/\/www.hashtag.al\/index.php\/wp-json\/wp\/v2\/posts"}],"about":[{"href":"https:\/\/www.hashtag.al\/index.php\/wp-json\/wp\/v2\/types\/post"}],"author":[{"embeddable":true,"href":"https:\/\/www.hashtag.al\/index.php\/wp-json\/wp\/v2\/users\/30"}],"replies":[{"embeddable":true,"href":"https:\/\/www.hashtag.al\/index.php\/wp-json\/wp\/v2\/comments?post=559298"}],"version-history":[{"count":0,"href":"https:\/\/www.hashtag.al\/index.php\/wp-json\/wp\/v2\/posts\/559298\/revisions"}],"wp:featuredmedia":[{"embeddable":true,"href":"https:\/\/www.hashtag.al\/index.php\/wp-json\/wp\/v2\/media\/558874"}],"wp:attachment":[{"href":"https:\/\/www.hashtag.al\/index.php\/wp-json\/wp\/v2\/media?parent=559298"}],"wp:term":[{"taxonomy":"category","embeddable":true,"href":"https:\/\/www.hashtag.al\/index.php\/wp-json\/wp\/v2\/categories?post=559298"},{"taxonomy":"post_tag","embeddable":true,"href":"https:\/\/www.hashtag.al\/index.php\/wp-json\/wp\/v2\/tags?post=559298"}],"curies":[{"name":"wp","href":"https:\/\/api.w.org\/{rel}","templated":true}]}}